{"id":50560,"date":"2026-09-03T11:17:38","date_gmt":"2026-09-03T11:17:38","guid":{"rendered":"https:\/\/www.europesays.com\/afrika\/50560\/"},"modified":"2026-09-03T11:17:38","modified_gmt":"2026-09-03T11:17:38","slug":"erzbischof-lage-in-nigeria-ist-brutal-und-furchtbar-2","status":"publish","type":"post","link":"https:\/\/www.europesays.com\/afrika\/50560\/","title":{"rendered":"Erzbischof: Lage in Nigeria ist &#8222;brutal und furchtbar&#8220;"},"content":{"rendered":"<p>Als &#8222;brutal und furchtbar&#8220; hat der Erzbischof von Abuja, <a href=\"https:\/\/www.katholisch.de\/artikel\/65513-kirche-gegen-trumps-militaerschlag-drohung-in-nigeria\" rel=\"nofollow noopener\" target=\"_blank\">Ignatius Kaigama<\/a>, die Situation in seinem Heimatland Nigeria bezeichnet. &#8222;Wir sind alle m\u00fcde wegen dieser Situation, m\u00fcssen aber \u00fcber sie sprechen&#8220;, sagte Kaigama anl\u00e4sslich der Vorstellung einer &#8222;<a href=\"https:\/\/www.dbk-shop.de\/media\/files_public\/deb0ac3108aa011e44b354759e3fea17\/DBK_5347.pdf\" target=\"_blank\" rel=\"noopener noreferrer nofollow\">Arbeitshilfe Nigeria<\/a>&#8220; der Deutschen Bischofskonferenz (DBK) am Mittwoch. Seit Mitte November wurden in Nigeria weit mehr als 400 Menschen verschleppt. Unter den Betroffenen sind hunderte Grundschulkinder der katholischen Schule St. Mary in Papiri im Bundesstaat Niger. \u00dcberw\u00e4ltigt von der Situation sei auch Pr\u00e4sident Bola Tinubu, sagte Kaigama und berichtete \u00fcber ein Gespr\u00e4ch mit ihm. Mittlerweile rief Tinubu f\u00fcr das ganze Land den Sicherheitsnotstand aus.<\/p>\n<p>Den internationalen Blick auf die Lage hatte zuvor US-Pr\u00e4sident Donald Trump mit seiner Aussage gelenkt, milit\u00e4risch einzugreifen, falls die &#8222;T\u00f6tung von Christen&#8220; nicht aufh\u00f6re. &#8222;Wir waren erleichtert, als er das aussprach&#8220;, sagte Kaigama. Trump habe Autorit\u00e4t und &#8222;uns gezeigt, was falsch l\u00e4uft&#8220;. Aus Europa m\u00fcssten klare Statements folgen. Allerdings: Seit der Aussage Trumps h\u00e4tten Entf\u00fchrungen noch zugenommen. Kaigama kritisierte auch dessen Alleingang: Bomben und Waffen w\u00fcrden zudem die Probleme nicht l\u00f6sen, stattdessen m\u00fcsse man die Wurzeln erkennen.<\/p>\n<p>In Nigeria ist das ein komplexes Unterfangen: Das Land z\u00e4hlt mehr als 235 Millionen Einwohner und mehr als 250 Ethnien. Etwa die H\u00e4lfte der Bev\u00f6lkerung bekennt sich zum Christentum, die andere, \u00fcberwiegend im Norden lebende zum Islam. Religion ist ein wichtiger Identifikationsfaktor. Die Einnahmen aus den Rohstoffen\u00a0\u2013 Nigeria ist \u00d6lexporteur\u00a0\u2013 sowie der Zugang zu Infrastruktur sind extrem ungleich verteilt.<\/p>\n<p>Bischof Meier warnt\u00a0vor holzschnittartigen Bewertungen<\/p>\n<p>Der Vorsitzende der Kommission Weltkirche der Bischofskonferenz, der Augsburger Bischof Bertram Meier, warnte vor holzschnittartigen Bewertungen. Es brauche Differenziertheit in Bewertung und Vorgehensweise. Ob Taten religi\u00f6s motiviert oder ob andere Interessen im Spiel seien, lasse sich oft nur schwer beurteilen. &#8222;Denn ganz offenkundig greifen gerade in Nigeria, einem Land von vibrierender Religiosit\u00e4t, ethnische, politische, materielle und religi\u00f6se Faktoren allzu oft ineinander.&#8220; Man spreche oft von &#8222;religi\u00f6sen&#8220; Konflikten, auch wenn die prim\u00e4ren Ursachen anderer Natur seien. Er betonte auch: Der islamistische Terrorismus, der vor allem im Norden ein Problem sei, richte sich gegen Christen, aber auch gegen Muslime, die der extremistischen Auslegung des Korans nicht folgen wollten.<\/p>\n<p>Zum Schutz von Christen geh\u00f6ren nach Ansicht von Pfarrer Dirk Bingener, Pr\u00e4sident von missio Aachen, auch der interreligi\u00f6se Dialog sowie Friedens- und Vers\u00f6hnungsarbeit. Er verwies auf den Tr\u00e4ger des Aachener Friedenspreises 2021, das Women&#8217;s Interfaith Council in Kaduna. Christliche und muslimische Frauen organisierten darin gemeinsam Schulungen zur Konfliktl\u00f6sung und b\u00f6ten Gewaltopfern sichere Unterk\u00fcnfte sowie medizinische und psychosoziale Hilfe. Ein weiteres Beispiel sei das Projekt des Bischofs von Yola, Stephen Dami Mamza. F\u00fcr Binnenfl\u00fcchtlinge lie\u00df dieser eine Siedlung bauen\u00a0\u2013 mit einer Kapelle und einer Moschee, deren Bau das Bistum Yola selbst finanziert hat. Dieses Projekt sei ein beeindruckendes Zeichen f\u00fcr gelebte Religionsfreiheit und zeige, &#8222;dass diese essenziell f\u00fcr das friedliche Miteinander von Christen und Muslimen ist&#8220;. (KNA)<\/p>\n","protected":false},"excerpt":{"rendered":"Als &#8222;brutal und furchtbar&#8220; hat der Erzbischof von Abuja, Ignatius Kaigama, die Situation in seinem Heimatland Nigeria bezeichnet.&hellip;\n","protected":false},"author":2,"featured_media":50561,"comment_status":"","ping_status":"","sticky":false,"template":"","format":"standard","meta":{"footnotes":"","_share_on_mastodon":"0"},"categories":[8],"tags":[77],"class_list":["post-50560","post","type-post","status-publish","format-standard","has-post-thumbnail","category-nigeria","tag-nigeria"],"share_on_mastodon":{"url":"https:\/\/pubeurope.com\/@afrika\/117206833411717025","error":""},"_links":{"self":[{"href":"https:\/\/www.europesays.com\/afrika\/wp-json\/wp\/v2\/posts\/50560","targetHints":{"allow":["GET"]}}],"collection":[{"href":"https:\/\/www.europesays.com\/afrika\/wp-json\/wp\/v2\/posts"}],"about":[{"href":"https:\/\/www.europesays.com\/afrika\/wp-json\/wp\/v2\/types\/post"}],"author":[{"embeddable":true,"href":"https:\/\/www.europesays.com\/afrika\/wp-json\/wp\/v2\/users\/2"}],"replies":[{"embeddable":true,"href":"https:\/\/www.europesays.com\/afrika\/wp-json\/wp\/v2\/comments?post=50560"}],"version-history":[{"count":0,"href":"https:\/\/www.europesays.com\/afrika\/wp-json\/wp\/v2\/posts\/50560\/revisions"}],"wp:featuredmedia":[{"embeddable":true,"href":"https:\/\/www.europesays.com\/afrika\/wp-json\/wp\/v2\/media\/50561"}],"wp:attachment":[{"href":"https:\/\/www.europesays.com\/afrika\/wp-json\/wp\/v2\/media?parent=50560"}],"wp:term":[{"taxonomy":"category","embeddable":true,"href":"https:\/\/www.europesays.com\/afrika\/wp-json\/wp\/v2\/categories?post=50560"},{"taxonomy":"post_tag","embeddable":true,"href":"https:\/\/www.europesays.com\/afrika\/wp-json\/wp\/v2\/tags?post=50560"}],"curies":[{"name":"wp","href":"https:\/\/api.w.org\/{rel}","templated":true}]}}