{"id":50562,"date":"2026-09-03T11:18:11","date_gmt":"2026-09-03T11:18:11","guid":{"rendered":"https:\/\/www.europesays.com\/afrika\/50562\/"},"modified":"2026-09-03T11:18:11","modified_gmt":"2026-09-03T11:18:11","slug":"china-schlaegt-vier-punkte-hinsichtlich-der-sicherheitsstruktur-des-nahen-ostens-vor","status":"publish","type":"post","link":"https:\/\/www.europesays.com\/afrika\/50562\/","title":{"rendered":"China schl\u00e4gt vier Punkte hinsichtlich der Sicherheitsstruktur des Nahen Ostens vor."},"content":{"rendered":"<p>Laut dem Korrespondenten der Vietnam News Agency in Kairo legte <a class=\"data-link\" data-org-href=\"https:\/\/www.vietnam.vn\/de\/tag\/trung-quoc\" href=\"https:\/\/www.vietnam.vn\/de\/tag\/trung-quoc\" title=\"China\" target=\"_blank\" rel=\"nofollow noopener\">der chinesische<\/a> Pr\u00e4sident Xi Jinping w\u00e4hrend seines Staatsbesuchs in \u00c4gypten am 2. September einen Vier-Punkte-Vorschlag zum Aufbau einer neuen Sicherheitsstruktur im Nahen Osten vor, der unter anderem die Nutzung interner Dynamiken, die F\u00f6rderung eines ganzheitlichen Ansatzes, die Konsolidierung der Grundlagen f\u00fcr die Entwicklung und die St\u00e4rkung der internationalen Koordination umfasst.<\/p>\n<p> Der Vorschlag wurde in der gemeinsamen Erkl\u00e4rung Chinas und \u00c4gyptens zur weiteren St\u00e4rkung der umfassenden strategischen Partnerschaft unterbreitet.<\/p>\n<p> Beide Seiten betonten, dass die Pal\u00e4stinafrage von zentraler Bedeutung f\u00fcr den Nahen Osten sei, und forderten die sofortige Festigung des Waffenstillstands im Gazastreifen, die Gew\u00e4hrleistung des uneingeschr\u00e4nkten humanit\u00e4ren Zugangs und die baldige R\u00fcckkehr der Pal\u00e4stinensischen Autonomiebeh\u00f6rde zur Verwaltung des Gazastreifens.<\/p>\n<p> Beide L\u00e4nder lehnen auch jegliche Pl\u00e4ne ab, Pal\u00e4stinenser unter irgendeinem Vorwand oder irgendeiner Rechtfertigung von ihrem Land zu vertreiben.<\/p>\n<p> Bez\u00fcglich Sudan forderten China und \u00c4gypten die Achtung der Souver\u00e4nit\u00e4t und territorialen Integrit\u00e4t des Landes und sagten ihre Zusammenarbeit zur Beendigung des Konflikts und zur F\u00f6rderung eines von Sudanesen gef\u00fchrten <a class=\"data-link\" data-org-href=\"https:\/\/www.vietnam.vn\/de\/category\/chinh-tri\" href=\"https:\/\/www.vietnam.vn\/de\/category\/chinh-tri\" title=\"Politik\" target=\"_blank\" rel=\"nofollow noopener\">politischen<\/a> Prozesses zu.<\/p>\n<p> Bez\u00fcglich des Roten Meeres waren sich beide Seiten einig, dass die Gew\u00e4hrleistung der Sicherheit und die Kontrolle dieser Seeroute in erster Linie in der Verantwortung der K\u00fcstenstaaten liegt.<\/p>\n<p> Im Rahmen des Besuchs unterzeichneten China und \u00c4gypten f\u00fcnf offizielle Abkommen und mehr als 20 Kooperationsdokumente in den Bereichen <a class=\"data-link\" data-org-href=\"https:\/\/www.vietnam.vn\/de\/category\/kinh-te\" href=\"https:\/\/www.vietnam.vn\/de\/category\/kinh-te\" title=\"Wirtschaft\" target=\"_blank\" rel=\"nofollow noopener\">Wirtschaft<\/a> und Technologie, Industrie, Lieferketten, Informationstechnologie, Finanzen, Telekommunikation, Medien und Technologietransfer.<\/p>\n<p> Beide Seiten warben au\u00dferdem f\u00fcr die Zusammenarbeit bei der Entwicklung der Wirtschaftszone des Suezkanals und planen, die Kooperation in den Bereichen Elektrofahrzeuge, Schiffbau, erneuerbare Energien, Meerwasserentsalzung, Halbleiter, Cloud Computing, Rechenzentren, kritische Mineralien, Fernerkundung und k\u00fcnstliche Intelligenz (KI) auszuweiten. <\/p>\n<p> Pr\u00e4sident Xi Jinping und der \u00e4gyptische Pr\u00e4sident Abdel Fattah El-Sisi vereinbarten, die Zusammenarbeit in den Bereichen Tourismus und Hochschulaustausch auszuweiten sowie den Zugang \u00e4gyptischer Waren zum chinesischen Markt zu verbessern.<\/p>\n<p> Dies ist der erste Besuch von Pr\u00e4sident Xi Jinping in \u00c4gypten seit Januar 2016, als er im Hauptquartier der Arabischen Liga in Kairo eine Rede hielt. Der Besuch f\u00e4llt mit dem 70. Jahrestag der Aufnahme diplomatischer Beziehungen zwischen den beiden L\u00e4ndern zusammen. <\/p>\n<p>\u200b<\/p>\n<p class=\"mb-0\"> Quelle: https:\/\/www.vietnamplus.vn\/trung-quoc-de-xuat-4-diem-ve-cau-truc-an-ninh-trung-dong-post1134043.vnp<\/p>\n","protected":false},"excerpt":{"rendered":"Laut dem Korrespondenten der Vietnam News Agency in Kairo legte der chinesische Pr\u00e4sident Xi Jinping w\u00e4hrend seines Staatsbesuchs&hellip;\n","protected":false},"author":2,"featured_media":50563,"comment_status":"","ping_status":"","sticky":false,"template":"","format":"standard","meta":{"footnotes":"","_share_on_mastodon":"0"},"categories":[7],"tags":[54,493,55,1648,2586,1096,4957,9077],"class_list":["post-50562","post","type-post","status-publish","format-standard","has-post-thumbnail","category-aegypten","tag-aegypten","tag-china","tag-egypt","tag-konflikt","tag-naher-osten","tag-sicherheit","tag-xi-jinping","tag-zusammenarbeiten"],"share_on_mastodon":{"url":"https:\/\/pubeurope.com\/@afrika\/117206837579076291","error":""},"_links":{"self":[{"href":"https:\/\/www.europesays.com\/afrika\/wp-json\/wp\/v2\/posts\/50562","targetHints":{"allow":["GET"]}}],"collection":[{"href":"https:\/\/www.europesays.com\/afrika\/wp-json\/wp\/v2\/posts"}],"about":[{"href":"https:\/\/www.europesays.com\/afrika\/wp-json\/wp\/v2\/types\/post"}],"author":[{"embeddable":true,"href":"https:\/\/www.europesays.com\/afrika\/wp-json\/wp\/v2\/users\/2"}],"replies":[{"embeddable":true,"href":"https:\/\/www.europesays.com\/afrika\/wp-json\/wp\/v2\/comments?post=50562"}],"version-history":[{"count":0,"href":"https:\/\/www.europesays.com\/afrika\/wp-json\/wp\/v2\/posts\/50562\/revisions"}],"wp:featuredmedia":[{"embeddable":true,"href":"https:\/\/www.europesays.com\/afrika\/wp-json\/wp\/v2\/media\/50563"}],"wp:attachment":[{"href":"https:\/\/www.europesays.com\/afrika\/wp-json\/wp\/v2\/media?parent=50562"}],"wp:term":[{"taxonomy":"category","embeddable":true,"href":"https:\/\/www.europesays.com\/afrika\/wp-json\/wp\/v2\/categories?post=50562"},{"taxonomy":"post_tag","embeddable":true,"href":"https:\/\/www.europesays.com\/afrika\/wp-json\/wp\/v2\/tags?post=50562"}],"curies":[{"name":"wp","href":"https:\/\/api.w.org\/{rel}","templated":true}]}}