{"id":50583,"date":"2026-09-03T12:09:53","date_gmt":"2026-09-03T12:09:53","guid":{"rendered":"https:\/\/www.europesays.com\/afrika\/50583\/"},"modified":"2026-09-03T12:09:53","modified_gmt":"2026-09-03T12:09:53","slug":"fussball-emotionaler-moment-suedafrika-feiert-historischen-wm-erfolg-3","status":"publish","type":"post","link":"https:\/\/www.europesays.com\/afrika\/50583\/","title":{"rendered":"Fu\u00dfball: Emotionaler Moment: S\u00fcdafrika feiert historischen WM-Erfolg"},"content":{"rendered":"<p class=\"tspBOmb tspBOmc\">Trainer Hugo Broos sank \u00fcberw\u00e4ltigt auf die Knie, seine Sch\u00fctzlinge tanzten auf dem Rasen ausgelassen eine Polonaise. Nach dem historischen Einzug in die K.-o.-Phase der WM gab es bei S\u00fcdafrikas Fu\u00dfballern kein Halten mehr.\u00a0<\/p>\n<p class=\"tspBOmb\">\u201eEs ist unglaublich. Ich komme mir vor, als w\u00fcrde ich tr\u00e4umen. Diese Geschichte werde ich sp\u00e4ter meinen Kindern erz\u00e4hlen\u201c, schilderte Siegtorsch\u00fctze Thapelo Maseko nach dem 1:0 (0:0) gegen S\u00fcdkorea seine Gef\u00fchle.\u00a0<\/p>\n<p class=\"tspBOmb\">Dank des Erfolges \u00fcberstand die Bafana Bafana bei der vierten WM-Teilnahme als Zweiter der Gruppe A erstmals die Vorrunde und fordert nun im Sechzehntelfinale am Sonntag in Inglewood bei Los Angeles Co-Gastgeber Kanada. \u201eDas ist ein sehr emotionaler Moment. Ich habe immer an diese Mannschaft geglaubt. Selbst in den vergangenen Wochen, als die Kritik sehr, sehr hart war\u201c, sagte Trainer Broos.\u00a0<\/p>\n<p> Gr\u00f6\u00dfter Erfolg f\u00fcr Bafana Bafana\u00a0 <\/p>\n<p class=\"tspBOmb\">F\u00fcr den 74 Jahre alten Belgier ging mit dem Weiterkommen auch ein gro\u00dfer pers\u00f6nlicher Wunsch in Erf\u00fcllung. \u201eDas ist auf jeden Fall meine letzte Weltmeisterschaft, denn bei der n\u00e4chsten Endrunde bin ich 78. Und ich glaube nicht, dass man in diesem Alter noch auf der Bank sitzen sollte &#8211; das ist nicht gut f\u00fcr die Gesundheit. Deshalb wollte ich hier einen sch\u00f6nen Abschluss haben\u201c, sagte Broos.\u00a0<\/p>\n<p class=\"tspBOmb\">Der erfahrene Trainer hat seit seiner Amts\u00fcbernahme im Jahr 2021 ein Team geformt, das im entscheidenden Duell mit S\u00fcdkorea vor 51.243 Zuschauern in Monterrey \u00fcber sich hinauswuchs und nationale Fu\u00dfball-Geschichte schrieb. \u201eIch bin stolz auf die Jungs. Man darf nicht vergessen, dass wir diese Reise vor f\u00fcnf Jahren begonnen haben und es in Afrika viel Kritik gab. Man hat dort nicht verstanden, was ich vorhatte\u201c, sagte Broos im R\u00fcckblick.<\/p>\n<p class=\"tspBOmb\">Einen verbalen Seitenhieb konnte und wollte er sich Moment des gr\u00f6\u00dften Triumphes f\u00fcr S\u00fcdafrika daher nicht verkneifen. \u201eIch denke, wir haben all den Gro\u00dfm\u00e4ulern der letzten Wochen eine Antwort gegeben, die dachten, wir m\u00fcssten etwas \u00e4ndern\u201c, rief Broos den Kritikern zu.\u00a0<\/p>\n<p> Trainer lobt die Spieler <\/p>\n<p class=\"tspBOmb\">Voll des Lobes war er dagegen \u00fcber sein Team. Die Zusammenarbeit mit den Spielern sei f\u00fcr ihn \u201evielleicht etwas Einzigartiges. Ich bin zwar der Trainer, aber eigentlich auch nicht. Ich sehe mich eher als ihren Freund. Es ist eine fantastische Beziehung\u201c, schilderte Broos das Verh\u00e4ltnis und stellte fest: \u201eIch denke, was wir bisher geleistet haben, ist schon ein kleines Wunder.\u201c<\/p>\n<p class=\"tspBOmb\">W\u00e4hrend die favorisierten S\u00fcdkoreaner als Gruppendritter mit drei Punkten auf der Couch um das Weiterkommen zittern m\u00fcssen, planen die S\u00fcdafrikaner schon ihren n\u00e4chsten Coup. \u201eJetzt wollen wir mehr\u201c, verk\u00fcndete Broos vor dem Duell mit Kanada und versprach den Fans: \u201eIhr werdet wieder eine Mannschaft sehen, die an sich glaubt, eine Mannschaft, die 90 Minuten lang k\u00e4mpft und sogar noch l\u00e4nger, wenn es sein muss.\u201c\u00a0<\/p>\n<p> S\u00fcdafrika belohnt sich f\u00fcr Flei\u00df <\/p>\n<p class=\"tspBOmb\">Das war gegen S\u00fcdkorea der Schl\u00fcssel zum Erfolg. Der Au\u00dfenseiter war aktiver, spielte mit mehr Mut und \u00dcberzeugung. \u201eDie Jungs haben hart gearbeitet und um jeden Ball gek\u00e4mpft\u201c, lobte Broos. Und sie schlugen eiskalt zu, als sich nach gut einer Stunde die Chance dazu bot.\u00a0<\/p>\n<p class=\"tspBOmb\">Der kurz zuvor eingewechselte Tshepang Moremi flankte von der linken Seite flach in den Strafraum, wo Maseko mit einem satten Flachschuss durch die Beine des M\u00f6nchengladbachers Jens Castrop vollendete. Seung-gyo Kim im Tor der S\u00fcdkoreaner war machtlos. Danach wurde 30 Minuten gezittert, ehe mit dem Abpfiff die gro\u00dfe Party startete. \u201eEs ist wirklich erstaunlich, was hier passiert ist\u201c, stellte Broos zum Abschied fest.<\/p>\n<p class=\"tspBOmb\">\u00a9 dpa-infocom, dpa:260625-930-278818\/2<\/p>\n<p class=\"tspBOmb\">Das ist eine Nachricht direkt aus dem dpa-Newskanal.<\/p>\n","protected":false},"excerpt":{"rendered":"Trainer Hugo Broos sank \u00fcberw\u00e4ltigt auf die Knie, seine Sch\u00fctzlinge tanzten auf dem Rasen ausgelassen eine Polonaise. Nach&hellip;\n","protected":false},"author":2,"featured_media":50584,"comment_status":"","ping_status":"","sticky":false,"template":"","format":"standard","meta":{"footnotes":"","_share_on_mastodon":"0"},"categories":[6],"tags":[44,43],"class_list":["post-50583","post","type-post","status-publish","format-standard","has-post-thumbnail","category-suedafrika","tag-south-africa","tag-suedafrika"],"share_on_mastodon":{"url":"https:\/\/pubeurope.com\/@afrika\/117207041489757460","error":""},"_links":{"self":[{"href":"https:\/\/www.europesays.com\/afrika\/wp-json\/wp\/v2\/posts\/50583","targetHints":{"allow":["GET"]}}],"collection":[{"href":"https:\/\/www.europesays.com\/afrika\/wp-json\/wp\/v2\/posts"}],"about":[{"href":"https:\/\/www.europesays.com\/afrika\/wp-json\/wp\/v2\/types\/post"}],"author":[{"embeddable":true,"href":"https:\/\/www.europesays.com\/afrika\/wp-json\/wp\/v2\/users\/2"}],"replies":[{"embeddable":true,"href":"https:\/\/www.europesays.com\/afrika\/wp-json\/wp\/v2\/comments?post=50583"}],"version-history":[{"count":0,"href":"https:\/\/www.europesays.com\/afrika\/wp-json\/wp\/v2\/posts\/50583\/revisions"}],"wp:featuredmedia":[{"embeddable":true,"href":"https:\/\/www.europesays.com\/afrika\/wp-json\/wp\/v2\/media\/50584"}],"wp:attachment":[{"href":"https:\/\/www.europesays.com\/afrika\/wp-json\/wp\/v2\/media?parent=50583"}],"wp:term":[{"taxonomy":"category","embeddable":true,"href":"https:\/\/www.europesays.com\/afrika\/wp-json\/wp\/v2\/categories?post=50583"},{"taxonomy":"post_tag","embeddable":true,"href":"https:\/\/www.europesays.com\/afrika\/wp-json\/wp\/v2\/tags?post=50583"}],"curies":[{"name":"wp","href":"https:\/\/api.w.org\/{rel}","templated":true}]}}