{"id":50603,"date":"2026-09-03T12:55:08","date_gmt":"2026-09-03T12:55:08","guid":{"rendered":"https:\/\/www.europesays.com\/afrika\/50603\/"},"modified":"2026-09-03T12:55:08","modified_gmt":"2026-09-03T12:55:08","slug":"zusammenarbeit-ueber-staatsbesuche-hinaus-nairobi-und-pretoria-suchen-wirtschaftliche-substanz","status":"publish","type":"post","link":"https:\/\/www.europesays.com\/afrika\/50603\/","title":{"rendered":"Zusammenarbeit \u00dcber Staatsbesuche hinaus: Nairobi und Pretoria suchen wirtschaftliche Substanz"},"content":{"rendered":"<p>Wenn zwei der gr\u00f6\u00dften Volkswirtschaften Afrikas aufeinandertreffen, l\u00e4sst sich der Ton eines Besuchs schnell am Inhalt der Gespr\u00e4che ablesen. Als Kenias Pr\u00e4sident William Ruto vom 3. bis 5. Juni 2026 S\u00fcdafrika besuchte, dauerte es nicht lange, bis die Diplomatie hinter sich lie\u00df, was Staatsbesuche oft dominiert: Zeremonien, Fotos, wohlklingende Kommuniqu\u00e9s. Was folgte, war eine n\u00fcchterne Bestandsaufnahme zweier L\u00e4nder, die mehr voneinander wollen \u2014 und wissen, dass der Weg dorthin steinig ist.<\/p>\n<p>In Pretoria empfing Pr\u00e4sident Cyril Ramaphosa seinen Gast zu bilateralen Gespr\u00e4chen, bevor beide beim Kenia-S\u00fcdafrika-Wirtschaftsforum gemeinsam vor Unternehmern auftraten. Die Botschaft war eindeutig: Dieser Besuch sollte nicht im Schaufenster der Au\u00dfenpolitik enden.<\/p>\n<p>Handel: Wachstum ja \u2014 aber mit Bremsen<\/p>\n<p>Kenia ist S\u00fcdafrikas gr\u00f6\u00dfter Handelspartner in Ostafrika. S\u00fcdafrikanische Unternehmen sind in Nairobi und dar\u00fcber hinaus fest verwurzelt \u2014 in der Finanzbranche, im Einzelhandel, in der Infrastruktur, der Pharmaindustrie und zunehmend im Bereich erneuerbare Energien. Dass inzwischen auch kenianische Firmen in S\u00fcdafrika Fu\u00df fassen, zeigt: Die Stra\u00dfe ist keine Einbahnstra\u00dfe mehr.<\/p>\n<p>Die Zahlen entwickeln sich positiv. Ruto nannte ein bilaterales Handelsvolumen von rund 590 Millionen US-Dollar im Jahr 2024, das 2025 auf etwa 650 Millionen US-Dollar gestiegen sei. Doch beide Staatschefs hielten mit der Einsch\u00e4tzung nicht hinter dem Berg, dass dieses Wachstum weit hinter dem zur\u00fcckbleibt, was m\u00f6glich w\u00e4re. Z\u00f6lle, nichttarif\u00e4re Handelshemmnisse und regulatorische Unterschiede bremsen das Potenzial beider Volkswirtschaften \u2014 ein Problem, das sich in Absichtserkl\u00e4rungen nicht aufl\u00f6st.<\/p>\n<p>AfCFTA: Vom Rahmen zur Realit\u00e4t<\/p>\n<p>Einen besonderen Stellenwert nahm die Afrikanische Kontinentale Freihandelszone (AfCFTA) ein. Ramaphosa bezeichnete sie als entscheidendes Werkzeug zur Industrialisierung des Kontinents \u2014 und verwies auf ein konkretes Signal: die erste Lieferung s\u00fcdafrikanischer Exportg\u00fcter nach Kenia unter den neuen AfCFTA-Pr\u00e4ferenzen. Ein erster Schritt, mehr nicht, aber ein symbolisch aufgeladener.<\/p>\n<p>Beide Pr\u00e4sidenten betonten, die AfCFTA sei mehr als ein politischer Rahmen. Ihr eigentliches Versprechen liege darin, Handelskosten zu senken, M\u00e4rkte zu \u00f6ffnen und Chancen zu schaffen \u2014 f\u00fcr Unternehmer, f\u00fcr Frauen, f\u00fcr junge Afrikaner. Ob dieses Versprechen eingel\u00f6st wird, h\u00e4ngt von der Umsetzung ab, nicht von den Gipfeln.<\/p>\n<p>Mobilit\u00e4t als Handelsinfrastruktur<\/p>\n<p>Wenig beachtet, aber folgenreich: die 2023 eingef\u00fchrte gegenseitige Visumbefreiung. Ruto verwies auf messbare Effekte \u2014 mehr Reisen, mehr Tourismus, mehr gesch\u00e4ftliche Kontakte. Amtliche Daten, die w\u00e4hrend des Besuchs vorgelegt wurden, best\u00e4tigen einen Anstieg kenianischer Einreisen nach S\u00fcdafrika. Pers\u00f6nliche Mobilit\u00e4t als handelspolitisches Instrument \u2014 Pretoria und Nairobi scheinen das verstanden zu haben.<\/p>\n<p>Geopolitik: Afrika sucht seine Stimme<\/p>\n<p>Der Besuch fand vor dem Hintergrund einer sich ver\u00e4ndernden Weltordnung statt. Ruto sprach offen \u00fcber wachsende Unsicherheit in multilateralen Institutionen und die Notwendigkeit st\u00e4rkerer afrikanischer Koordinierung. Beide Staatschefs bekr\u00e4ftigten ihr Engagement f\u00fcr eine Reform der globalen Finanzarchitektur \u2014 eine Forderung, die auf dem Kontinent seit Jahren erhoben wird, aber selten mit konkreten Hebeln verbunden ist.<\/p>\n<p>Demokratische Regierungsf\u00fchrung und Rechtsstaatlichkeit nannten beide als gemeinsame Leitprinzipien. Ramaphosa erinnerte daran, dass S\u00fcdafrikas demokratischer Wandel von 1994 \u2014 von Ruto als Beispiel f\u00fcr verfassungsrechtliche Widerstandsf\u00e4higkeit gew\u00fcrdigt \u2014 die Grundlage der heutigen Partnerschaft gelegt habe.<\/p>\n<p>Der eigentliche Ma\u00dfstab<\/p>\n<p>Ruto formulierte am Ende, woran dieser Besuch gemessen werden sollte: nicht an Erkl\u00e4rungen, sondern an Ergebnissen. Besserer Marktzugang, mehr M\u00f6glichkeiten f\u00fcr Unternehmer, st\u00e4rkere Beteiligung junger Menschen am grenz\u00fcberschreitenden Wirtschaftsleben \u2014 das sind die Kriterien, die z\u00e4hlen. Ramaphosa schloss sich an: Politischer guter Wille m\u00fcsse sich in konkreten Handels- und Investitionsstr\u00f6men niederschlagen.<\/p>\n<p>Dass beide das so explizit sagten, ist kein Zufall. Es ist eine Selbstverpflichtung \u2014 und eine Einladung, sie beim n\u00e4chsten Treffen an eben diesen Kriterien zu messen.<\/p>\n","protected":false},"excerpt":{"rendered":"Wenn zwei der gr\u00f6\u00dften Volkswirtschaften Afrikas aufeinandertreffen, l\u00e4sst sich der Ton eines Besuchs schnell am Inhalt der Gespr\u00e4che&hellip;\n","protected":false},"author":2,"featured_media":50604,"comment_status":"","ping_status":"","sticky":false,"template":"","format":"standard","meta":{"footnotes":"","_share_on_mastodon":"0"},"categories":[6],"tags":[44,43],"class_list":["post-50603","post","type-post","status-publish","format-standard","has-post-thumbnail","category-suedafrika","tag-south-africa","tag-suedafrika"],"share_on_mastodon":{"url":"https:\/\/pubeurope.com\/@afrika\/117207218495531403","error":""},"_links":{"self":[{"href":"https:\/\/www.europesays.com\/afrika\/wp-json\/wp\/v2\/posts\/50603","targetHints":{"allow":["GET"]}}],"collection":[{"href":"https:\/\/www.europesays.com\/afrika\/wp-json\/wp\/v2\/posts"}],"about":[{"href":"https:\/\/www.europesays.com\/afrika\/wp-json\/wp\/v2\/types\/post"}],"author":[{"embeddable":true,"href":"https:\/\/www.europesays.com\/afrika\/wp-json\/wp\/v2\/users\/2"}],"replies":[{"embeddable":true,"href":"https:\/\/www.europesays.com\/afrika\/wp-json\/wp\/v2\/comments?post=50603"}],"version-history":[{"count":0,"href":"https:\/\/www.europesays.com\/afrika\/wp-json\/wp\/v2\/posts\/50603\/revisions"}],"wp:featuredmedia":[{"embeddable":true,"href":"https:\/\/www.europesays.com\/afrika\/wp-json\/wp\/v2\/media\/50604"}],"wp:attachment":[{"href":"https:\/\/www.europesays.com\/afrika\/wp-json\/wp\/v2\/media?parent=50603"}],"wp:term":[{"taxonomy":"category","embeddable":true,"href":"https:\/\/www.europesays.com\/afrika\/wp-json\/wp\/v2\/categories?post=50603"},{"taxonomy":"post_tag","embeddable":true,"href":"https:\/\/www.europesays.com\/afrika\/wp-json\/wp\/v2\/tags?post=50603"}],"curies":[{"name":"wp","href":"https:\/\/api.w.org\/{rel}","templated":true}]}}