{"id":50605,"date":"2026-09-03T13:33:00","date_gmt":"2026-09-03T13:33:00","guid":{"rendered":"https:\/\/www.europesays.com\/afrika\/50605\/"},"modified":"2026-09-03T13:33:00","modified_gmt":"2026-09-03T13:33:00","slug":"afrika-cup-das-finale-public-viewing","status":"publish","type":"post","link":"https:\/\/www.europesays.com\/afrika\/50605\/","title":{"rendered":"Afrika-Cup &#8211; das Finale | Public Viewing"},"content":{"rendered":"<p>Public Viewing und Come Together<br \/>\nTermin: 18. J\u00e4nner 2026, 19:00 Uhr<br \/>Ort: Afro-Asiatisches Institut, Imaculada, Wiener-Philharmoniker-Gasse 2, 5020 Salzburg<br \/>Eintritt: frei<\/p>\n<p class=\"wp-block-paragraph\">Fu\u00dfball verbindet \u2013 Menschen, Kulturen, Herzen. Erleben Sie das Finale des Africa Cup of Nations live in einem interkulturellen Umfeld.<\/p>\n<p class=\"wp-block-paragraph\">K\u00f6nnen die Kicker der C\u00f4te d\u2019Ivoire den Titel aus 2024 verteidigen? Oder holt die Heimmannschaft Marokko den begehrten Pokal? Oder sorgt gar ein krasser Au\u00dfenseiter wie Simbabwe oder Botswana f\u00fcr eine \u00dcberraschung?<\/p>\n<p class=\"wp-block-paragraph\">Der 35. Africa Cup findet vom 21. Dezember 2025 bis 18. Januar 2026 in Marokko statt. Das Land wird damit nach 1988 das zweite Mal Gastgeber des Turniers sein. Insgesamt werden von den 24 teilnehmenden Nationen 52 Spiele ausgetragen.<\/p>\n<p class=\"wp-block-paragraph\">Das Finale wird am 18. J\u00e4nner 2026 im neu errichteten Stade Moulay Abdallah in Rabat ausgetragen. Anpfiff: 20:00 Uhr<\/p>\n<p>Teilnehmende Nationalteams<\/p>\n<p class=\"wp-block-paragraph\">Eine Veranstaltung von Welthaus Graz in Kooperation mit afrika.info, Afrika Plattform Salzburg, Afro-Asiatisches Institut Graz, Afro-Asiatisches Institut Salzburg, Katholische Hochschuljugend, Katholische Hochschulgemeinde und Fachbereich Weltkirche<\/p>\n","protected":false},"excerpt":{"rendered":"Public Viewing und Come Together Termin: 18. J\u00e4nner 2026, 19:00 UhrOrt: Afro-Asiatisches Institut, Imaculada, Wiener-Philharmoniker-Gasse 2, 5020 SalzburgEintritt:&hellip;\n","protected":false},"author":2,"featured_media":50606,"comment_status":"","ping_status":"","sticky":false,"template":"","format":"standard","meta":{"footnotes":"","_share_on_mastodon":"0"},"categories":[14],"tags":[125,124,126],"class_list":["post-50605","post","type-post","status-publish","format-standard","has-post-thumbnail","category-elfenbeinkueste","tag-cote-divoire","tag-elfenbeinkueste","tag-ivory-coast"],"share_on_mastodon":{"url":"https:\/\/pubeurope.com\/@afrika\/117207367959699921","error":""},"_links":{"self":[{"href":"https:\/\/www.europesays.com\/afrika\/wp-json\/wp\/v2\/posts\/50605","targetHints":{"allow":["GET"]}}],"collection":[{"href":"https:\/\/www.europesays.com\/afrika\/wp-json\/wp\/v2\/posts"}],"about":[{"href":"https:\/\/www.europesays.com\/afrika\/wp-json\/wp\/v2\/types\/post"}],"author":[{"embeddable":true,"href":"https:\/\/www.europesays.com\/afrika\/wp-json\/wp\/v2\/users\/2"}],"replies":[{"embeddable":true,"href":"https:\/\/www.europesays.com\/afrika\/wp-json\/wp\/v2\/comments?post=50605"}],"version-history":[{"count":0,"href":"https:\/\/www.europesays.com\/afrika\/wp-json\/wp\/v2\/posts\/50605\/revisions"}],"wp:featuredmedia":[{"embeddable":true,"href":"https:\/\/www.europesays.com\/afrika\/wp-json\/wp\/v2\/media\/50606"}],"wp:attachment":[{"href":"https:\/\/www.europesays.com\/afrika\/wp-json\/wp\/v2\/media?parent=50605"}],"wp:term":[{"taxonomy":"category","embeddable":true,"href":"https:\/\/www.europesays.com\/afrika\/wp-json\/wp\/v2\/categories?post=50605"},{"taxonomy":"post_tag","embeddable":true,"href":"https:\/\/www.europesays.com\/afrika\/wp-json\/wp\/v2\/tags?post=50605"}],"curies":[{"name":"wp","href":"https:\/\/api.w.org\/{rel}","templated":true}]}}