{"id":50612,"date":"2026-09-03T14:15:12","date_gmt":"2026-09-03T14:15:12","guid":{"rendered":"https:\/\/www.europesays.com\/afrika\/50612\/"},"modified":"2026-09-03T14:15:12","modified_gmt":"2026-09-03T14:15:12","slug":"kehrtwende-in-ghana-queiroz-nun-doch-wieder-nationalcoach-2","status":"publish","type":"post","link":"https:\/\/www.europesays.com\/afrika\/50612\/","title":{"rendered":"Kehrtwende in Ghana: Queiroz nun doch wieder Nationalcoach"},"content":{"rendered":"<p id=\"absatz1\" class=\"em_text\">Carlos Queiroz hat es sich noch mal anders \u00fcberlegt. Nachdem er sein Ende als Fu\u00dfball-Nationaltrainer Ghanas nach dem WM-Aus im Sechzehntelfinale gegen Kolumbien erkl\u00e4rt hatte, verk\u00fcndete der Verband nun die R\u00fcckkehr des 73 Jahre alten Portugiesen.<\/p>\n<p id=\"absatz2\" class=\"em_text\">\u201eDer ghanaische Fu\u00dfballverband freut sich bekannt zu geben, dass er mit Carlos Queiroz eine Einigung \u00fcber dessen Ernennung zum Cheftrainer der &#8218;Black Stars&#8216; f\u00fcr die n\u00e4chste Phase (&#8230;.) erzielt hat\u201d, hie\u00df es in einer Mitteilung. \u00dcber die Laufzeit des neuen Vertrages machte der Verband keine Angaben. Der n\u00e4chste Afrika-Cup steht in knapp einem Jahr an.<\/p>\n<p>Kritik am Verband nach WM-Aus<\/p>\n<p id=\"absatz4\" class=\"em_text\">Queiroz hatte den Posten erst im April nach einer Testspiel-Niederlage in Deutschland von Otto Addo \u00fcbernommen. Das XXL-Turnier in den USA, Kanada und Mexiko war seine f\u00fcnfte WM als Coach in Serie.<\/p>\n<p id=\"absatz5\" class=\"em_text\">Er hatte bei seinem vermeintlichen Abschied den Verband kritisiert und gesagt: \u201eDie Zukunft der Black Stars wird nicht allein auf dem Platz gebaut, der Erfolg der Black Stars muss au\u00dferhalb des Platzes beginnen, indem man die bestm\u00f6glichen Bedingungen schafft, um das au\u00dfergew\u00f6hnliche Fu\u00dfball-Talent Ghanas vorzubereiten, zu sch\u00fctzen und zu entwickeln.\u201d <\/p>\n","protected":false},"excerpt":{"rendered":"Carlos Queiroz hat es sich noch mal anders \u00fcberlegt. Nachdem er sein Ende als Fu\u00dfball-Nationaltrainer Ghanas nach dem&hellip;\n","protected":false},"author":2,"featured_media":50613,"comment_status":"","ping_status":"","sticky":false,"template":"","format":"standard","meta":{"footnotes":"","_share_on_mastodon":"0"},"categories":[13],"tags":[9751,152,151,19354,4598,19233],"class_list":["post-50612","post","type-post","status-publish","format-standard","has-post-thumbnail","category-ghana","tag-carlos-queiroz","tag-fussball","tag-ghana","tag-kehrtwende","tag-kolumbien","tag-meta_dpa_sportsline_fussball_auslandsfussball_news"],"share_on_mastodon":{"url":"https:\/\/pubeurope.com\/@afrika\/117207533230967598","error":""},"_links":{"self":[{"href":"https:\/\/www.europesays.com\/afrika\/wp-json\/wp\/v2\/posts\/50612","targetHints":{"allow":["GET"]}}],"collection":[{"href":"https:\/\/www.europesays.com\/afrika\/wp-json\/wp\/v2\/posts"}],"about":[{"href":"https:\/\/www.europesays.com\/afrika\/wp-json\/wp\/v2\/types\/post"}],"author":[{"embeddable":true,"href":"https:\/\/www.europesays.com\/afrika\/wp-json\/wp\/v2\/users\/2"}],"replies":[{"embeddable":true,"href":"https:\/\/www.europesays.com\/afrika\/wp-json\/wp\/v2\/comments?post=50612"}],"version-history":[{"count":0,"href":"https:\/\/www.europesays.com\/afrika\/wp-json\/wp\/v2\/posts\/50612\/revisions"}],"wp:featuredmedia":[{"embeddable":true,"href":"https:\/\/www.europesays.com\/afrika\/wp-json\/wp\/v2\/media\/50613"}],"wp:attachment":[{"href":"https:\/\/www.europesays.com\/afrika\/wp-json\/wp\/v2\/media?parent=50612"}],"wp:term":[{"taxonomy":"category","embeddable":true,"href":"https:\/\/www.europesays.com\/afrika\/wp-json\/wp\/v2\/categories?post=50612"},{"taxonomy":"post_tag","embeddable":true,"href":"https:\/\/www.europesays.com\/afrika\/wp-json\/wp\/v2\/tags?post=50612"}],"curies":[{"name":"wp","href":"https:\/\/api.w.org\/{rel}","templated":true}]}}