{"id":50628,"date":"2026-09-03T15:27:34","date_gmt":"2026-09-03T15:27:34","guid":{"rendered":"https:\/\/www.europesays.com\/afrika\/50628\/"},"modified":"2026-09-03T15:27:34","modified_gmt":"2026-09-03T15:27:34","slug":"gabuns-team-nach-afrika-cup-blamage-suspendiert-2","status":"publish","type":"post","link":"https:\/\/www.europesays.com\/afrika\/50628\/","title":{"rendered":"Gabuns Team nach Afrika-Cup-Blamage suspendiert"},"content":{"rendered":"<p>Fu\u00dfball <\/p>\n<p>Gabuns Team nach Afrika-Cup-Blamage suspendiert<\/p>\n<p>Aktualisiert am 01.01.2026Lesedauer: 1 Min.<\/p>\n<p><a href=\"#focus-0\" class=\"transition-colors block text-current relative\" data-sctrack=\"FocusGalleryImage.Reference\"><img fetchpriority=\"high\" data-testid=\"Opener.Image\"   loading=\"eager\" src=\"https:\/\/www.europesays.com\/afrika\/wp-content\/uploads\/2026\/09\/gabun-hier-denis-bouanga-l-blieb-beim-afrika-cup-erfolglos-zuletzt-bei-der-niederlage-gegen-die-elfe.jpeg\" alt=\"Afrika-Cup - Gabun - Elfenbeink\u00fcste\" title=\"Afrika-Cup - Gabun - Elfenbeink\u00fcste\" width=\"2048\" height=\"1152\" class=\"bg-[url:var(--lqipURL)] bg-cover bg-center flex h-full w-full max-w-full\" style=\"--lqipURL:url('https:\/\/images.t-online.de\/2026\/01\/umtLIPHhJfow\/0x107:2048x1152\/fit-in\/150x0\/filters:blur(25)\/gabun-hier-denis-bouanga-l-blieb-beim-afrika-cup-erfolglos-zuletzt-bei-der-niederlage-gegen-die-elfenbeinkueste.jpg')\" decoding=\"async\"\/><img loading=\"lazy\" src=\"https:\/\/www.t-online.de\/s\/paper\/_next\/static\/media\/zoom-in.f7dae02f.svg\" alt=\"Vergr\u00f6\u00dfern des Bildes\" title=\"Vergr\u00f6\u00dfern des Bildes\" class=\"block h-[calc(var(--height)_\/_16_*_1rem)] w-[calc(var(--width)_\/_16_*_1rem)] max-w-none absolute right-8 bottom-8 rounded-4 bg-snow p-8\" style=\"--width:32;--height:32\" decoding=\"async\"\/><\/a><\/p>\n<p>Gabun, hier Denis Bouanga (l), blieb beim Afrika Cup erfolglos &#8211; zuletzt bei der Niederlage gegen die Elfenbeink\u00fcste. (Quelle: Themba Hadebe\/AP\/dpa\/dpa-bilder)<\/p>\n<p><img loading=\"lazy\" src=\"https:\/\/www.t-online.de\/s\/paper\/_next\/static\/media\/audio-volume.6689034c.svg\" alt=\"\" title=\"\" class=\"block h-[calc(var(--height)_\/_16_*_1rem)] w-[calc(var(--width)_\/_16_*_1rem)] max-w-none group-hover:brightness-0 group-hover:invert\" style=\"--width:16;--height:16\" decoding=\"async\"\/>Vorlesen<\/p>\n<p>Aktuelle Zeit:0:00Gesamtdauer:0:00<\/p>\n<p>1x<img loading=\"lazy\" src=\"https:\/\/www.t-online.de\/s\/paper\/_next\/static\/media\/font-sizes.32942e33.svg\" alt=\"\" title=\"\" class=\"block h-[calc(var(--height)_\/_16_*_1rem)] w-[calc(var(--width)_\/_16_*_1rem)] max-w-none group-hover:hidden group-aria-expanded:hidden\" style=\"--width:16;--height:16\" decoding=\"async\"\/><img loading=\"lazy\" src=\"https:\/\/www.t-online.de\/s\/paper\/_next\/static\/media\/font-sizes-dark-mode.e382645c.svg\" alt=\"\" title=\"\" class=\"block h-[calc(var(--height)_\/_16_*_1rem)] w-[calc(var(--width)_\/_16_*_1rem)] max-w-none hidden group-hover:block group-aria-expanded:block\" style=\"--width:16;--height:16\" decoding=\"async\"\/><img loading=\"lazy\" src=\"https:\/\/www.t-online.de\/s\/paper\/_next\/static\/media\/sharing-menu-icon.1eb71368.svg\" alt=\"\" title=\"\" class=\"block h-[calc(var(--height)_\/_16_*_1rem)] w-[calc(var(--width)_\/_16_*_1rem)] max-w-none group-hover:brightness-0 group-hover:invert\" style=\"--width:16;--height:16\" decoding=\"async\"\/>Artikel teilen<\/p>\n<p class=\"font-bold text-18 leading-17 user-text-lg:text-22 user-text-xl:text-24\">Beim Afrika Cup scheidet das Team aus Gabun schnell aus. Nun reagiert die Regierung auf das Scheitern &#8211; im Zentrum steht auch Pierre-Emerick Aubameyang.<\/p>\n<p class=\"text-18 leading-17 user-text-lg:text-22 user-text-xl:text-24\">Nach dem Vorrundenaus der gabunischen Fu\u00dfball-Nationalmannschaft beim Afrika Cup hat die Regierung des zentralafrikanischen Landes das komplette Team vorl\u00e4ufig suspendiert. Kommunikationsminister Simlicee-D\u00e9sir\u00e9 Mamboula teilte mit, die Regierung habe au\u00dferdem beschlossen, das Trainerteam aufzul\u00f6sen und die Spieler Bruno Ecu\u00e9l\u00e9 Manga und <a href=\"https:\/\/www.t-online.de\/themen\/pierre-emerick-aubameyang\/\" class=\"transition-colors cursor-pointer no-underline md:hover:text-magenta md:focus:text-magenta border-b border-solid border-current text-salemsfur md:hover:border-magenta\" data-tracking=\"{&quot;action&quot;:&quot;click&quot;,&quot;category&quot;:&quot;intextLink&quot;,&quot;label&quot;:&quot;\/themen\/pierre-emerick-aubameyang\/&quot;}\" data-sctrack=\"BodyAnchor\" rel=\"nofollow noopener\" target=\"_blank\">Pierre-Emerick Aubameyang<\/a> aus dem Team zu entlassen. Die Mannschaft habe bei dem Turnier in Marokko eine &#8222;sch\u00e4ndliche Leistung&#8220; gezeigt.<\/p>\n<p>Aubameyang fr\u00fchzeitig abgereist<\/p>\n<p class=\"text-18 leading-17 user-text-lg:text-22 user-text-xl:text-24\">Berichten zufolge hatte Pr\u00e4sident Brice Clotaire Oligui Nguema bereits vor dieser Entscheidung gewarnt, dass die Leistung der Nationalmannschaft dem Nationalstolz des Landes schade. Zuletzt hatte Gabun bereits die Qualifikation f\u00fcr die WM 2026 verpasst.<\/p>\n<p class=\"text-18 leading-17 user-text-lg:text-22 user-text-xl:text-24\">Beim Afrika Cup schied Gabun nun ohne Punktgewinn in der Vorrunde aus und belegte nach drei Niederlagen in drei Spielen gegen Mosambik, Kamerun und Elfenbeink\u00fcste den letzten Platz in seiner Gruppe. Der fr\u00fchere Bundesligaprofi Aubameyang war bereits nach zwei Partien in Abstimmung mit dem Verband angeschlagen zu seinem franz\u00f6sischen Club <a href=\"https:\/\/www.t-online.de\/themen\/olympique-marseille\/\" class=\"transition-colors cursor-pointer no-underline md:hover:text-magenta md:focus:text-magenta border-b border-solid border-current text-salemsfur md:hover:border-magenta\" data-tracking=\"{&quot;action&quot;:&quot;click&quot;,&quot;category&quot;:&quot;intextLink&quot;,&quot;label&quot;:&quot;\/themen\/olympique-marseille\/&quot;}\" data-sctrack=\"BodyAnchor\" rel=\"nofollow noopener\" target=\"_blank\">Olympique Marseille<\/a> zur\u00fcckgekehrt. Im Alter von 36 Jahren k\u00f6nnte dies das Ende seiner Nationalmannschaftskarriere bedeuten.<\/p>\n","protected":false},"excerpt":{"rendered":"Fu\u00dfball Gabuns Team nach Afrika-Cup-Blamage suspendiert Aktualisiert am 01.01.2026Lesedauer: 1 Min. Gabun, hier Denis Bouanga (l), blieb beim&hellip;\n","protected":false},"author":2,"featured_media":50629,"comment_status":"","ping_status":"","sticky":false,"template":"","format":"standard","meta":{"footnotes":"","_share_on_mastodon":"0"},"categories":[241],"tags":[29,310,2162,124,152,3175,362,361,1680,19391],"class_list":["post-50628","post","type-post","status-publish","format-standard","has-post-thumbnail","category-gabun","tag-afrika","tag-afrika-cup","tag-bruno-ecuele-manga","tag-elfenbeinkueste","tag-fussball","tag-fussball-nationalmannschaft","tag-gabon","tag-gabun","tag-pierre-emerick-aubameyang","tag-simlicee-desire-mamboula"],"share_on_mastodon":{"url":"https:\/\/pubeurope.com\/@afrika\/117207816188294394","error":""},"_links":{"self":[{"href":"https:\/\/www.europesays.com\/afrika\/wp-json\/wp\/v2\/posts\/50628","targetHints":{"allow":["GET"]}}],"collection":[{"href":"https:\/\/www.europesays.com\/afrika\/wp-json\/wp\/v2\/posts"}],"about":[{"href":"https:\/\/www.europesays.com\/afrika\/wp-json\/wp\/v2\/types\/post"}],"author":[{"embeddable":true,"href":"https:\/\/www.europesays.com\/afrika\/wp-json\/wp\/v2\/users\/2"}],"replies":[{"embeddable":true,"href":"https:\/\/www.europesays.com\/afrika\/wp-json\/wp\/v2\/comments?post=50628"}],"version-history":[{"count":0,"href":"https:\/\/www.europesays.com\/afrika\/wp-json\/wp\/v2\/posts\/50628\/revisions"}],"wp:featuredmedia":[{"embeddable":true,"href":"https:\/\/www.europesays.com\/afrika\/wp-json\/wp\/v2\/media\/50629"}],"wp:attachment":[{"href":"https:\/\/www.europesays.com\/afrika\/wp-json\/wp\/v2\/media?parent=50628"}],"wp:term":[{"taxonomy":"category","embeddable":true,"href":"https:\/\/www.europesays.com\/afrika\/wp-json\/wp\/v2\/categories?post=50628"},{"taxonomy":"post_tag","embeddable":true,"href":"https:\/\/www.europesays.com\/afrika\/wp-json\/wp\/v2\/tags?post=50628"}],"curies":[{"name":"wp","href":"https:\/\/api.w.org\/{rel}","templated":true}]}}