{"id":50645,"date":"2026-09-03T16:10:58","date_gmt":"2026-09-03T16:10:58","guid":{"rendered":"https:\/\/www.europesays.com\/afrika\/50645\/"},"modified":"2026-09-03T16:10:58","modified_gmt":"2026-09-03T16:10:58","slug":"vier-tore-und-gelb-rot-wilder-auftritt-von-aubameyang-fc-bayerns-jackson-trifft-fuer-senegal","status":"publish","type":"post","link":"https:\/\/www.europesays.com\/afrika\/50645\/","title":{"rendered":"Vier Tore und Gelb-Rot: Wilder Auftritt von Aubameyang \u2013 FC Bayerns Jackson trifft f\u00fcr Senegal"},"content":{"rendered":"<p>WM-Qualifikation Afrika\u00a0<\/p>\n<p>                                    <img decoding=\"async\" src=\"https:\/\/www.europesays.com\/afrika\/wp-content\/uploads\/2026\/09\/pierre-emerick-aubameyang-gabun-2024-1752169255-172126.jpg\" title=\"Vier Tore und Gelb-Rot: Wilder Auftritt von Aubameyang \u2013 FC Bayerns Jackson trifft f\u00fcr Senegal\" alt=\"Vier Tore und Gelb-Rot: Wilder Auftritt von Aubameyang \u2013 FC Bayerns Jackson trifft f\u00fcr Senegal\" class=\"\"\/><\/p>\n<p>\n                                       \u00a9IMAGO\n                                    <\/p>\n<p>Dank eines Viererpacks des fr\u00fcheren Dortmunder Torj\u00e4gers <a title=\"Pierre-Emerick Aubameyang\" href=\"https:\/\/www.transfermarkt.de\/pierre-emerick-aubameyang\/profil\/spieler\/58864\" target=\"_blank\" rel=\"nofollow noopener\">Pierre-Emerick Aubameyang<\/a> hat die Nationalmannschaft des <a title=\"Gabun\" href=\"https:\/\/www.transfermarkt.de\/gabun\/startseite\/verein\/5704\" target=\"_blank\" rel=\"nofollow noopener\">Gabun<\/a> ihre Chance auf die direkte WM-Qualifikation gewahrt. Aubameyang erzielte in Nairobi beim 4:3 (2:2) gegen <a title=\"Gambia\" href=\"https:\/\/www.transfermarkt.de\/gambia\/startseite\/verein\/6186\" target=\"_blank\" rel=\"nofollow noopener\">Gambia<\/a> alle Treffer f\u00fcr sein Team. Der 36-J\u00e4hrige von Olympique Marseille sah an einem verr\u00fcckten Fu\u00dfball-Nachmittag aber in der 85. Minute auch noch die Gelb-Rote Karte.<\/p>\n<p><\/p>\n<p>Damit fehlt Aubameyang im letzten Qualifikationsspiel gegen Burundi. <a href=\"https:\/\/www.transfermarkt.de\/wm-qualifikation-afrika\/gesamtspielplan\/pokalwettbewerb\/WMQ2\/saison_id\/2023\" target=\"_blank\" rel=\"nofollow noopener\">Gabun belegt in seiner Gruppe weiter Rang zwei<\/a> mit einem R\u00fcckstand von einem Punkt auf die <a title=\"Elfenbeink\u00fcste\" href=\"https:\/\/www.transfermarkt.de\/elfenbeink-ste\/startseite\/verein\/3591\" target=\"_blank\" rel=\"nofollow noopener\">Elfenbeink\u00fcste<\/a>, die 7:0 (4:0) beim punktlosen Schlusslicht <a title=\"Seychellen\" href=\"https:\/\/www.transfermarkt.de\/seychellen\/startseite\/verein\/3562\" target=\"_blank\" rel=\"nofollow noopener\">Seychellen<\/a> gewann.<\/p>\n<p><\/p>\n<p>Angreifer <a title=\"Nicolas Jackson\" href=\"https:\/\/www.transfermarkt.de\/nicolas-jackson\/profil\/spieler\/776890\" target=\"_blank\" rel=\"nofollow noopener\">Nicolas Jackson<\/a> vom FC Bayern und der Ex-M\u00fcnchner <a title=\"Sadio Man\u00e9\" href=\"https:\/\/www.transfermarkt.de\/sadio-man-\/profil\/spieler\/200512\" target=\"_blank\" rel=\"nofollow noopener\">Sadio Man\u00e9<\/a> verteidigten mit dem <a title=\"Senegal\" href=\"https:\/\/www.transfermarkt.de\/senegal\/startseite\/verein\/3499\" target=\"_blank\" rel=\"nofollow noopener\">Senegal<\/a> dank eines 5:0 (1:0) im <a title=\"S\u00fcdsudan\" href=\"https:\/\/www.transfermarkt.de\/s-dsudan\/startseite\/verein\/33192\" target=\"_blank\" rel=\"nofollow noopener\">S\u00fcdsudan<\/a> Platz eins in ihrer Staffel vor der Demokratischen Republik Kongo. Sie haben zwei Punkte Vorsprung vor dem letzten Spiel gegen Mauretanien. Bayern-Neuzugang Jackson verwandelte nach einer Stunde einen Elfmeter zum 4:0 und wurde kurz darauf ausgewechselt. Auch Man\u00e9 steuerte einen Treffer bei.<\/p>\n<p>Noch 28 Pl\u00e4tze f\u00fcr WM 2026 zu vergeben<\/p>\n<p>Bislang haben sich 20 Mannschaften f\u00fcr die erstmals mit 48 Teams ausgetragenen Endrunde qualifiziert. Die drei Gastgeber USA, Kanada und Mexiko sind automatisch dabei.<\/p>\n<p><\/p>\n<p>Geschafft haben es in Asiens Ausscheidung Australien, Iran, Japan, Jordanien, S\u00fcdkorea und Usbekistan. Aus Afrika dabei sind bislang Algerien, \u00c4gypten, Marokko, und Tunesien. Aus S\u00fcdamerika kommen Titelverteidiger Argentinien, Brasilien, Ecuador, Kolumbien, Paraguay und Uruguay. In Ozeanien hat Neuseeland das Ticket gel\u00f6st.<\/p>\n<p><\/p>\n<p>\n                                Hinweis:<br \/>\n                                Wenn du etwas googelst, bekommst du neben den normalen Ergebnissen auch eine Box mit aktuellen News angezeigt. Wenn du Transfermarkt als bevorzugte Quelle hinterlegst, tauchen unsere Inhalte dort h\u00e4ufiger f\u00fcr dich auf.<br \/>\n                                <a href=\"https:\/\/www.google.com\/preferences\/source?q=transfermarkt.de\" target=\"_blank\" rel=\"noopener noreferrer nofollow\" onclick=\"tmEvent(&#039;news&#039;,&#039;click&#039;,&#039;google-preferences&#039;);&#010;\"><br \/>\n                                    F\u00fcge Transfermarkt hier als bevorzugte Quelle hinzu.                                <\/a>\n                            <\/p>\n","protected":false},"excerpt":{"rendered":"WM-Qualifikation Afrika\u00a0 \u00a9IMAGO Dank eines Viererpacks des fr\u00fcheren Dortmunder Torj\u00e4gers Pierre-Emerick Aubameyang hat die Nationalmannschaft des Gabun ihre&hellip;\n","protected":false},"author":2,"featured_media":50646,"comment_status":"","ping_status":"","sticky":false,"template":"","format":"standard","meta":{"footnotes":"","_share_on_mastodon":"0"},"categories":[241],"tags":[124,362,361,4890,5787,1680,3646,300,1114,3355,3464],"class_list":["post-50645","post","type-post","status-publish","format-standard","has-post-thumbnail","category-gabun","tag-elfenbeinkueste","tag-gabon","tag-gabun","tag-gambia","tag-nicolas-jackson","tag-pierre-emerick-aubameyang","tag-sadio-mane","tag-senegal","tag-seychellen","tag-suedsudan","tag-wm-qualifikation-afrika"],"share_on_mastodon":{"url":"https:\/\/pubeurope.com\/@afrika\/117207989174044460","error":""},"_links":{"self":[{"href":"https:\/\/www.europesays.com\/afrika\/wp-json\/wp\/v2\/posts\/50645","targetHints":{"allow":["GET"]}}],"collection":[{"href":"https:\/\/www.europesays.com\/afrika\/wp-json\/wp\/v2\/posts"}],"about":[{"href":"https:\/\/www.europesays.com\/afrika\/wp-json\/wp\/v2\/types\/post"}],"author":[{"embeddable":true,"href":"https:\/\/www.europesays.com\/afrika\/wp-json\/wp\/v2\/users\/2"}],"replies":[{"embeddable":true,"href":"https:\/\/www.europesays.com\/afrika\/wp-json\/wp\/v2\/comments?post=50645"}],"version-history":[{"count":0,"href":"https:\/\/www.europesays.com\/afrika\/wp-json\/wp\/v2\/posts\/50645\/revisions"}],"wp:featuredmedia":[{"embeddable":true,"href":"https:\/\/www.europesays.com\/afrika\/wp-json\/wp\/v2\/media\/50646"}],"wp:attachment":[{"href":"https:\/\/www.europesays.com\/afrika\/wp-json\/wp\/v2\/media?parent=50645"}],"wp:term":[{"taxonomy":"category","embeddable":true,"href":"https:\/\/www.europesays.com\/afrika\/wp-json\/wp\/v2\/categories?post=50645"},{"taxonomy":"post_tag","embeddable":true,"href":"https:\/\/www.europesays.com\/afrika\/wp-json\/wp\/v2\/tags?post=50645"}],"curies":[{"name":"wp","href":"https:\/\/api.w.org\/{rel}","templated":true}]}}