{"id":50651,"date":"2026-09-03T16:27:11","date_gmt":"2026-09-03T16:27:11","guid":{"rendered":"https:\/\/www.europesays.com\/afrika\/50651\/"},"modified":"2026-09-03T16:27:11","modified_gmt":"2026-09-03T16:27:11","slug":"augsburg-verlaengert-mit-mbuku-und-verleiht-ihn-nach-belgien","status":"publish","type":"post","link":"https:\/\/www.europesays.com\/afrika\/50651\/","title":{"rendered":"Augsburg verl\u00e4ngert mit Mbuku und verleiht ihn nach Belgien"},"content":{"rendered":"<p>Beim FC Augsburg waren die Aussichten auf Einsatzzeiten f\u00fcr Nathana\u00ebl Mbuku weiter gering. In Belgien soll sich der noch junge WM-Teilnehmer besser weiterentwickeln k\u00f6nnen.<\/p>\n<p><a href=\"https:\/\/www.onetz.de\/f\/ic\/ga-large\/articlemedia\/2026\/09\/03\/1f0a20cd-94b3-48a9-a33a-2e6ce6d8ec5b.jpg\" class=\"ps-item\" data-psg=\"https:\/\/www.onetz.de\/sport\/1\" data-size=\"960x640\" data-caption=\"&lt;div&gt;Bild: Erik S. Lesser\/AP\/dpa&lt;\/div&gt;Bei der WM war Nathana\u00ebl Mbuku f\u00fcr das Team der DR Kongo im Einsatz. (Archivbild)\" rel=\"nofollow noopener\" target=\"_blank\"><img loading=\"lazy\" decoding=\"async\" src=\"https:\/\/www.europesays.com\/afrika\/wp-content\/uploads\/2026\/09\/1f0a20cd-94b3-48a9-a33a-2e6ce6d8ec5b.jpg\" alt=\"Bei der WM war Nathana\u00ebl Mbuku f\u00fcr das Team der DR Kongo im Einsatz. (Archivbild) Bild: Erik S. Lesser\/AP\/dpa\" title=\"\" width=\"805\" height=\"453\" class=\"img-responsive\"\/><\/a><\/p>\n<p>Bei der WM war Nathana\u00ebl Mbuku f\u00fcr das Team der DR Kongo im Einsatz. (Archivbild)<\/p>\n<p>Bild: Erik S. Lesser\/AP\/dpa<\/p>\n<p>Der FC Augsburg hat den Vertrag von Fu\u00dfball-Profi Nathana\u00ebl Mbuku um ein Jahr bis 2028 verl\u00e4ngert und den Offensivspieler zugleich f\u00fcr die laufende Saison an VV St. Truiden ausgeliehen. Bei dem belgischen Erstligisten soll Mbuku sich besser weiterentwickeln k\u00f6nnen. Er kann dabei auch auf Europapokal-Eins\u00e4tze in der Conference Lague hoffen.\u00a0<\/p>\n<p>Mbuku hatte im Sommer mit der DR Kongo an der Weltmeisterschaft in Amerika teilgenommen. Er geh\u00f6rte zum Saisonstart bei den Siegen des FCA im DFB-Pokal bei Energie Cottbus und zum Bundesliga-Auftakt gegen den FC Schalke 04 auch jeweils zum Kader von Trainer Manuel Baum. Er kam jedoch nicht zum Einsatz. In der vergangenen Saison absolvierte er als Leihspieler 30 Partien in Frankreich in der Ligue 2 f\u00fcr Montpellier HSC. Vier Tore und sechs Torvorlagen gelangen ihm dort.<\/p>\n<p><a data-mce=\"true\" href=\"https:\/\/x.com\/FCAugsburg\/status\/2095406437967216675\" rel=\"nofollow noopener noreferrer\" target=\"_blank\">https:\/\/x.com\/FCAugsburg\/status\/2095406437967216675<\/a><\/p>\n<p>\u201eDie Vertragsverl\u00e4ngerung in Verbindung mit der Leihe nach St. Truiden bietet Nathana\u00ebl eine gute M\u00f6glichkeit, weitere wichtige Spielpraxis auch auf europ\u00e4ischem Niveau zu sammeln und seine gute Entwicklung fortzusetzen\u201c, erkl\u00e4rt Augsburgs Sportdirektor Benni Weber in der Mitteilung des Vereins.<\/p>\n<p>\u00a9 dpa-infocom, dpa:260903-930-625838\/1<\/p>\n","protected":false},"excerpt":{"rendered":"Beim FC Augsburg waren die Aussichten auf Einsatzzeiten f\u00fcr Nathana\u00ebl Mbuku weiter gering. In Belgien soll sich der&hellip;\n","protected":false},"author":2,"featured_media":50652,"comment_status":"","ping_status":"","sticky":false,"template":"","format":"standard","meta":{"footnotes":"","_share_on_mastodon":"0"},"categories":[17],"tags":[3020,1452,192,194,190,188,8075,193,191,462,461,4168,152,189,412],"class_list":["post-50651","post","type-post","status-publish","format-standard","has-post-thumbnail","category-demokratische-republik-kongo","tag-bayern","tag-bundesliga","tag-dem-rep-kongo","tag-democratic-republic-of-the-congo","tag-demokratische-republik","tag-demokratische-republik-kongo","tag-dpa","tag-dr-congo","tag-dr-kongo","tag-drc","tag-drk","tag-fc-augsburg","tag-fussball","tag-kongo","tag-sport"],"share_on_mastodon":{"url":"https:\/\/pubeurope.com\/@afrika\/117208052210427154","error":""},"_links":{"self":[{"href":"https:\/\/www.europesays.com\/afrika\/wp-json\/wp\/v2\/posts\/50651","targetHints":{"allow":["GET"]}}],"collection":[{"href":"https:\/\/www.europesays.com\/afrika\/wp-json\/wp\/v2\/posts"}],"about":[{"href":"https:\/\/www.europesays.com\/afrika\/wp-json\/wp\/v2\/types\/post"}],"author":[{"embeddable":true,"href":"https:\/\/www.europesays.com\/afrika\/wp-json\/wp\/v2\/users\/2"}],"replies":[{"embeddable":true,"href":"https:\/\/www.europesays.com\/afrika\/wp-json\/wp\/v2\/comments?post=50651"}],"version-history":[{"count":0,"href":"https:\/\/www.europesays.com\/afrika\/wp-json\/wp\/v2\/posts\/50651\/revisions"}],"wp:featuredmedia":[{"embeddable":true,"href":"https:\/\/www.europesays.com\/afrika\/wp-json\/wp\/v2\/media\/50652"}],"wp:attachment":[{"href":"https:\/\/www.europesays.com\/afrika\/wp-json\/wp\/v2\/media?parent=50651"}],"wp:term":[{"taxonomy":"category","embeddable":true,"href":"https:\/\/www.europesays.com\/afrika\/wp-json\/wp\/v2\/categories?post=50651"},{"taxonomy":"post_tag","embeddable":true,"href":"https:\/\/www.europesays.com\/afrika\/wp-json\/wp\/v2\/tags?post=50651"}],"curies":[{"name":"wp","href":"https:\/\/api.w.org\/{rel}","templated":true}]}}