{"id":50666,"date":"2026-09-03T16:54:06","date_gmt":"2026-09-03T16:54:06","guid":{"rendered":"https:\/\/www.europesays.com\/afrika\/50666\/"},"modified":"2026-09-03T16:54:06","modified_gmt":"2026-09-03T16:54:06","slug":"fussbaelle-fuer-mosambik","status":"publish","type":"post","link":"https:\/\/www.europesays.com\/afrika\/50666\/","title":{"rendered":"Fu\u00dfb\u00e4lle f\u00fcr Mosambik"},"content":{"rendered":"<p> GUNSKIRCHEN. Sven Daubenmerkl, Direktor der Mittelschule Gunskirchen, nutzt die Ferien, um andere Schulen in fernen L\u00e4ndern zu besuchen. Dazu hat er auch Geschenke mit. <\/p>\n<p>Dieses Mal ging es nach Mosambik. Mit im Gep\u00e4ck f\u00fcnf Fu\u00dfb\u00e4lle, gespendet von der Gunskirchner Firma Sportbau Lautischer. Die Schule Escola secund\u00e1ria de Conguiana befindet sich in Mosambik zwischen der alten Stadt Inhambane und der Ortschaft Tofo. 916 Sch\u00fcler, aufgeteilt auf 16 Klassen, werden dort von insgesamt 36 Lehrkr\u00e4ften unterrichtet.<\/p>\n<p>Schwierige Situation<\/p>\n<p> \u201eTypisch f\u00fcr Schulen in Afrika ist die Anordnung von Klassenzimmer-Barracken, die um einen zentralen Platz herum gruppiert sind. 2024 hat ein Zyklon mehrere dieser Klassenzimmer abgedeckt. Die versprochene Hilfe der Regierung blieb aus, und in diesem Jahr hat ein weiterer Tropensturm die n\u00e4chsten D\u00e4cher zerst\u00f6rt. Aktuell sind noch sieben Klassenzimmer benutzbar, weshalb der Schulleiter vor Ort einen geteilten Unterricht f\u00fcr die eine H\u00e4lfte der Klassen am Vormittag und f\u00fcr die andere H\u00e4lfte am Nachmittag angeordnet hat\u201c, erz\u00e4hlt Daubenmerkl nach seinem Besuch in Afrika.<\/p>\n<p>Die f\u00fcnf neuen Fu\u00dfb\u00e4lle kamen \u00fcbrigens sehr gut an. Denn diese sind nun die gesamte Sportausstattung an der Schule.<\/p>\n","protected":false},"excerpt":{"rendered":"GUNSKIRCHEN. Sven Daubenmerkl, Direktor der Mittelschule Gunskirchen, nutzt die Ferien, um andere Schulen in fernen L\u00e4ndern zu besuchen.&hellip;\n","protected":false},"author":2,"featured_media":50667,"comment_status":"","ping_status":"","sticky":false,"template":"","format":"standard","meta":{"footnotes":"","_share_on_mastodon":"0"},"categories":[26],"tags":[3031,19399,19398,5515,346,347],"class_list":["post-50666","post","type-post","status-publish","format-standard","has-post-thumbnail","category-mosambik","tag-besuch","tag-daubenmerkl","tag-gunskirchen","tag-mittelschule","tag-mosambik","tag-mozambique"],"share_on_mastodon":{"url":"https:\/\/pubeurope.com\/@afrika\/117208158172818487","error":""},"_links":{"self":[{"href":"https:\/\/www.europesays.com\/afrika\/wp-json\/wp\/v2\/posts\/50666","targetHints":{"allow":["GET"]}}],"collection":[{"href":"https:\/\/www.europesays.com\/afrika\/wp-json\/wp\/v2\/posts"}],"about":[{"href":"https:\/\/www.europesays.com\/afrika\/wp-json\/wp\/v2\/types\/post"}],"author":[{"embeddable":true,"href":"https:\/\/www.europesays.com\/afrika\/wp-json\/wp\/v2\/users\/2"}],"replies":[{"embeddable":true,"href":"https:\/\/www.europesays.com\/afrika\/wp-json\/wp\/v2\/comments?post=50666"}],"version-history":[{"count":0,"href":"https:\/\/www.europesays.com\/afrika\/wp-json\/wp\/v2\/posts\/50666\/revisions"}],"wp:featuredmedia":[{"embeddable":true,"href":"https:\/\/www.europesays.com\/afrika\/wp-json\/wp\/v2\/media\/50667"}],"wp:attachment":[{"href":"https:\/\/www.europesays.com\/afrika\/wp-json\/wp\/v2\/media?parent=50666"}],"wp:term":[{"taxonomy":"category","embeddable":true,"href":"https:\/\/www.europesays.com\/afrika\/wp-json\/wp\/v2\/categories?post=50666"},{"taxonomy":"post_tag","embeddable":true,"href":"https:\/\/www.europesays.com\/afrika\/wp-json\/wp\/v2\/tags?post=50666"}],"curies":[{"name":"wp","href":"https:\/\/api.w.org\/{rel}","templated":true}]}}