{"id":50668,"date":"2026-09-03T17:02:42","date_gmt":"2026-09-03T17:02:42","guid":{"rendered":"https:\/\/www.europesays.com\/afrika\/50668\/"},"modified":"2026-09-03T17:02:42","modified_gmt":"2026-09-03T17:02:42","slug":"el-nino-simbabwe-ruft-katastrophenzustand-wegen-duerre-aus","status":"publish","type":"post","link":"https:\/\/www.europesays.com\/afrika\/50668\/","title":{"rendered":"El Ni\u00f1o: Simbabwe ruft Katastrophenzustand wegen D\u00fcrre aus"},"content":{"rendered":"<p class=\"paragraph article__item\">Simbabwes Pr\u00e4sident Emmerson Mnangagwa hat aufgrund anhaltender <a href=\"https:\/\/www.zeit.de\/thema\/duerre\" class=\"\" target=\"_blank\" rel=\"nofollow noopener\">D\u00fcrre<\/a> den <a href=\"#article-editor-create-link\" class=\"link-edit\">Katastrophenzustand <\/a>ausgerufen.\u00a0In dem Land im s\u00fcdlichen Afrika hatte <a href=\"https:\/\/www.zeit.de\/thema\/el-nino\" class=\"\" target=\"_blank\" rel=\"nofollow noopener\">El Ni\u00f1o<\/a> \u2013 ein in unregelm\u00e4\u00dfigen Abst\u00e4nden auftretendes Klimaph\u00e4nomen im \u00e4quatorialen Pazifik \u2013 zuletzt f\u00fcr lange <a class=\"rtr-entity\" href=\"https:\/\/www.zeit.de\/thema\/duerre\" rel=\"nofollow noopener\" target=\"_blank\">Trockenheit<\/a> gesorgt. Landwirte h\u00e4tten nur etwas mehr als die H\u00e4lfte der geplanten Getreideernte einfahren k\u00f6nnen, sagte Mnangagwa bei einer Pressekonferenz in der Hauptstadt Harare.\n<\/p>\n<p>Klimawandel<\/p>\n<p>            Mehr zum Thema D\u00fcrre        <\/p>\n<p>                <a href=\"https:\/\/www.zeit.de\/wissen\/2023-05\/hitzewelle-europa-spanien-afrika-asien\" data-ct-label=\"Hitzewelle: Die Hitze hat l\u00e4ngst begonnen\" data-uuid=\"bc1ddc98-e094-46cd-87e7-61dc87c11707\" rel=\"nofollow noopener\" target=\"_blank\"><\/p>\n<p>        Z+ (abopflichtiger Inhalt);<\/p>\n<p>    Hitzewelle:<br \/>\n                        Die Hitze hat l\u00e4ngst begonnen<\/p>\n<p>                <\/a><\/p>\n<p>                <a href=\"https:\/\/www.zeit.de\/wissen\/umwelt\/2024-02\/erderwaermung-1-5-grad-grenze-klimawandel-naturkatastrophen\" data-ct-label=\"Erderw\u00e4rmung: Nach 1,5 Grad legt der Klimawandel erst richtig los\u00a0\" data-uuid=\"90b60436-e0cc-433a-a94d-03bddef55184\" rel=\"nofollow noopener\" target=\"_blank\"><\/p>\n<p>                        Erderw\u00e4rmung:<br \/>\n                        Nach 1,5 Grad legt der Klimawandel erst richtig los\u00a0<\/p>\n<p>                <\/a><\/p>\n<p>                <a href=\"https:\/\/www.zeit.de\/politik\/ausland\/2024-02\/wassernotstand-katalonien-trinkwasser-ueberwachung-kommunen\" data-ct-label=\"Wassernotstand in Katalonien: Zu viel Trinkwasser versickert\" data-uuid=\"af8b8057-7fcb-44a0-913b-dde91128bfe3\" rel=\"nofollow noopener\" target=\"_blank\"><\/p>\n<p>        Z+ (abopflichtiger Inhalt);<\/p>\n<p>    Wassernotstand in Katalonien:<br \/>\n                        Zu viel Trinkwasser versickert<\/p>\n<p>                <\/a><\/p>\n<p class=\"paragraph article__item\">In rund 80 Prozent des Landes seien weitaus geringere Niederschl\u00e4ge als \u00fcblich verzeichnet worden, sagte Pr\u00e4sident Mnangagwa. Um eine Hungersnot in <a href=\"https:\/\/www.zeit.de\/thema\/simbabwe\" class=\"\" target=\"_blank\" rel=\"nofollow noopener\">Simbabwe<\/a> abzuwenden, ben\u00f6tige die Regierung finanzielle Hilfsmittel in H\u00f6he von zwei Milliarden US-Dollar. <\/p>\n<p>            D\u00fcrren auch in Sambia und Malawi            <\/p>\n<p class=\"paragraph article__item\">Die Nachbarl\u00e4nder Sambia und Malawi hatten aufgrund von <a class=\"rtr-entity\" href=\"https:\/\/www.zeit.de\/thema\/el-nino\" rel=\"nofollow noopener\" target=\"_blank\">El Ni\u00f1o<\/a> bereits den <a href=\"https:\/\/www.zeit.de\/2024\/02\/hitze-2023-temperatur-rekorde-extremwetter-klimakrise\" class=\"\" target=\"_blank\" rel=\"nofollow noopener\">Katastrophenzustand<\/a> erkl\u00e4rt. Laut dem UN-Kinderhilfswerk Unicef sind derzeit neun Millionen Menschen in Malawi und sechs Millionen Einwohner in Sambia betroffen.\u00a0\n<\/p>\n<p class=\"paragraph article__item\">Auch in <a href=\"https:\/\/www.zeit.de\/thema\/mosambik\" class=\"\" target=\"_blank\" rel=\"nofollow noopener\">Mosambik<\/a>, Botswana und Angola leiden bereits Zehntausende unter der D\u00fcrre. Der aktuelle El Ni\u00f1o geh\u00f6rt laut der Weltwetterorganisation (WMO) zu den f\u00fcnf st\u00e4rksten der letzten Jahrzehnte. Nach Angaben des Weltern\u00e4hrungsprogramms der Vereinten Nationen (WFP) erlebte die Region den &#8222;trockensten Februar seit 40 Jahren&#8220;. Demnach sind etwa 70 Prozent der Bev\u00f6lkerung im s\u00fcdlichen Teil von <a class=\"rtr-entity\" href=\"https:\/\/www.zeit.de\/thema\/afrika\" rel=\"nofollow noopener\" target=\"_blank\">Afrika<\/a> auf die Landwirtschaft als Lebensgrundlage angewiesen.\u00a0<\/p>\n","protected":false},"excerpt":{"rendered":"Simbabwes Pr\u00e4sident Emmerson Mnangagwa hat aufgrund anhaltender D\u00fcrre den Katastrophenzustand ausgerufen.\u00a0In dem Land im s\u00fcdlichen Afrika hatte El&hellip;\n","protected":false},"author":2,"featured_media":50669,"comment_status":"","ping_status":"","sticky":false,"template":"","format":"standard","meta":{"footnotes":"","_share_on_mastodon":"0"},"categories":[236],"tags":[29,712,4298,1300,1134,290,4297,291],"class_list":["post-50668","post","type-post","status-publish","format-standard","has-post-thumbnail","category-simbabwe","tag-afrika","tag-duerre","tag-el-nino","tag-klimawandel","tag-naturkatastrophe","tag-simbabwe","tag-wissen","tag-zimbabwe"],"share_on_mastodon":{"url":"https:\/\/pubeurope.com\/@afrika\/117208189983771393","error":""},"_links":{"self":[{"href":"https:\/\/www.europesays.com\/afrika\/wp-json\/wp\/v2\/posts\/50668","targetHints":{"allow":["GET"]}}],"collection":[{"href":"https:\/\/www.europesays.com\/afrika\/wp-json\/wp\/v2\/posts"}],"about":[{"href":"https:\/\/www.europesays.com\/afrika\/wp-json\/wp\/v2\/types\/post"}],"author":[{"embeddable":true,"href":"https:\/\/www.europesays.com\/afrika\/wp-json\/wp\/v2\/users\/2"}],"replies":[{"embeddable":true,"href":"https:\/\/www.europesays.com\/afrika\/wp-json\/wp\/v2\/comments?post=50668"}],"version-history":[{"count":0,"href":"https:\/\/www.europesays.com\/afrika\/wp-json\/wp\/v2\/posts\/50668\/revisions"}],"wp:featuredmedia":[{"embeddable":true,"href":"https:\/\/www.europesays.com\/afrika\/wp-json\/wp\/v2\/media\/50669"}],"wp:attachment":[{"href":"https:\/\/www.europesays.com\/afrika\/wp-json\/wp\/v2\/media?parent=50668"}],"wp:term":[{"taxonomy":"category","embeddable":true,"href":"https:\/\/www.europesays.com\/afrika\/wp-json\/wp\/v2\/categories?post=50668"},{"taxonomy":"post_tag","embeddable":true,"href":"https:\/\/www.europesays.com\/afrika\/wp-json\/wp\/v2\/tags?post=50668"}],"curies":[{"name":"wp","href":"https:\/\/api.w.org\/{rel}","templated":true}]}}