{"id":50696,"date":"2026-09-03T18:05:44","date_gmt":"2026-09-03T18:05:44","guid":{"rendered":"https:\/\/www.europesays.com\/afrika\/50696\/"},"modified":"2026-09-03T18:05:44","modified_gmt":"2026-09-03T18:05:44","slug":"elfenbeinkueste-steht-erstmals-in-k-o-runde-curacao-raus","status":"publish","type":"post","link":"https:\/\/www.europesays.com\/afrika\/50696\/","title":{"rendered":"Elfenbeink\u00fcste steht erstmals in K.o.-Runde \u2013 Cura\u00e7ao raus"},"content":{"rendered":"<p>\nWM 2026\n<\/p>\n<p>Aktualisiert am 26.06.2026, 00:17 Uhr\n<\/p>\n<p><a href=\"https:\/\/i0.web.de\/image\/332\/42430332,pd=2\/wm-2026-curacao-elfenbeinkueste.jpg\" data-brain-zone=\".42430330.content.lead.1\" data-component-path=\"content.lead.1\" data-component-name=\"article-image\" rel=\"nofollow noopener\" target=\"_blank\"> <\/p>\n<p><img loading=\"lazy\" decoding=\"async\" src=\"https:\/\/www.europesays.com\/afrika\/wp-content\/uploads\/2026\/09\/wm-2026-curacao-elfenbeinkueste.jpg\" alt=\"WM 2026 - Cura\u00e7ao - Elfenbeink\u00fcste\" width=\"950\" height=\"534\"\/><\/p>\n<p><\/a> <\/p>\n<p>\nNicolas P\u00e9p\u00e9 bringt die Elfenbeink\u00fcste gegen Cura\u00e7ao in F\u00fchrung.<br \/>\n\u00a9\u00a0dpa\/Matt Slocum\/AP\n<\/p>\n<p class=\"content__description\" data-speakable=\"\">Doppeltorsch\u00fctze Nicolas P\u00e9p\u00e9 schie\u00dft die Elfenbeink\u00fcste erstmals in die K.o.-Runde einer Fu\u00dfball-WM. F\u00fcr Cura\u00e7ao endet die m\u00e4rchenhafte Reise \u2013 ohne Sieg, aber mit Bildern, die in Erinnerung bleiben.<\/p>\n<p data-speakable=\"\">Die Elfenbeink\u00fcste hat Verbandsgeschichte geschrieben und erstmals bei einer <a data-component-name=\"link.semantic\" data-brain-zone=\".42430330.content.textlink_1\" data-component-path=\"content.textlink_1\" href=\"https:\/\/web.de\/magazine\/sport\/fussball\/wm\/\" rel=\"nofollow noopener\" target=\"_blank\">Fu\u00dfball-WM<\/a> die K.-o.-Runde erreicht. Der Afrikameister von 2024 gewann sein letztes Vorrundenspiel gegen Au\u00dfenseiter Cura\u00e7ao mit 2:0 (1:0) und folgt Gruppensieger Deutschland ins Sechzehntelfinale. <\/p>\n<p data-speakable=\"\">F\u00fcr den von Dick Advocaat trainierten Karibikstaat endet die m\u00e4rchenhafte Fu\u00dfballreise hingegen nach der Gruppenphase auf Platz vier. Der 78 Jahre alte Niederl\u00e4nder hatte zuletzt seine Zukunft offengelassen.<\/p>\n<p data-speakable=\"\">Mit einem Doppelpack war Nicolas P\u00e9p\u00e9 (7.\/64. Minute) vor 68.324 Zuschauern in Philadelphia der umjubelte Matchwinner. Den ersten Treffer hat <a data-component-name=\"link.semantic\" data-brain-zone=\".42430330.content.textlink_2\" data-component-path=\"content.textlink_2\" href=\"https:\/\/web.de\/magazine\/sport\/thema\/rb-leipzig\" rel=\"nofollow noopener\" target=\"_blank\">RB Leipzigs<\/a> Yan Diomande vorbereitet. Im Sechzehntelfinale treffen die &#8222;Elefanten&#8220; entweder auf Geheimfavorit Norwegen oder Titelkandidat Frankreich.<\/p>\n<p>So gro\u00df wie Paderborn: Cura\u00e7ao feiert trotzdem<\/p>\n<p data-speakable=\"\">Auch ohne einen Sieg kreierte Cura\u00e7ao bei dieser WM-Bilder, die Fu\u00dfballfans noch lange in Erinnerung bleiben werden. Beispielsweise als Livano Comenencia im Spiel gegen Deutschland zum zwischenzeitlichen 1:1 getroffen hatte und zum Helden seines Landes avancierte. Als das Team wenige Tage sp\u00e4ter den ersten WM-Punkt bejubelte, feierte eine ganze Insel. Rund 155.000 Menschen leben in dem Land, das damit in etwa so gro\u00df ist wie Paderborn.<\/p>\n<p>Torwart Room: Nach 15 Paraden diesmal chancenlos<\/p>\n<p data-speakable=\"\">Auch gegen die Elfenbeink\u00fcste war Cura\u00e7ao lange ein ebenb\u00fcrtiger Gegner. Zwar gingen die Westafrikaner in F\u00fchrung, nachdem sich die Verteidiger von Cura\u00e7ao gegenseitig angeschossen hatten und Diomande den missgl\u00fcckten Kl\u00e4rungsversuch zur Torvorlage nutzte. Doch zahlreiche Ballverluste pr\u00e4gten ihr Aufbauspiel \u2013 ein Gegner h\u00f6herer Klasse h\u00e4tte diese Fehler wohl bestraft.<\/p>\n<p data-speakable=\"\">Cura\u00e7aos Torh\u00fcter Eloy Room, der beim 0:0 gegen Ecuador mit 15 Paraden zum Nationalheld avancierte, war beim Gegentreffer chancenlos gewesen. In der Folge sah er von hinten ein zerfahrenes Spiel. Sein Team konzentrierte sich aufs Verteidigen und lauerte auf Umschaltmomente. Vor allem Tahith Chong strahlte immer wieder Torgefahr aus.<\/p>\n<p>Cura\u00e7ao mit einem kurzen Aufb\u00e4umen<\/p>\n<p data-speakable=\"\">Nach der Pause attackiert Cura\u00e7ao zun\u00e4chst deutlich fr\u00fcher und zwang die Elfenbeink\u00fcste weiter zu Ballverlusten. Sherel Floranus (55.) hatte eine gute M\u00f6glichkeit zum Ausgleich, setzte den Fernschuss von der Strafraumkante aber knapp daneben. Die Mini-Drangphase verpuffte schnell.<\/p>\n<p>Empfehlungen der Redaktion<\/p>\n<p data-speakable=\"\">Die Elfenbeink\u00fcste wusste, dass ein Unentschieden zum Weiterkommen reichen w\u00fcrde und ging daher kein gro\u00dfes Risiko. Als Villarreals Profi P\u00e9p\u00e9 nach einem sch\u00f6nen Steckpass des bis dahin entt\u00e4uschenden Ibrahim Sangar\u00e9 den Ball zum 2:0 ins Tor schlenzte, war das Spiel entschieden. (Jordan Raza, dpa\/bearbeitet von lh)<\/p>\n","protected":false},"excerpt":{"rendered":"WM 2026 Aktualisiert am 26.06.2026, 00:17 Uhr Nicolas P\u00e9p\u00e9 bringt die Elfenbeink\u00fcste gegen Cura\u00e7ao in F\u00fchrung. \u00a9\u00a0dpa\/Matt Slocum\/AP&hellip;\n","protected":false},"author":2,"featured_media":50697,"comment_status":"","ping_status":"","sticky":false,"template":"","format":"standard","meta":{"footnotes":"","_share_on_mastodon":"0"},"categories":[14],"tags":[125,1513,124,19407,898,126,5458],"class_list":["post-50696","post","type-post","status-publish","format-standard","has-post-thumbnail","category-elfenbeinkueste","tag-cote-divoire","tag-curacao","tag-elfenbeinkueste","tag-eloy-room","tag-fussball-wm","tag-ivory-coast","tag-nicolas-pepe"],"share_on_mastodon":{"url":"https:\/\/pubeurope.com\/@afrika\/117208437405254183","error":""},"_links":{"self":[{"href":"https:\/\/www.europesays.com\/afrika\/wp-json\/wp\/v2\/posts\/50696","targetHints":{"allow":["GET"]}}],"collection":[{"href":"https:\/\/www.europesays.com\/afrika\/wp-json\/wp\/v2\/posts"}],"about":[{"href":"https:\/\/www.europesays.com\/afrika\/wp-json\/wp\/v2\/types\/post"}],"author":[{"embeddable":true,"href":"https:\/\/www.europesays.com\/afrika\/wp-json\/wp\/v2\/users\/2"}],"replies":[{"embeddable":true,"href":"https:\/\/www.europesays.com\/afrika\/wp-json\/wp\/v2\/comments?post=50696"}],"version-history":[{"count":0,"href":"https:\/\/www.europesays.com\/afrika\/wp-json\/wp\/v2\/posts\/50696\/revisions"}],"wp:featuredmedia":[{"embeddable":true,"href":"https:\/\/www.europesays.com\/afrika\/wp-json\/wp\/v2\/media\/50697"}],"wp:attachment":[{"href":"https:\/\/www.europesays.com\/afrika\/wp-json\/wp\/v2\/media?parent=50696"}],"wp:term":[{"taxonomy":"category","embeddable":true,"href":"https:\/\/www.europesays.com\/afrika\/wp-json\/wp\/v2\/categories?post=50696"},{"taxonomy":"post_tag","embeddable":true,"href":"https:\/\/www.europesays.com\/afrika\/wp-json\/wp\/v2\/tags?post=50696"}],"curies":[{"name":"wp","href":"https:\/\/api.w.org\/{rel}","templated":true}]}}