{"id":50708,"date":"2026-09-03T18:28:05","date_gmt":"2026-09-03T18:28:05","guid":{"rendered":"https:\/\/www.europesays.com\/afrika\/50708\/"},"modified":"2026-09-03T18:28:05","modified_gmt":"2026-09-03T18:28:05","slug":"gabun-ehefrau-von-praesidenten-reicht-in-paris-klage-ein","status":"publish","type":"post","link":"https:\/\/www.europesays.com\/afrika\/50708\/","title":{"rendered":"Gabun: Ehefrau von Pr\u00e4sidenten reicht in Paris Klage ein"},"content":{"rendered":"<p>Am Mittwoch hat das Milit\u00e4r in Gabun die Macht \u00fcbernommen und den Pr\u00e4sidenten Ali Bongo unter Hausarrest gestellt. Dessen Ehefrau, eine geb\u00fcrtige Franz\u00f6sin, klagt nun in Frankreich wegen willk\u00fcrlicher Inhaftierung.<\/p>\n<p class=\"c-inline-alert__description\">Klicken Sie hier, um sich Artikel von WELT in der Google-Suche bevorzugt anzeigen zu lassen.<\/p>\n<p class=\"is-first-paragraph\" data-external=\"Article.FirstParagraph\">Die Ehefrau des von Putschisten festgesetzten Pr\u00e4sidenten von Gabun, Ali Bongo Ondimba, hat \u00fcber ihre Anw\u00e4lte in Paris Klage wegen willk\u00fcrlicher Inhaftierung eingereicht. Die geb\u00fcrtige Franz\u00f6sin Sylvia Bongo, die auch die gabunische Staatsangeh\u00f6rigkeit hat, werde an einem unbekannten Ort in Gabun festgehalten, teilten die Anw\u00e4lte Fran\u00e7ois Zimeray und Jessica Finelle am Freitag der Nachrichtenagentur AFP mit. M\u00f6glicherweise handle es sich um ihre Residenz.\u00a0<\/p>\n<p>Sie sei \u201eseit dem Putsch vom 30. August 2023 ihrer Freiheit beraubt, ebenso wie ihr j\u00fcngster Sohn Jalil\u201c, betonen die beiden Anw\u00e4lte. Sie fordern die Erlaubnis konsularischer Besuche, insbesondere f\u00fcr einen weiteren Sohn, Nourredin Bongo Valentin, der \u201em\u00f6glicherweise Opfer eines gewaltsamen Verschwindenlassens\u201c sei.<\/p>\n<p>Aufgrund der franz\u00f6sischen Staatsangeh\u00f6rigkeit von Sylvia Bongo kann die franz\u00f6sische Justiz sich mit diesem Fall befassen. \u201eDieses Verfahren k\u00f6nnte zur Ausstellung eines internationalen Haftbefehls gegen die T\u00e4ter f\u00fchren, denen eine lebenslange Haftstrafe droht\u201c, erkl\u00e4ren die Anw\u00e4lte.<\/p>\n<p>Ali Bongo, der seit 14 Jahren im \u00f6lreichen Gabun an der Macht ist und dessen Familie das Land seit mehr als 55 Jahren regiert, war nach Angaben der Putschisten unter Hausarrest gestellt worden. Sein Sohn Noureddin, der auch einer seiner Berater ist, wurde demnach zusammen mit anderen aus dem engen Umfeld Bongos festgenommen. Die Milit\u00e4rs werfen ihnen \u201eHochverrat\u201c, \u201emassive Veruntreuung \u00f6ffentlicher Gelder\u201c und \u201eF\u00e4lschung der Unterschrift\u201c des Staatschefs vor.\u00a0<\/p>\n<p>In dem zentralafrikanischen Land war es Mittwochmorgen <a class=\"is-link c-block-items__link c-link--rich-text-renderer\" href=\"https:\/\/www.welt.de\/politik\/ausland\/article247182142\/Gabun-Militaer-erklaert-Ende-des-derzeitigen-Regimes-Weitere-Machtuebernahme-in-Afrika.html\" data-internal-tracking-enabled=\"true\" data-internal-tracking=\"{&quot;action&quot;:&quot;click&quot;,&quot;label&quot;:&quot;link&quot;,&quot;name&quot;:&quot;Inline Element&quot;,&quot;data&quot;:{&quot;source&quot;:&quot;&quot;,&quot;target&quot;:&quot;https:\/\/www.welt.de\/politik\/ausland\/article247182142\/Gabun-Militaer-erklaert-Ende-des-derzeitigen-Regimes-Weitere-Machtuebernahme-in-Afrika.html&quot;,&quot;trackingName&quot;:&quot;&quot;,&quot;trackingLabel&quot;:&quot;&quot;}}\" rel=\"nofollow noopener\" target=\"_blank\">zu einem Milit\u00e4rputsch gekommen<\/a>. Die Soldaten begr\u00fcndeten den Staatsstreich mit der \u201eernst zu nehmenden institutionellen, politischen, wirtschaftlichen und sozialen Krise\u201c im Land.\u00a0<\/p>\n<p>Kurz zuvor hatte die nationale Wahlbeh\u00f6rde Bongo zum Sieger der von Betrugsvorw\u00fcrfen und Unregelm\u00e4\u00dfigkeiten \u00fcberschatteten Pr\u00e4sidentschaftswahl erkl\u00e4rt. Der 64-J\u00e4hrige erhielt demnach 64,27 Prozent der W\u00e4hlerstimmen und konnte sich damit eine dritte Amtszeit sichern.<\/p>\n<p>Am Montag soll General Brice Oligui Nguema vor dem Verfassungsgericht des Landes auf unbestimmte Zeit als \u201e\u00dcbergangspr\u00e4sident\u201c vereidigt werden. Die Afrikanische Union (AU) hat Gabun vorl\u00e4ufig ausgeschlossen.<\/p>\n<p>AFP\/ll<\/p>\n","protected":false},"excerpt":{"rendered":"Am Mittwoch hat das Milit\u00e4r in Gabun die Macht \u00fcbernommen und den Pr\u00e4sidenten Ali Bongo unter Hausarrest gestellt.&hellip;\n","protected":false},"author":2,"featured_media":50709,"comment_status":"","ping_status":"","sticky":false,"template":"","format":"standard","meta":{"footnotes":"","_share_on_mastodon":"0"},"categories":[241],"tags":[29,8281,362,361,750],"class_list":["post-50708","post","type-post","status-publish","format-standard","has-post-thumbnail","category-gabun","tag-afrika","tag-frankreich-politik","tag-gabon","tag-gabun","tag-newsteam"],"share_on_mastodon":{"url":"https:\/\/pubeurope.com\/@afrika\/117208527905499076","error":""},"_links":{"self":[{"href":"https:\/\/www.europesays.com\/afrika\/wp-json\/wp\/v2\/posts\/50708","targetHints":{"allow":["GET"]}}],"collection":[{"href":"https:\/\/www.europesays.com\/afrika\/wp-json\/wp\/v2\/posts"}],"about":[{"href":"https:\/\/www.europesays.com\/afrika\/wp-json\/wp\/v2\/types\/post"}],"author":[{"embeddable":true,"href":"https:\/\/www.europesays.com\/afrika\/wp-json\/wp\/v2\/users\/2"}],"replies":[{"embeddable":true,"href":"https:\/\/www.europesays.com\/afrika\/wp-json\/wp\/v2\/comments?post=50708"}],"version-history":[{"count":0,"href":"https:\/\/www.europesays.com\/afrika\/wp-json\/wp\/v2\/posts\/50708\/revisions"}],"wp:featuredmedia":[{"embeddable":true,"href":"https:\/\/www.europesays.com\/afrika\/wp-json\/wp\/v2\/media\/50709"}],"wp:attachment":[{"href":"https:\/\/www.europesays.com\/afrika\/wp-json\/wp\/v2\/media?parent=50708"}],"wp:term":[{"taxonomy":"category","embeddable":true,"href":"https:\/\/www.europesays.com\/afrika\/wp-json\/wp\/v2\/categories?post=50708"},{"taxonomy":"post_tag","embeddable":true,"href":"https:\/\/www.europesays.com\/afrika\/wp-json\/wp\/v2\/tags?post=50708"}],"curies":[{"name":"wp","href":"https:\/\/api.w.org\/{rel}","templated":true}]}}