{"id":50715,"date":"2026-09-03T18:55:00","date_gmt":"2026-09-03T18:55:00","guid":{"rendered":"https:\/\/www.europesays.com\/afrika\/50715\/"},"modified":"2026-09-03T18:55:00","modified_gmt":"2026-09-03T18:55:00","slug":"das-war-die-wm-nacht-kane-glaenzt-ghana-jubelt-spaet-2","status":"publish","type":"post","link":"https:\/\/www.europesays.com\/afrika\/50715\/","title":{"rendered":"Das war die WM-Nacht: Kane gl\u00e4nzt, Ghana jubelt sp\u00e4t"},"content":{"rendered":"<p>\nWM 2026\n<\/p>\n<p>Aktualisiert am 18.06.2026, 06:05 Uhr\n<\/p>\n<p><img loading=\"lazy\" decoding=\"async\" src=\"https:\/\/www.europesays.com\/afrika\/wp-content\/uploads\/2026\/09\/wm-2026-ghana-panama.jpg\" alt=\"WM 2026 - Ghana - Panama\" width=\"950\" height=\"534\"\/><\/p>\n<p>\u00a9 Video-Redaktion<\/p>\n<p class=\"content__description\" data-speakable=\"\">Harry Kane ist beim englischen Sieg der \u00fcberragende Mann. F\u00fcr Ghana wird ein deutlich weniger prominenter Fu\u00dfballer zum Held des ersten Spiels. Kolumbien hat gegen einen Au\u00dfenseiter M\u00fche.<\/p>\n<p data-speakable=\"\">Mit einer herausragenden Leistung beim Auftaktsieg gegen <a data-component-name=\"link.semantic\" data-brain-zone=\".42397752.content.textlink_1\" data-component-path=\"content.textlink_1\" href=\"https:\/\/web.de\/magazine\/reise\/thema\/kroatien\" rel=\"nofollow noopener\" target=\"_blank\">Kroatien<\/a> sch\u00fcrt <a data-component-name=\"link.semantic\" data-brain-zone=\".42397752.content.textlink_2\" data-component-path=\"content.textlink_2\" href=\"https:\/\/web.de\/magazine\/sport\/thema\/harry-kane\" rel=\"nofollow noopener\" target=\"_blank\">Harry Kane<\/a> die englische Hoffnung auf den zweiten WM-Titel. Der St\u00fcrmerstar vom FC Bayern M\u00fcnchen war beim 4:2 (2:2) der \u00fcberragende Mann und traf zweimal. &#8222;Wir haben einfach das gemacht, was wir machen m\u00fcssen, um ein Spiel zu gewinnen&#8220;, sagte Kane. &#8222;Wir sind bereit, wir sind gut eingestellt.&#8220;<\/p>\n<p data-speakable=\"\">Der 32-J\u00e4hrige war mit einem Foulelfmeter im zweiten Versuch (12. Minute) und mit einem Kopfball (42.) erfolgreich. Mit seinen WM-Toren neun und zehn zog Kane mit <a data-component-name=\"link.semantic\" data-brain-zone=\".42397752.content.textlink_3\" data-component-path=\"content.textlink_3\" href=\"https:\/\/web.de\/magazine\/reise\/thema\/grossbritannien\" rel=\"nofollow noopener\" target=\"_blank\">Englands<\/a> bisherigen Rekordhalter Gary Lineker gleich. <a data-component-name=\"link.semantic\" data-brain-zone=\".42397752.content.textlink_4\" data-component-path=\"content.textlink_4\" href=\"https:\/\/web.de\/magazine\/sport\/thema\/jude-bellingham\" rel=\"nofollow noopener\" target=\"_blank\">Jude Bellingham<\/a> (48.) und Marcus Rashford (85.) erzielten die weiteren Tore f\u00fcr den Turnier-Mitfavoriten. F\u00fcr Kroatien konnten Martin Baturina (36.) und Petar Musa (45.+5) zwischenzeitlich zweimal ausgleichen.<\/p>\n<p data-speakable=\"\">Das sind die weiteren wichtigen Themen der Nacht:<\/p>\n<p>Bayerns D\u00edaz schie\u00dft Kolumbien zum Sieg gegen WM-Neuling<\/p>\n<p data-speakable=\"\">Neben Kane gl\u00e4nzte noch ein weiterer Star des <a data-component-name=\"link.semantic\" data-brain-zone=\".42397752.content.textlink_5\" data-component-path=\"content.textlink_5\" href=\"https:\/\/web.de\/magazine\/sport\/fussball\/bundesliga\/fc-bayern\/\" rel=\"nofollow noopener\" target=\"_blank\">FC Bayern<\/a>: <a data-component-name=\"link.semantic\" data-brain-zone=\".42397752.content.textlink_6\" data-component-path=\"content.textlink_6\" href=\"https:\/\/web.de\/magazine\/sport\/thema\/luis-diaz\" rel=\"nofollow noopener\" target=\"_blank\">Luis D\u00edaz<\/a> hat Kolumbien vor einer kleinen Blamage gegen WM-Neuling Usbekistan bewahrt. Der 29-J\u00e4hrige bereitete beim 3:1 (1:0) in Mexiko-Stadt den ersten Treffer seiner Mannschaft durch Daniel Mu\u00f1oz (40. Minute) vor, das zweite Tor erzielte er selbst in der 65. Minute. Zudem traf Jaminton Campaz in der Nachspielzeit. Die Usbeken hatten durch Abbosbek Fayzullaev ihr erstes WM-Tor erzielt (60.). <\/p>\n<p data-speakable=\"\">D\u00edaz und seine Teamkollegen konnten sich \u00fcber gro\u00dfe Unterst\u00fctzung freuen. Das Aztekenstadion war fest in kolumbianischer Hand.<\/p>\n<p><a href=\"https:\/\/i0.web.de\/image\/928\/42397928,pd=1\/wm-2026-usbekistan-kolumbien.jpg\" data-brain-zone=\".42397752.content.teaser_2.1\" data-component-path=\"content.teaser_2.1\" data-component-name=\"link.editorial\" rel=\"nofollow noopener\" target=\"_blank\"> <\/p>\n<p><img decoding=\"async\" src=\"https:\/\/www.europesays.com\/afrika\/wp-content\/uploads\/2026\/09\/wm-2026-usbekistan-kolumbien.jpg\" alt=\"WM 2026 - Usbekistan - Kolumbien\" width=\"1000\" loading=\"lazy\"\/><\/p>\n<p><\/a><br \/>\nLuis D\u00edaz jubelt.<\/p>\n<p>\u00a9\u00a0dpa \/ Ashtin Barker\/AP\/dpa  <\/p>\n<p>Ghana feiert Last-Minute-Sieg gegen Panama<\/p>\n<p data-speakable=\"\">Caleb Yirenkyi hat Ghana mit einem ganz sp\u00e4ten Tor im str\u00f6menden Regen von Toronto den Sieg gegen <a data-component-name=\"link.semantic\" data-brain-zone=\".42397752.content.textlink_7\" data-component-path=\"content.textlink_7\" href=\"https:\/\/web.de\/magazine\/sport\/thema\/panama\" rel=\"nofollow noopener\" target=\"_blank\">Panama<\/a> beschert. Der 20-J\u00e4hrige vom FC Nordsjaelland in D\u00e4nemark traf in der vierten Minute der Nachspielzeit zum gl\u00fccklichen 1:0 (0:0) f\u00fcr Ghana, das \u00fcber weite Strecken der Partie entt\u00e4uschte. Panama muss weiter auf seinen ersten Punkt bei einer Fu\u00dfball-Weltmeisterschaft warten. F\u00fcr die Mittelamerikaner ist es nach 2018 die zweite WM-Teilnahme.<\/p>\n<p data-speakable=\"\">Bei Ghana fehlte Thomas Partey, dem von Kanadas Beh\u00f6rden wegen eines gegen ihn in England laufenden Gerichtsverfahrens <a target=\"_blank\" data-brain-zone=\".42397752.content.textlink_8\" data-component-path=\"content.textlink_8\" data-component-name=\"link.editorial\" rel=\"noopener nofollow\" href=\"https:\/\/web.de\/magazine\/sport\/fussball\/wm\/wm-2026-live-blog-gericht-bestaetigt-einreiseverbot-ghana-profi-partey-42388432\">die Einreise verweigert worden war.<\/a> Ein Einspruch des 33-J\u00e4hrigen vom FC Villareal gegen diese Entscheidung war am Tag vor dem Spiel vom kanadischen Bundesgericht abgewiesen worden.<\/p>\n<p>&#8222;Keinen Einfluss&#8220;: Drohne bei S\u00fcdkorea rechtzeitig entdeckt<\/p>\n<p data-speakable=\"\">Wollte sich da jemand zus\u00e4tzliche Informationen verschaffen? Ein m\u00f6glicher Spionagefall im WM-Training von S\u00fcdkorea ist gerade noch so verhindert worden. &#8222;Das Timing war hier sehr wichtig&#8220;, sagte Trainer Myung-bo Hong vor dem Spiel gegen Co-Gastgeber Mexiko. &#8222;W\u00e4hrend unseres Trainings war pl\u00f6tzlich eine Drohne am Himmel. Gl\u00fccklicherweise wurde sie kurz vor unserem Taktik-Block entdeckt. Das war der wichtigste Teil des Trainings. Es wird also keinen Einfluss haben.&#8220;<\/p>\n<p>Empfehlungen der Redaktion<\/p>\n<p data-speakable=\"\">Das Training im mexikanischen Zapopan war nicht \u00f6ffentlich. Ein mexikanischer Milit\u00e4rangeh\u00f6riger, der im Basiscamp der Mannschaft stationiert ist und f\u00fcr die St\u00f6rung von Drohnen zust\u00e4ndig ist, habe das Flugobjekt zum Absturz gebracht. Medienberichten zufolge konnten die mutma\u00dflichen T\u00e4ter die Drohne wieder einsammeln und fliehen.<\/p>\n<p>Brasiliens Weltmeistertrainer Parreira im Krankenhaus<\/p>\n<p data-speakable=\"\">Carlos Alberto Parreira, Brasiliens Weltmeistertrainer von 1994, ist ins Krankenhaus in Rio de Janeiro gekommen. Die Klinik best\u00e4tigte die Aufnahme des fr\u00fcheren Nationaltrainers, machte jedoch keine weiteren Angaben zum Gesundheitszustand des 83-J\u00e4hrigen. Parreira lebt seit 2023 mit einem Hodgkin-Lymphom, einer Krebserkrankung des Lymphsystems. Die Krankheit galt zeitweise als zur\u00fcckgedr\u00e4ngt, trat sp\u00e4ter jedoch erneut auf. (dpa\/bearbeitet von lh)<\/p>\n<p>\nTeaserbild: \u00a9 dpa\/Tony Gutierrez\/AP<\/p>\n","protected":false},"excerpt":{"rendered":"WM 2026 Aktualisiert am 18.06.2026, 06:05 Uhr \u00a9 Video-Redaktion Harry Kane ist beim englischen Sieg der \u00fcberragende Mann.&hellip;\n","protected":false},"author":2,"featured_media":50716,"comment_status":"","ping_status":"","sticky":false,"template":"","format":"standard","meta":{"footnotes":"","_share_on_mastodon":"0"},"categories":[13],"tags":[2340,151,12973,4598,12820],"class_list":["post-50715","post","type-post","status-publish","format-standard","has-post-thumbnail","category-ghana","tag-fc-bayern-muenchen","tag-ghana","tag-harry-kane","tag-kolumbien","tag-luis-diaz"],"share_on_mastodon":{"url":"https:\/\/pubeurope.com\/@afrika\/117208634074121812","error":""},"_links":{"self":[{"href":"https:\/\/www.europesays.com\/afrika\/wp-json\/wp\/v2\/posts\/50715","targetHints":{"allow":["GET"]}}],"collection":[{"href":"https:\/\/www.europesays.com\/afrika\/wp-json\/wp\/v2\/posts"}],"about":[{"href":"https:\/\/www.europesays.com\/afrika\/wp-json\/wp\/v2\/types\/post"}],"author":[{"embeddable":true,"href":"https:\/\/www.europesays.com\/afrika\/wp-json\/wp\/v2\/users\/2"}],"replies":[{"embeddable":true,"href":"https:\/\/www.europesays.com\/afrika\/wp-json\/wp\/v2\/comments?post=50715"}],"version-history":[{"count":0,"href":"https:\/\/www.europesays.com\/afrika\/wp-json\/wp\/v2\/posts\/50715\/revisions"}],"wp:featuredmedia":[{"embeddable":true,"href":"https:\/\/www.europesays.com\/afrika\/wp-json\/wp\/v2\/media\/50716"}],"wp:attachment":[{"href":"https:\/\/www.europesays.com\/afrika\/wp-json\/wp\/v2\/media?parent=50715"}],"wp:term":[{"taxonomy":"category","embeddable":true,"href":"https:\/\/www.europesays.com\/afrika\/wp-json\/wp\/v2\/categories?post=50715"},{"taxonomy":"post_tag","embeddable":true,"href":"https:\/\/www.europesays.com\/afrika\/wp-json\/wp\/v2\/tags?post=50715"}],"curies":[{"name":"wp","href":"https:\/\/api.w.org\/{rel}","templated":true}]}}