{"id":50717,"date":"2026-09-03T18:56:54","date_gmt":"2026-09-03T18:56:54","guid":{"rendered":"https:\/\/www.europesays.com\/afrika\/50717\/"},"modified":"2026-09-03T18:56:54","modified_gmt":"2026-09-03T18:56:54","slug":"kurznachrichten-zufahrt-zum-airport-hamburg-ab-montag-erschwert-airbus-auslieferung-an-air-cote-divoire","status":"publish","type":"post","link":"https:\/\/www.europesays.com\/afrika\/50717\/","title":{"rendered":"Kurznachrichten: Zufahrt zum Airport Hamburg ab Montag erschwert, Airbus-Auslieferung an Air C\u00f4te d\u2019Ivoire"},"content":{"rendered":"<p>\t\t\t<a href=\"https:\/\/www.airportzentrale.de\/wp-content\/uploads\/2015\/04\/Kurznachrichten-2015.jpg\" rel=\"nofollow noopener\" target=\"_blank\"><img class=\"size-medium wp-image-39581\" data-interchange=\"[https:\/\/www.airportzentrale.de\/wp-content\/uploads\/2015\/04\/Kurznachrichten-2015-703x377.jpg, (default)], [https:\/\/www.airportzentrale.de\/wp-content\/uploads\/2015\/04\/Kurznachrichten-2015-300x161.jpg, (large)]\"\/><\/a>Grafik: airportzentrale.de<\/p>\n<p>Airport-Zufahrt: Den Flughafen Hamburg via Auto zu erreichen wird ab der kommenden Woche komplizierter. Aufgrund von Bauarbeiten kann es ab Montag, 8. September 2025, zu Verkehrsbehinderungen auf der B433 (Fahrtrichtungen Flughafen\/Zentrum) in H\u00f6he des Flughafengel\u00e4ndes kommen. Dem Verkehr steht je Richtung nur ein Fahrstreifen zur Verf\u00fcgung. Der betroffene Streckenabschnitt beginnt in H\u00f6he der Flughafen-Parkh\u00e4user und endet hinter dem Tunnel unter der Alsterkrugchaussee. Die Autobahn GmbH f\u00fchrt auf der B433 Instandsetzungsarbeiten durch, die Bauarbeiten k\u00f6nnen bis Ende Januar dauern, teilte der Airport jetzt mit und bittet mehr Zeit einzuplanen.<\/p>\n<p>Auslieferung: Air C\u00f4te d\u2019Ivoire, die nationale Fluggesellschaft der Elfenbeink\u00fcste, hat den ersten von zwei Airbus A330-900 \u00fcbernommen. Der <a href=\"https:\/\/www.airportzentrale.de\/condor-bestellt-vier-weitere-a330neo\/88887\/\" rel=\"nofollow noopener\" target=\"_blank\">A330neo<\/a> ist das erste Gro\u00dfraumflugzeug der Air C\u00f4te d\u2019Ivoire-Flotte und verf\u00fcgt \u00fcber eine komfortable Vierklassenkabine mit vier Sitzen in der First Class, 44 in der Business Class, 21 in der Premium Economy Class und 173 in der Economy Class, teilte Airbus heute mit.<\/p>\n<p>Werbung<\/p>\n<p><a href=\"https:\/\/www.airportzentrale.de\/service\/auslandskrankenversicherung-vergleichsrechner\/\" rel=\"nofollow noopener\" target=\"_blank\"><br \/>\n<img fetchpriority=\"high\" decoding=\"async\" border=\"0\" src=\"https:\/\/www.europesays.com\/afrika\/wp-content\/uploads\/2026\/08\/Auslandskrankenversicherung-klein.jpg\" width=\"320\" height=\"266\"\/><\/a><\/p>\n","protected":false},"excerpt":{"rendered":"Grafik: airportzentrale.de Airport-Zufahrt: Den Flughafen Hamburg via Auto zu erreichen wird ab der kommenden Woche komplizierter. Aufgrund von&hellip;\n","protected":false},"author":2,"featured_media":50718,"comment_status":"","ping_status":"","sticky":false,"template":"","format":"standard","meta":{"footnotes":"","_share_on_mastodon":"0"},"categories":[14],"tags":[125,124,126],"class_list":["post-50717","post","type-post","status-publish","format-standard","has-post-thumbnail","category-elfenbeinkueste","tag-cote-divoire","tag-elfenbeinkueste","tag-ivory-coast"],"share_on_mastodon":{"url":"https:\/\/pubeurope.com\/@afrika\/117208641932889542","error":""},"_links":{"self":[{"href":"https:\/\/www.europesays.com\/afrika\/wp-json\/wp\/v2\/posts\/50717","targetHints":{"allow":["GET"]}}],"collection":[{"href":"https:\/\/www.europesays.com\/afrika\/wp-json\/wp\/v2\/posts"}],"about":[{"href":"https:\/\/www.europesays.com\/afrika\/wp-json\/wp\/v2\/types\/post"}],"author":[{"embeddable":true,"href":"https:\/\/www.europesays.com\/afrika\/wp-json\/wp\/v2\/users\/2"}],"replies":[{"embeddable":true,"href":"https:\/\/www.europesays.com\/afrika\/wp-json\/wp\/v2\/comments?post=50717"}],"version-history":[{"count":0,"href":"https:\/\/www.europesays.com\/afrika\/wp-json\/wp\/v2\/posts\/50717\/revisions"}],"wp:featuredmedia":[{"embeddable":true,"href":"https:\/\/www.europesays.com\/afrika\/wp-json\/wp\/v2\/media\/50718"}],"wp:attachment":[{"href":"https:\/\/www.europesays.com\/afrika\/wp-json\/wp\/v2\/media?parent=50717"}],"wp:term":[{"taxonomy":"category","embeddable":true,"href":"https:\/\/www.europesays.com\/afrika\/wp-json\/wp\/v2\/categories?post=50717"},{"taxonomy":"post_tag","embeddable":true,"href":"https:\/\/www.europesays.com\/afrika\/wp-json\/wp\/v2\/tags?post=50717"}],"curies":[{"name":"wp","href":"https:\/\/api.w.org\/{rel}","templated":true}]}}