{"id":50728,"date":"2026-09-03T19:06:21","date_gmt":"2026-09-03T19:06:21","guid":{"rendered":"https:\/\/www.europesays.com\/afrika\/50728\/"},"modified":"2026-09-03T19:06:21","modified_gmt":"2026-09-03T19:06:21","slug":"beziehungen-seit-einiger-zeit-massiv-angespannt-suedafrikas-praesident-nach-us-druck-von-g7-gipfel-in-frankreich-ausgeschlossen","status":"publish","type":"post","link":"https:\/\/www.europesays.com\/afrika\/50728\/","title":{"rendered":"Beziehungen seit einiger Zeit massiv angespannt: S\u00fcdafrikas Pr\u00e4sident nach US-Druck von G7-Gipfel in Frankreich ausgeschlossen"},"content":{"rendered":"<p>Beziehungen seit einiger Zeit massiv angespanntS\u00fcdafrikas Pr\u00e4sident nach US-Druck von G7-Gipfel in Frankreich ausgeschlossen<img decoding=\"async\" class=\"Image_img__fQCi0 Image_Img_16_9__4BLfH widget-picture-inline_maximizable__t_E7h\" loading=\"eager\" fetchpriority=\"high\" src=\"https:\/\/www.n-tv.de\/img\/30153459\/1765974232\/Img_16_9\/1024\/526579037.webp\" alt=\"526579037\"\/>President Donald Trump meets with South Africa&#8217;s President Cyril Ramaphosa in the Oval Office of the White House in Washington, DC, on Wednesday, May 21, 2025. Photo by Jim Lo Scalzo\/UPI Photo via Newscom picture alliance (Foto: picture alliance \/ Newscom)<\/p>\n<p class=\"Typography_text-m__XI0da Typography_weight-bold__uT6mq storyline_lead_text_leadtext__q_wg8\">S\u00fcdafrikas Pr\u00e4sident Cyril Ramaphosa ist laut seinem B\u00fcro auf Dr\u00e4ngen der USA vom G7-Gipfel im Juni in Frankreich ausgeladen worden.<\/p>\n<p class=\"Typography_text-default__P3otY Typography_weight-normal__pqUbH storyline_paragraph_p__qSR5N\">S\u00fcdafrikas Pr\u00e4sident Cyril Ramaphosa ist laut seinem B\u00fcro auf Dr\u00e4ngen der USA vom G7-Gipfel im Juni in Frankreich ausgeladen worden. &#8222;Wir haben erfahren, dass Frankreich aufgrund anhaltenden Drucks seine Einladung an S\u00fcdafrika zur Teilnahme am G7-Treffen zur\u00fcckziehen musste&#8220;, sagte Ramaphosas Sprecher Vincent Magwenya am Donnerstag der Nachrichtenagentur AFP. Grund der Ausladung sei die Drohung der USA, nicht an dem Gipfeltreffen im franz\u00f6sischen Evian teilzunehmen, falls S\u00fcdafrika eingeladen werde.<\/p>\n<p class=\"Typography_text-default__P3otY Typography_weight-normal__pqUbH storyline_paragraph_p__qSR5N\">Ramaphosa selbst \u00e4u\u00dferte sich zur\u00fcckhaltend und verwies darauf, dass S\u00fcdafrika kein Mitglied der G7 sei. Es gebe &#8222;viele L\u00e4nder auf der Welt&#8220;, die nicht zu den Treffen der Staatengruppe eingeladen werden, sagte er. Es w\u00e4re daher keine \u00dcberraschung, wenn sein Land an dem Gipfel in Frankreich nicht teilnehmen sollte. Im Vergangenen Jahr hatte S\u00fcdafrika als Gastland am G7-Gipfel in Kanada teilgenommen.<\/p>\n<p class=\"Typography_text-default__P3otY Typography_weight-normal__pqUbH storyline_paragraph_p__qSR5N\">Frankreich hat im Januar den rotierenden Vorsitz der Gruppe der sieben gro\u00dfen Industrienationen \u00fcbernommen, zu der neben den USA auch Kanada, Japan, Deutschland, Gro\u00dfbritannien und Italien geh\u00f6ren.<\/p>\n<p class=\"Typography_text-default__P3otY Typography_weight-normal__pqUbH storyline_paragraph_p__qSR5N\">Die Beziehungen zwischen den USA und S\u00fcdafrika sind seit einiger Zeit massiv angespannt. US-Pr\u00e4sident Donald Trump hat S\u00fcdafrika mit hohen Z\u00f6llen \u00fcberzogen und wirft dem fr\u00fcheren Apartheid-Staat angebliche Menschenrechtsverletzungen und einen &#8222;Genozid&#8220; an Wei\u00dfen vor. S\u00fcdafrikas Regierung weist dies zur\u00fcck. Den G20-Gipfel in S\u00fcdafrika im November hatte Washington bereits boykottiert. Trump geriet zudem mit Ramaphosas Regierung aneinander, weil S\u00fcdafrika den US-Verb\u00fcndeten Israel wegen des Vorwurfs eines V\u00f6lkermords im Gazastreifen vor den Internationalen Gerichtshof gebracht hat.<\/p>\n<p class=\"Typography_text-s__wu_cm Typography_weight-normal__pqUbH Typography_color-darkgrey__sZEnP article-detail-footer_source__KslPc\">Quelle: ntv.de, afp<\/p>\n","protected":false},"excerpt":{"rendered":"Beziehungen seit einiger Zeit massiv angespanntS\u00fcdafrikas Pr\u00e4sident nach US-Druck von G7-Gipfel in Frankreich ausgeschlossenPresident Donald Trump meets with&hellip;\n","protected":false},"author":2,"featured_media":50729,"comment_status":"","ping_status":"","sticky":false,"template":"","format":"standard","meta":{"footnotes":"","_share_on_mastodon":"0"},"categories":[6],"tags":[44,43],"class_list":["post-50728","post","type-post","status-publish","format-standard","has-post-thumbnail","category-suedafrika","tag-south-africa","tag-suedafrika"],"share_on_mastodon":{"url":"https:\/\/pubeurope.com\/@afrika\/117208677346918850","error":""},"_links":{"self":[{"href":"https:\/\/www.europesays.com\/afrika\/wp-json\/wp\/v2\/posts\/50728","targetHints":{"allow":["GET"]}}],"collection":[{"href":"https:\/\/www.europesays.com\/afrika\/wp-json\/wp\/v2\/posts"}],"about":[{"href":"https:\/\/www.europesays.com\/afrika\/wp-json\/wp\/v2\/types\/post"}],"author":[{"embeddable":true,"href":"https:\/\/www.europesays.com\/afrika\/wp-json\/wp\/v2\/users\/2"}],"replies":[{"embeddable":true,"href":"https:\/\/www.europesays.com\/afrika\/wp-json\/wp\/v2\/comments?post=50728"}],"version-history":[{"count":0,"href":"https:\/\/www.europesays.com\/afrika\/wp-json\/wp\/v2\/posts\/50728\/revisions"}],"wp:featuredmedia":[{"embeddable":true,"href":"https:\/\/www.europesays.com\/afrika\/wp-json\/wp\/v2\/media\/50729"}],"wp:attachment":[{"href":"https:\/\/www.europesays.com\/afrika\/wp-json\/wp\/v2\/media?parent=50728"}],"wp:term":[{"taxonomy":"category","embeddable":true,"href":"https:\/\/www.europesays.com\/afrika\/wp-json\/wp\/v2\/categories?post=50728"},{"taxonomy":"post_tag","embeddable":true,"href":"https:\/\/www.europesays.com\/afrika\/wp-json\/wp\/v2\/tags?post=50728"}],"curies":[{"name":"wp","href":"https:\/\/api.w.org\/{rel}","templated":true}]}}