{"id":50758,"date":"2026-09-03T20:00:26","date_gmt":"2026-09-03T20:00:26","guid":{"rendered":"https:\/\/www.europesays.com\/afrika\/50758\/"},"modified":"2026-09-03T20:00:26","modified_gmt":"2026-09-03T20:00:26","slug":"spielbericht-mexiko-suedafrika","status":"publish","type":"post","link":"https:\/\/www.europesays.com\/afrika\/50758\/","title":{"rendered":"Spielbericht | Mexiko &#8211; S\u00fcdafrika"},"content":{"rendered":"<p>Nach einer spektakul\u00e4ren Zeremonie mit Glanz und Glamour hat der Co-Gastgeber die gr\u00f6\u00dfte WM der Geschichte auch sportlich geb\u00fchrend er\u00f6ffnet. Fiesta Mexicana!<\/p>\n<p>Von den frenetischen Fans in Mexiko-Stadt angepeitscht, bezwang &#8222;El Tri&#8220; am Ende nur noch neun S\u00fcdafrikaner verdient mit 2:0 (1:0).<\/p>\n<p>\n        WM 2026 &#8211; Gruppe A &#8211; nach Spieltag 1\n      <\/p>\n<p>Mexiko<br \/>\n2:0<br \/>\nS\u00fcdafrika<\/p>\n<p>S\u00fcdkorea<br \/>\n2:1<br \/>\nTschechien<\/p>\n<p>Pl.<br \/>\nTeam<br \/>\nSp.<br \/>\nTore<br \/>\nDiff.<br \/>\nPkt.<\/p>\n<p>1.<br \/>\nMexiko<br \/>\n1<br \/>\n2:0<br \/>\n+2<br \/>\n3<\/p>\n<p>2.<br \/>\nS\u00fcdkorea<br \/>\n1<br \/>\n2:1<br \/>\n+1<br \/>\n3<\/p>\n<p>3.<br \/>\nTschechien<br \/>\n1<br \/>\n1:2<br \/>\n-1<br \/>\n0<\/p>\n<p>4.<br \/>\nS\u00fcdafrika<br \/>\n1<br \/>\n0:2<br \/>\n-2<br \/>\n0<\/p>\n<p>Quinones, der bei Al-Qadisiya in Saudi-Arabien sein Geld verdient, nutzte in der 9. Minute einen b\u00f6sen Schnitzer von S\u00fcdafrikas Mittelfeldspieler Yaya Sithole zum ersten Treffer der 23. Weltmeisterschaft, Raul Jimenez (67.) legte in der zweiten Halbzeit mit einem Kopfball nach. Sithole wurde zum Pechvogel des Spiels, er sah nach einer Notbremse die Rote Karte (50.) &#8211; wie sein Mitspieler Themba Zwane sechs Minuten vor dem Abpfiff wegen einer T\u00e4tlichkeit und der Mexikaner Cesar Montes (90.+2) wegen einer Notbremse.<\/p>\n<p>\n        FIFA-Weltmeisterschaft 2026\u2122\n      <\/p>\n<p>          Datum: 11.Juni &#8211; 19. Juli 2026<br \/>\n          Ort: USA, Mexiko, Kanada (16 Stadien)<br \/>\n          Er\u00f6ffnungsspiel: Mexiko &#8211; S\u00fcdafrika, Aztekenstadion (Mexiko, 11. Juni)<br \/>\n          Finale: New York New Jersey (USA, 19. Juli)<br \/>\n          Teilnehmer: 48 Nationen<br \/>\n          Spielmodus: Rundenturnier (12 Gruppen \u00e1 4 Teams), K-.o-System<\/p>\n<p>Knallbunte Er\u00f6ffnungsfeier mit Shakira<\/p>\n<p>Dank des ersehnten Sieges in der Neuauflage des <a href=\"https:\/\/sport.sky.de\/fussball\/artikel\/wm-2026-in-kanada-mexiko-und-usa-spielplan-uebertragung-tickets-stadien\/13345013\/34709\" target=\"_blank\" rel=\"nofollow noopener\">WM<\/a>-Er\u00f6ffnungsspiels von 2010 (1:1) in Johannesburg darf Mexiko, neben den USA und Kanada einer der drei Ausrichter der ersten WM mit 48 Nationen, schon auf die K.o.-Runde hoffen.<\/p>\n<p>Bereits vor dem Anpfiff brachte Pop-Superstar Shakira die Fans in der ikonischen Arena, in der schon die Weltmeisterschaften 1970 und 1986 er\u00f6ffnet worden waren, zum Tanzen. Als H\u00f6hepunkt einer knallbunten Er\u00f6ffnungsfeier mit vielen Latino-Rhythmen, Feuerwerk in Landesfarben und einem WM-Pokal im XXL-Format performte sie mit dem nigerianischen K\u00fcnstler Burna Boy den WM-Song &#8222;Dai Dai&#8220;.<\/p>\n<p>ZUM DURCHKLICKEN: Die besten Bilder der Er\u00f6ffnungsfeier<br \/>\nDFB-Ikone V\u00f6ller schw\u00e4rmt von Atmosph\u00e4re<\/p>\n<p>&#8222;Eine unglaubliche Atmosph\u00e4re, da geht die Post ab&#8220;, schw\u00e4rmte <a href=\"https:\/\/sport.sky.de\/deutschland\" target=\"_blank\" rel=\"nofollow noopener\">DFB<\/a>-Sportdirektor <a href=\"https:\/\/sport.sky.de\/thema\/rudi-v%C3%B6ller\/11135\" target=\"_blank\" rel=\"nofollow noopener\">Rudi V\u00f6ller<\/a>, der eigens angereist war, am ZDF-Mikrofon. Als dann auch noch der italienische Star-Tenor Andrea Bocelli gesungen hatte, reckte FIFA-Pr\u00e4sident Gianni Infantino der Masse im Beisein des mexikanischen Hollywood-Stars Salma Hayek die echte WM-Troph\u00e4e entgegen. Es konnte endlich losgehen.<\/p>\n<p>W\u00e4hrend in der Arena die gro\u00dfe Fu\u00dfball-Sause stieg, kam es au\u00dferhalb aber auch zu tumultartigen Szenen. Nachdem das Stadtbild seit Tagen von gro\u00df angelegten Protesten, unter anderem von der Lehrergewerkschaft, bestimmt worden war, dr\u00e4ngten am Donnerstag Tausende Anh\u00e4nger in die Fanzone auf dem ber\u00fchmten Marktplatz Z\u00f3calo.<\/p>\n<p>Wie die franz\u00f6sische Nachrichtenagentur AFP berichtete, hatten Metallbarrieren, die in den vergangenen Tagen wegen der Proteste aufgestellt worden waren, den Zugang erschwert. In Stadionn\u00e4he kam es zudem zu Auseinandersetzungen zwischen Demonstranten und der Polizei.<\/p>\n<p>ZUM DURCHKLICKEN: Die Trikots zur WM 2026<br \/>\nMexiko eiskalt, S\u00fcdafrika harmlos<\/p>\n<p>Im Aztekenstadion wirkten die Mexikaner von der ohrenbet\u00e4ubenden Kulisse vom Start weg wie befl\u00fcgelt. St\u00fcrmer Jimenez (5.) pr\u00fcfte S\u00fcdafrikas Torwart Ronwen Williams fr\u00fch. Vier Minuten sp\u00e4ter war dieser dann machtlos, als Sithole den Ball am eigenen Strafraum an Erik Lira verlor. Quinones vollstreckte eiskalt durch Williams&#8216; Beine.<\/p>\n<p>Von den S\u00fcdafrikanern kam offensiv kaum etwas, weshalb die Partie deutlich abflachte. Erst kurz vor der Halbzeit zog Mexiko wieder etwas an, Jimenez (42.) scheiterte an Williams, Quinones nur Augenblicke sp\u00e4ter am Pfosten.<\/p>\n<p>Nach der Pause agierte S\u00fcdafrika vor allem defensiv keineswegs sattelfest. Schlussmann Williams (46.) spielte Mexikos Alvaro Fidalgo den Ball am Sechzehner direkt in die F\u00fc\u00dfe, doch der Favorit nahm das Geschenk nicht an. Als Sithole kurz darauf den enteilten Brian Gutierrez als letzter Mann von den Beinen holte, geriet S\u00fcdafrika nur noch mehr unter Druck. In \u00dcberzahl machte Mexiko alles klar, Jimenez riss mit seinem Kopfballtor sogar Box-Superstar Saul &#8222;Canelo&#8220; Alvarez vom Sitz.<\/p>\n<p><a href=\"https:\/\/sport.sky.de\/artikel\/sport-informations-dienst-sid\/11630363\/34240\" target=\"_blank\" rel=\"nofollow noopener\">SID<\/a><\/p>\n<p>Alle weiteren wichtigen Nachrichten zur <a href=\"http:\/\/wm%202026%20in%20kanada,%20mexiko%20und%20usa:%20Spielplan,%20%C3%9Cbertragung,%20Tickets,%20Stadien%20%7C%20Fu%C3%9Fball%20News%20%7C%20Sky%20Sport\/\" target=\"_blank\">FIFA Fu\u00dfball-Weltmeisterschaft 2026\u2122<\/a> gibt es im <a href=\"https:\/\/sport.sky.de\/fussball\/artikel\/wm-2026-live-alle-news-und-infos-im-ticker\/13541502\/34173\" target=\"_blank\" rel=\"nofollow noopener\">WM Update<\/a> nachzulesen.<\/p>\n","protected":false},"excerpt":{"rendered":"Nach einer spektakul\u00e4ren Zeremonie mit Glanz und Glamour hat der Co-Gastgeber die gr\u00f6\u00dfte WM der Geschichte auch sportlich&hellip;\n","protected":false},"author":2,"featured_media":50759,"comment_status":"","ping_status":"","sticky":false,"template":"","format":"standard","meta":{"footnotes":"","_share_on_mastodon":"0"},"categories":[6],"tags":[44,43],"class_list":["post-50758","post","type-post","status-publish","format-standard","has-post-thumbnail","category-suedafrika","tag-south-africa","tag-suedafrika"],"share_on_mastodon":{"url":"https:\/\/pubeurope.com\/@afrika\/117208889638389141","error":""},"_links":{"self":[{"href":"https:\/\/www.europesays.com\/afrika\/wp-json\/wp\/v2\/posts\/50758","targetHints":{"allow":["GET"]}}],"collection":[{"href":"https:\/\/www.europesays.com\/afrika\/wp-json\/wp\/v2\/posts"}],"about":[{"href":"https:\/\/www.europesays.com\/afrika\/wp-json\/wp\/v2\/types\/post"}],"author":[{"embeddable":true,"href":"https:\/\/www.europesays.com\/afrika\/wp-json\/wp\/v2\/users\/2"}],"replies":[{"embeddable":true,"href":"https:\/\/www.europesays.com\/afrika\/wp-json\/wp\/v2\/comments?post=50758"}],"version-history":[{"count":0,"href":"https:\/\/www.europesays.com\/afrika\/wp-json\/wp\/v2\/posts\/50758\/revisions"}],"wp:featuredmedia":[{"embeddable":true,"href":"https:\/\/www.europesays.com\/afrika\/wp-json\/wp\/v2\/media\/50759"}],"wp:attachment":[{"href":"https:\/\/www.europesays.com\/afrika\/wp-json\/wp\/v2\/media?parent=50758"}],"wp:term":[{"taxonomy":"category","embeddable":true,"href":"https:\/\/www.europesays.com\/afrika\/wp-json\/wp\/v2\/categories?post=50758"},{"taxonomy":"post_tag","embeddable":true,"href":"https:\/\/www.europesays.com\/afrika\/wp-json\/wp\/v2\/tags?post=50758"}],"curies":[{"name":"wp","href":"https:\/\/api.w.org\/{rel}","templated":true}]}}