{"id":50770,"date":"2026-09-03T20:17:13","date_gmt":"2026-09-03T20:17:13","guid":{"rendered":"https:\/\/www.europesays.com\/afrika\/50770\/"},"modified":"2026-09-03T20:17:13","modified_gmt":"2026-09-03T20:17:13","slug":"was-luxemburg-von-mosambik-ueber-inklusion-lernen-kann","status":"publish","type":"post","link":"https:\/\/www.europesays.com\/afrika\/50770\/","title":{"rendered":"Was Luxemburg von Mosambik \u00fcber Inklusion lernen kann"},"content":{"rendered":"<p>&#8222;Bevor ich mein Unternehmen gr\u00fcndete, dachten viele Menschen, dass eine Person mit Behinderung nicht in der Lage sei, ein Unternehmen zu f\u00fchren&#8220;, berichtet die 24-j\u00e4hrige Thelma Felix Avano. Die junge Frau konnte ihr Lebensmittelgesch\u00e4ft dank des Projekts &#8222;VaMoz Digital!&#8220; gr\u00fcnden, einem von Handicap International in Mosambik unterst\u00fctzten Gr\u00fcnderprogramm. &#8222;Heute habe ich ihnen dank meines Gesch\u00e4fts und der Unterst\u00fctzung, die ich erhalten habe, das Gegenteil beweisen k\u00f6nnen. Durch das Gr\u00fcnderprogramm habe ich gelernt, mein Unternehmen zu f\u00fchren, die Bed\u00fcrfnisse meiner Kunden besser zu verstehen und meine Kompetenzen als Unternehmerin auszubauen. Das hat die Sichtweise meiner Familie und meiner Gemeinschaft auf mich ver\u00e4ndert. Mein Ziel ist es nun, mein Unternehmen auszubauen und zu einem Vorbild f\u00fcr andere Menschen mit Behinderung zu werden. Ich m\u00f6chte, dass sie, wenn sie meinen Werdegang sehen, sich sagen: &#8218;Auch ich kann Erfolg haben.&#8216; Menschen mit Behinderung haben die F\u00e4higkeiten, ihr eigenes Unternehmen zu gr\u00fcnden, zu f\u00fchren und auszubauen. Es ist wichtig, Vorurteile zu \u00fcberwinden, uns zu vertrauen und uns die gleichen Chancen wie anderen zu geben.&#8220;<\/p>\n","protected":false},"excerpt":{"rendered":"&#8222;Bevor ich mein Unternehmen gr\u00fcndete, dachten viele Menschen, dass eine Person mit Behinderung nicht in der Lage sei,&hellip;\n","protected":false},"author":2,"featured_media":50771,"comment_status":"","ping_status":"","sticky":false,"template":"","format":"standard","meta":{"footnotes":"","_share_on_mastodon":"0"},"categories":[26],"tags":[346,347],"class_list":["post-50770","post","type-post","status-publish","format-standard","has-post-thumbnail","category-mosambik","tag-mosambik","tag-mozambique"],"share_on_mastodon":{"url":"https:\/\/pubeurope.com\/@afrika\/117208956419331977","error":""},"_links":{"self":[{"href":"https:\/\/www.europesays.com\/afrika\/wp-json\/wp\/v2\/posts\/50770","targetHints":{"allow":["GET"]}}],"collection":[{"href":"https:\/\/www.europesays.com\/afrika\/wp-json\/wp\/v2\/posts"}],"about":[{"href":"https:\/\/www.europesays.com\/afrika\/wp-json\/wp\/v2\/types\/post"}],"author":[{"embeddable":true,"href":"https:\/\/www.europesays.com\/afrika\/wp-json\/wp\/v2\/users\/2"}],"replies":[{"embeddable":true,"href":"https:\/\/www.europesays.com\/afrika\/wp-json\/wp\/v2\/comments?post=50770"}],"version-history":[{"count":0,"href":"https:\/\/www.europesays.com\/afrika\/wp-json\/wp\/v2\/posts\/50770\/revisions"}],"wp:featuredmedia":[{"embeddable":true,"href":"https:\/\/www.europesays.com\/afrika\/wp-json\/wp\/v2\/media\/50771"}],"wp:attachment":[{"href":"https:\/\/www.europesays.com\/afrika\/wp-json\/wp\/v2\/media?parent=50770"}],"wp:term":[{"taxonomy":"category","embeddable":true,"href":"https:\/\/www.europesays.com\/afrika\/wp-json\/wp\/v2\/categories?post=50770"},{"taxonomy":"post_tag","embeddable":true,"href":"https:\/\/www.europesays.com\/afrika\/wp-json\/wp\/v2\/tags?post=50770"}],"curies":[{"name":"wp","href":"https:\/\/api.w.org\/{rel}","templated":true}]}}