{"id":50778,"date":"2026-09-03T20:42:30","date_gmt":"2026-09-03T20:42:30","guid":{"rendered":"https:\/\/www.europesays.com\/afrika\/50778\/"},"modified":"2026-09-03T20:42:30","modified_gmt":"2026-09-03T20:42:30","slug":"fussball-wm-dfb-gegner-elfenbeinkueste-diamant-diomande-ueberstrahlt-alle-2","status":"publish","type":"post","link":"https:\/\/www.europesays.com\/afrika\/50778\/","title":{"rendered":"Fu\u00dfball-WM: DFB-Gegner Elfenbeink\u00fcste: Diamant Diomande \u00fcberstrahlt alle"},"content":{"rendered":"<p class=\"fp-paragraph\">Philadelphia &#8211; David Raum wei\u00df mit am besten, was auf die deutsche Fu\u00dfball-Nationalmannschaft in ihrem zweiten Spiel bei dieser WM zukommt: Ein Youngster, der das Potenzial hat, der gr\u00f6\u00dfte Offensivstar der Elfenbeink\u00fcste seit dem legend\u00e4ren Didier Drogba zu werden. \u201eDas ist ein super Junge, der eine mega Entwicklung genommen hat, aber noch nicht am Ende ist\u201c, sagte Raum schon vor dem Turnier \u00fcber seinen Leipziger Clubkollegen Yan Diomande. Und der hat das mit seinem furiosen Auftritt gegen Ecuador direkt best\u00e4tigt.<\/p>\n<p>Auch Kimmich vom Leipziger beeindruckt<\/p>\n<p class=\"fp-paragraph\">\u201eSein Dribbling ist schon au\u00dfergew\u00f6hnlich, wie er so ein Start-Stop-Dribbling hat, extrem beschleunigt, den Gegner ausbremst. Er hat ein krasses Tempo\u201c, sagte Deutschlands Kapit\u00e4n Joshua Kimmich \u00fcber Diomande diese Woche.\u00a0<\/p>\n<p class=\"fp-paragraph\">Diomande ist der gr\u00f6\u00dfte Trumpf der Ivorer, die nach ihrem Auftakterfolg voller Selbstbewusstsein ins Duell mit der DFB-Elf am Samstag (22.00 Uhr\/ZDF und MagentaTV) in Toronto gehen. Aber nicht der Einzige. Auch Hoffenheims Bazoumana Tour\u00e9 nahm reichlich Schwung aus der Bundesliga mit zur WM.<\/p>\n<p>Der von Frankfurt an Nizza verliehene Wahi darf doch einreisen<\/p>\n<p class=\"fp-paragraph\">Ein anderer Profi aus der Bundesliga h\u00e4tte den Ivorern beinahe gefehlt. Dem im Januar von Eintracht Frankfurt an den franz\u00f6sischen Erstligisten OGC Nizza verliehenen Elye Wahi wurde von den kanadischen Beh\u00f6rden zun\u00e4chst die Einreise verweigert. Doch nach intensiven Bem\u00fchungen sei das Problem gel\u00f6st worden. \u201eDie notwendigen Genehmigungen f\u00fcr seine Einreise nach Kanada liegen vor\u201c, teilte der ivorische Verband mit.<\/p>\n<p class=\"fp-paragraph\">Ob ein Zusammenhang wegen m\u00f6glicher Manipulationsvorw\u00fcrfe besteht, blieb offen. Der 23-J\u00e4hrige soll unter Verdacht stehen, beim Duell mit dem FC Metz absichtlich eine Gelbe Karte kassiert zu haben. Die franz\u00f6sische Liga teilte mit, dass ihr mit Blick auf das Spiel untypische Vorg\u00e4nge bei internationalen Sportwetten gemeldet worden seien. Ungew\u00f6hnlich viel sei auf eine Verwarnung von Wahi gesetzt worden. Die Liga schaltete die franz\u00f6sische Justiz ein.<\/p>\n<p class=\"fp-paragraph\">\u201eBis zum heutigen Tag liegen dem Verband keine gerichtlichen oder beh\u00f6rdlichen Verfahren vor, die ihn betreffen\u201c, hie\u00df es vom ivorischen Verband. Klar ist vorerst nur, dass Wahi, der beim 1:0 gegen Ecuador in der Startelf stand, gegen die DFB-Elf fehlen wird. Andere m\u00fcssen es nun richten.<\/p>\n<p>Bundesliga-Expertise auch im Trainerstab<\/p>\n<p class=\"fp-paragraph\">Kapit\u00e4n Franck Kessi\u00e9, der schon \u00fcber 100 L\u00e4nderspiele bestritten hat, verk\u00f6rpert wie kaum ein anderer im Team den mitunter ganz sch\u00f6n robusten Stil der Westafrikaner. Dann ist da Amad Diallo, der entscheidende Torsch\u00fctze beim Last-Minute-Sieg gegen Ecuador. Und einen Einfl\u00fcsterer mit langj\u00e4hriger Deutschland-Erfahrung hat Coach Emerse Fa\u00e9 ja auch noch: der fr\u00fchere Dortmunder und Hamburger Guy Demel ist Co-Trainer bei den Ivorern.<\/p>\n<p class=\"fp-paragraph\">Den Glanz der goldenen Generation um Rekordtorj\u00e4ger Drogba, Gervinho oder die Br\u00fcder Yaya und Kolo Tour\u00e9 verspr\u00fchen die WM-Novizen der Elfenbeink\u00fcste noch nicht. F\u00fcr alle 26 Profis im Kader ist es das Deb\u00fct auf der gr\u00f6\u00dften Fu\u00dfball-B\u00fchne. Daf\u00fcr k\u00f6nnten sie aber direkt Historisches schaffen: den ersten Einzug der \u201eElefanten\u201c in die K.o.-Phase einer WM \u00fcberhaupt. \u201eWir wollen Geschichte schreiben\u201c, k\u00fcndigte Diomande voller \u00dcberzeugung an. Den Deutschen d\u00fcrften die Ivorer jedenfalls mehr abverlangen als Au\u00dfenseiter Cura\u00e7ao zum Auftakt.<\/p>\n<p>Raum: Diomande \u201eden Spa\u00df nehmen\u201c<\/p>\n<p class=\"fp-paragraph\">Die kniffligste Aufgabe gilt es dabei auf der linken Defensivseite zu l\u00f6sen. Nach seinem gelungenen Turnierstart ziemlich sicher f\u00fcr Nathaniel Brown. Oder etwa doch f\u00fcr Raum? Zumindest ein paar Tipps zu Tempodribbler Diomande wird sich Bundestrainer Julian Nagelsmann vom RB-Kapit\u00e4n schon holen.<\/p>\n<p class=\"fp-paragraph\">Diomande habe zweifelsohne \u201esehr viel Qualit\u00e4t\u201c, sagte Raum. Aus den vielen gemeinsamen Trainingseinheiten in Leipzig wisse er aber auch, wie man dem 19-J\u00e4hrigen \u201eden Spa\u00df nehmen kann beim Fu\u00dfball\u201c. Diomande lebe von seinen Solol\u00e4ufen. Je besser sie klappen, desto mutiger werde er in einem Spiel. Das m\u00fcsse man ihm von Anfang an nehmen. \u201eDann wird es auch f\u00fcr ihn schwer\u201c.<\/p>\n<p class=\"fp-paragraph\">\u201eEr kam als niemand zu uns nach Leipzig. Keiner kannte ihn\u201c, erinnert sich Raum an Diomandes Wechsel vom spanischen Club CD Legan\u00e9s nach Leipzig vor einem Jahr. \u201eEr hatte eine hohe R\u00fcckennummer und jeder dachte, er ist wieder irgendein Projekt und Spieler, der nicht spielen wird.\u201c Doch schon nach dem ersten Training, so Raum, habe er den Bossen zum Transfer gratuliert.<\/p>\n<p>Hoffenheimer Tour\u00e9 im Fokus der Topclubs<\/p>\n<p class=\"fp-paragraph\">Diomande, den sie auf ihrem Instagram-Account nach der Ecuador-Partie spa\u00dfeshalber kurz in Diamond (\u00fcbersetzt Diamant) umbenannten, ist das Juwel im Team der Ivorer. Seine Raffinesse eine Komponente in ihrem Spiel. Die des Hoffenheimers Tour\u00e9 eine weitere. Der 20-J\u00e4hrige hat sich mit seinen starken Auftritten f\u00fcr die TSG in den Fokus mehrerer internationaler Topclubs gespielt, auch der FC Liverpool und Manchester United sollen darunter sein.<\/p>\n<p class=\"fp-paragraph\">Apropos ManUnited: Hier stand St\u00fcrmer Diallo in der vergangenen Saison immerhin in 27 Liga-Spielen in der Startelf. Mittelfeldchef Kessi\u00e9 spielt mittlerweile bei Al-Ahly in der vergleichsweise schwachen Liga Saudi-Arabiens, auf h\u00f6chstem Niveau ist er aber nicht nur durch seine vorherigen Stationen AC Mailand und FC Barcelona erprobt. Und dennoch: Diamant Diomande \u00fcberstrahlt sie alle.<\/p>\n","protected":false},"excerpt":{"rendered":"Philadelphia &#8211; David Raum wei\u00df mit am besten, was auf die deutsche Fu\u00dfball-Nationalmannschaft in ihrem zweiten Spiel bei&hellip;\n","protected":false},"author":2,"featured_media":50779,"comment_status":"","ping_status":"","sticky":false,"template":"","format":"standard","meta":{"footnotes":"","_share_on_mastodon":"0"},"categories":[14],"tags":[125,158,124,152,126,287,854],"class_list":["post-50778","post","type-post","status-publish","format-standard","has-post-thumbnail","category-elfenbeinkueste","tag-cote-divoire","tag-deutschland","tag-elfenbeinkueste","tag-fussball","tag-ivory-coast","tag-usa","tag-wm"],"share_on_mastodon":{"url":"https:\/\/pubeurope.com\/@afrika\/117209054966648071","error":""},"_links":{"self":[{"href":"https:\/\/www.europesays.com\/afrika\/wp-json\/wp\/v2\/posts\/50778","targetHints":{"allow":["GET"]}}],"collection":[{"href":"https:\/\/www.europesays.com\/afrika\/wp-json\/wp\/v2\/posts"}],"about":[{"href":"https:\/\/www.europesays.com\/afrika\/wp-json\/wp\/v2\/types\/post"}],"author":[{"embeddable":true,"href":"https:\/\/www.europesays.com\/afrika\/wp-json\/wp\/v2\/users\/2"}],"replies":[{"embeddable":true,"href":"https:\/\/www.europesays.com\/afrika\/wp-json\/wp\/v2\/comments?post=50778"}],"version-history":[{"count":0,"href":"https:\/\/www.europesays.com\/afrika\/wp-json\/wp\/v2\/posts\/50778\/revisions"}],"wp:featuredmedia":[{"embeddable":true,"href":"https:\/\/www.europesays.com\/afrika\/wp-json\/wp\/v2\/media\/50779"}],"wp:attachment":[{"href":"https:\/\/www.europesays.com\/afrika\/wp-json\/wp\/v2\/media?parent=50778"}],"wp:term":[{"taxonomy":"category","embeddable":true,"href":"https:\/\/www.europesays.com\/afrika\/wp-json\/wp\/v2\/categories?post=50778"},{"taxonomy":"post_tag","embeddable":true,"href":"https:\/\/www.europesays.com\/afrika\/wp-json\/wp\/v2\/tags?post=50778"}],"curies":[{"name":"wp","href":"https:\/\/api.w.org\/{rel}","templated":true}]}}