{"id":50808,"date":"2026-09-03T21:59:01","date_gmt":"2026-09-03T21:59:01","guid":{"rendered":"https:\/\/www.europesays.com\/afrika\/50808\/"},"modified":"2026-09-03T21:59:01","modified_gmt":"2026-09-03T21:59:01","slug":"west-und-zentralafrika-mehr-als-1-000-tote-durch-ueberflutungen","status":"publish","type":"post","link":"https:\/\/www.europesays.com\/afrika\/50808\/","title":{"rendered":"West- und Zentralafrika: Mehr als 1.000 Tote durch \u00dcberflutungen"},"content":{"rendered":"<p>            <img loading=\"lazy\" decoding=\"async\" class=\"ts-image\" src=\"https:\/\/www.europesays.com\/afrika\/wp-content\/uploads\/2026\/09\/hochwasser-maiduguri-100.jpg\" alt=\"Menschen im Hochwasser in Maiduguri, Nigeria\" title=\"Menschen im Hochwasser in Maiduguri, Nigeria | REUTERS\"\/><\/p>\n<p class=\"metatextline\">Stand: 21.09.2024 \u2022 13:46 Uhr<\/p>\n<p class=\"article-head__shorttext\">\n        In West- und Zentralafrika sind Millionen Menschen derzeit von \u00dcberschwemmungen betroffen, mehr als 1.000 kamen bereits in den Fluten ums Leben. Extremwetter-Situationen mit schweren Regenf\u00e4llen h\u00e4ufen sich auch in Afrika.\n    <\/p>\n<p class=\"textabsatz m-ten m-offset-one l-eight l-offset-two columns twelve\">Schwere Regenf\u00e4lle haben in weiten Teilen Zentral- und Westafrikas zu den heftigsten \u00dcberschwemmungen seit Jahrzehnten gef\u00fchrt. Betroffen sind vor allem die Staaten Nigeria, Niger, Mali, Kamerun, Tschad, Sudan und S\u00fcdsudan sowie Teile der Demokratischen Republik Kongo.<\/p>\n<p class=\"textabsatz m-ten m-offset-one l-eight l-offset-two columns twelve\">Die UN-Nothilfeagentur OCHA berichtete zuletzt, dass allein im Tschad rund eine Million Menschen von den Fluten betroffen sind, 600.000 sind es in Nigeria, 317.000 im Sudan und 300.000 im Niger. Auch Kamerun, Mali und Teile der Demokratischen Republik Kongo m\u00fcssen mit Flutfolgen, \u00fcberschwemmten Stra\u00dfen und zerst\u00f6rten H\u00e4usern und Feldern fertig werden. Die Organisation USAID hat nach eigenen Angaben mehr als drei Millionen Dollar an humanit\u00e4rer Hilfe f\u00fcr die Region bereitgestellt.<\/p>\n<p class=\"absatzbild__info__text\">\n                        Vor allem Staaten Mittel- und Westafrikas sind von den \u00dcberflutungen betroffen.\n                    <\/p>\n<p>    Bereits mehr als 1.000 Tote<\/p>\n<p class=\"textabsatz m-ten m-offset-one l-eight l-offset-two columns twelve\">In Nigeria ist vor allem der n\u00f6rdlichste, von der Terrorgruppe Boko Haram geplagte Bundesstaat Borno betroffen. In der Bundeshauptstadt Maiduguri brach ein Damm, und wichtige Br\u00fccken st\u00fcrzten ein. Das Weltern\u00e4hrungsprogramm (WFP) richtete K\u00fcchen zur Versorgung der Vertriebenen in der Stadt ein und versorgte Menschen in den am schwersten betroffenen Gebieten mit Lebensmittel-Notrationen und Bargeld.<\/p>\n<p class=\"textabsatz m-ten m-offset-one l-eight l-offset-two columns twelve\">Da die Rettungseins\u00e4tze in den gesamten \u00dcberschwemmungsgebieten Zentral- und Westafrikas noch andauern, ist eine genaue Angabe der Opferzahl nicht m\u00f6glich. Zuletzt wurden mindestens 230 Tote aus Nigeria gemeldet, 265 aus dem Niger, 487 aus dem Tschad und 55 aus Mali.<\/p>\n<p>    Afrika leidet besonders stark unter Extremwetter<\/p>\n<p class=\"textabsatz m-ten m-offset-one l-eight l-offset-two columns twelve\">Insgesamt sind in Westafrika in diesem Jahr bislang mehr als vier Millionen Menschen von \u00dcberschwemmungen betroffen, wie die Vereinten Nationen mitteilten. Das entspricht einem Anstieg um das Dreifache im Vergleich zu 2023.<\/p>\n<p class=\"textabsatz m-ten m-offset-one l-eight l-offset-two columns twelve\">Die Lage in der Sahelzone und im Gebiet des Tschadsees werde immer schlimmer, da die verst\u00e4rkten Auswirkungen von Konflikten, Vertreibung und Klimawandel die gef\u00e4hrdeten Bev\u00f6lkerungsgruppen stark belasteten, sagte Hassane Hamadou, Regionaldirektor f\u00fcr Zentral- und Westafrika der Hilfsorganisation Norwegian Refugee Council.<\/p>\n<p class=\"textabsatz m-ten m-offset-one l-eight l-offset-two columns twelve\">Laut UN-Weltwetterorganisation WMO leidet der gesamte Kontinent besonders stark unter Extremwetterereignissen: In der Region s\u00fcdlich der Sahara werden die Kosten f\u00fcr die Anpassung an Wetterextreme demnach auf 30 bis 50 Milliarden Dollar pro Jahr gesch\u00e4tzt. Im Jahr 2030 k\u00f6nnten bis zu 118 Millionen Menschen auf dem Kontinent von Extremwetter betroffen sein.<\/p>\n","protected":false},"excerpt":{"rendered":"Stand: 21.09.2024 \u2022 13:46 Uhr In West- und Zentralafrika sind Millionen Menschen derzeit von \u00dcberschwemmungen betroffen, mehr als&hellip;\n","protected":false},"author":2,"featured_media":50809,"comment_status":"","ping_status":"","sticky":false,"template":"","format":"standard","meta":{"footnotes":"","_share_on_mastodon":"0"},"categories":[242],"tags":[29,365,1048,1300,364],"class_list":["post-50808","post","type-post","status-publish","format-standard","has-post-thumbnail","category-tschad","tag-afrika","tag-chad","tag-flutkatastrophe","tag-klimawandel","tag-tschad"],"share_on_mastodon":{"url":"https:\/\/pubeurope.com\/@afrika\/117209357551910926","error":""},"_links":{"self":[{"href":"https:\/\/www.europesays.com\/afrika\/wp-json\/wp\/v2\/posts\/50808","targetHints":{"allow":["GET"]}}],"collection":[{"href":"https:\/\/www.europesays.com\/afrika\/wp-json\/wp\/v2\/posts"}],"about":[{"href":"https:\/\/www.europesays.com\/afrika\/wp-json\/wp\/v2\/types\/post"}],"author":[{"embeddable":true,"href":"https:\/\/www.europesays.com\/afrika\/wp-json\/wp\/v2\/users\/2"}],"replies":[{"embeddable":true,"href":"https:\/\/www.europesays.com\/afrika\/wp-json\/wp\/v2\/comments?post=50808"}],"version-history":[{"count":0,"href":"https:\/\/www.europesays.com\/afrika\/wp-json\/wp\/v2\/posts\/50808\/revisions"}],"wp:featuredmedia":[{"embeddable":true,"href":"https:\/\/www.europesays.com\/afrika\/wp-json\/wp\/v2\/media\/50809"}],"wp:attachment":[{"href":"https:\/\/www.europesays.com\/afrika\/wp-json\/wp\/v2\/media?parent=50808"}],"wp:term":[{"taxonomy":"category","embeddable":true,"href":"https:\/\/www.europesays.com\/afrika\/wp-json\/wp\/v2\/categories?post=50808"},{"taxonomy":"post_tag","embeddable":true,"href":"https:\/\/www.europesays.com\/afrika\/wp-json\/wp\/v2\/tags?post=50808"}],"curies":[{"name":"wp","href":"https:\/\/api.w.org\/{rel}","templated":true}]}}