{"id":50869,"date":"2026-09-04T02:15:33","date_gmt":"2026-09-04T02:15:33","guid":{"rendered":"https:\/\/www.europesays.com\/afrika\/50869\/"},"modified":"2026-09-04T02:15:33","modified_gmt":"2026-09-04T02:15:33","slug":"nationalhymne-der-elfenbeinkueste-warum-die-abidjanaise-friedlicher-ist-als-ihr-vorbild","status":"publish","type":"post","link":"https:\/\/www.europesays.com\/afrika\/50869\/","title":{"rendered":"Nationalhymne der Elfenbeink\u00fcste: Warum die \u201eAbidjanaise\u201c friedlicher ist als ihr Vorbild"},"content":{"rendered":"<p class=\"Textstyled__Text-sc-1cqv9mi-0 cLyiiX\">Wenn die Fu\u00dfballnationalmannschaft der Elfenbeink\u00fcste zu einem L\u00e4nderspiel antritt, erklingt stets die \u201eL\u2019Abidjanaise\u201c \u2013 zu Deutsch \u201eDas Lied von Abidjan\u201c. Das westafrikanische Land \u2013 in der Landessprache Franz\u00f6sisch \u201eC\u00f4te d\u2018Ivoire\u201c genannt \u2013 galt lange als Musterbeispiel f\u00fcr Frieden und Wohlstand in der Region und dr\u00fcckt diese Werte auch in seiner Nationalhymne aus. Worum genau geht es in der Hymne, wie entstand sie \u2013 und was ist das Besondere an ihr?<\/p>\n<p>Weiterlesen nach der Anzeige<\/p>\n<p>Weiterlesen nach der Anzeige<\/p>\n<p>Die Entstehungsgeschichte der \u201eAbidjanaise\u201c<\/p>\n<p class=\"Textstyled__Text-sc-1cqv9mi-0 cLyiiX\">Wie viele afrikanische Nationalhymnen ging auch die \u201eAbidjanaise\u201c aus einer Unabh\u00e4ngigkeitsbewegung hervor. Die Elfenbeink\u00fcste war seit dem sp\u00e4ten 19. Jahrhundert eine franz\u00f6sische Kolonie. Unter der F\u00fchrung von F\u00e9lix Houphou\u00ebt-Boigny formierte sich nach dem Zweiten Weltkrieg eine politische Bewegung, die den Ivorern schrittweise zu mehr Selbstbestimmung verhalf. Im Einvernehmen mit Frankreich erkl\u00e4rte sich die Elfenbeink\u00fcste am 7. August 1960 zur unabh\u00e4ngigen Republik mit Houphou\u00ebt-Boigny als Pr\u00e4sident.<\/p>\n<p>Weiterlesen nach der Anzeige<\/p>\n<p>Weiterlesen nach der Anzeige<\/p>\n<p class=\"Textstyled__Text-sc-1cqv9mi-0 cLyiiX\">Die Nationalhymne wurde von zwei katholischen Geistlichen geschaffen: Abb\u00e9 Pierre-Marie Coty verfasste den Text, Abb\u00e9 Pierre-Michel Pango komponierte die Melodie. Als Vorbild soll die franz\u00f6sische Nationalhymne \u201eLa Marseillaise\u201c gedient haben. Der Titel \u201eL\u2019Abidjanaise\u201c bezieht sich auf die damalige Hauptstadt Abidjan. Obwohl die Hauptstadt der Elfenbeink\u00fcste im Jahr 1983 offiziell nach Yamoussoukro verlegt wurde, gilt Abidjan bis heute als politisches und wirtschaftliches Zentrum des Landes \u2013 und auch der Name der Hymne blieb unver\u00e4ndert.<\/p>\n<p>Offizieller Titel: L\u2019Abidjanaise (Das Lied von Abidjan)Text: Pierre-Marie Coty (1959), \u00fcberarbeitet von Mathieu EkraMusik: Pierre-Michel Pango (1959)Einf\u00fchrung: 27. Juli 1960Sprache: Franz\u00f6sischIn welchen Sprachen wird die \u201eAbidjanaise\u201c gesungen?<\/p>\n<p class=\"Textstyled__Text-sc-1cqv9mi-0 cLyiiX\">Die Elfenbeink\u00fcste ist ein Land mit vielen verschiedenen Bev\u00f6lkerungsgruppen, in dem sch\u00e4tzungsweise um die 70 Sprachen gesprochen werden. Einzige Amtssprache ist Franz\u00f6sisch, weshalb auch die \u201eAbidjanaise\u201c bei offiziellen Anl\u00e4ssen ausschlie\u00dflich in dieser Sprache gesungen wird.<\/p>\n<p class=\"Textstyled__Text-sc-1cqv9mi-0 cLyiiX\">Neben der offiziellen franz\u00f6sischen Fassung gibt es jedoch auch eine inoffizielle Version auf Nouchi \u2013 eine st\u00e4dtische Umgangssprache, die Franz\u00f6sisch mit verschiedenen ivorischen Dialekten kombiniert vor allem von jungen Menschen verwendet wird.<\/p>\n<p>Weiterlesen nach der Anzeige<\/p>\n<p>Weiterlesen nach der Anzeige<\/p>\n<p>Worum geht es in der \u201eAbidjanaise\u201c?<\/p>\n<p class=\"Textstyled__Text-sc-1cqv9mi-0 cLyiiX\">Obwohl die \u201eAbidjanaise\u201c von der \u201eMarseillaise\u201c inspiriert wurde, ist ihr Text weitaus weniger kriegerisch als der ihres franz\u00f6sischen Vorbilds oder vieler anderer afrikanischer Nationalhymnen. Im Mittelpunkt der Hymne steht die Botschaft, dass die Elfenbeink\u00fcste ihre Unabh\u00e4ngigkeit von Frankreich auf friedlichem Wege erreicht hat. Die Nationalhymne preist die Elfenbeink\u00fcste als \u201eLand der Hoffnung, Land der Gastfreundschaft, des Friedens und der W\u00fcrde\u201c, und ruft dazu auf, in Einigkeit zusammenzuarbeiten, um ein Land der \u201ewahren Br\u00fcderlichkeit\u201c zu schaffen.<\/p>\n<p>Nationalhymne der Elfenbeink\u00fcste: OriginaltextL\u2019Abidjanaise<\/p>\n<p class=\"Textstyled__Text-sc-1cqv9mi-0 kEnWSL Infoboxstyled__InfoText-sc-1l4p3ie-1 gRPsNQ\">I<br \/>Salut \u00f4 terre d\u2019esp\u00e9rance;<br \/>Pays de l\u2019hospitalit\u00e9.<br \/>Tes l\u00e9gions remplies de vaillance<br \/>Ont relev\u00e9 ta dignit\u00e9.<\/p>\n<p>Tes fils, ch\u00e8re C\u00f4te d\u2019Ivoire,<br \/>Fiers artisans de ta grandeur,<br \/>Tous rassembl\u00e9s pour ta gloire<br \/>Te b\u00e2tiront dans le bonheur.<\/p>\n<p>Refrain I:<br \/>Fiers Ivoiriens, le pays nous appelle.<br \/>Si nous avons dans la paix ramen\u00e9 la libert\u00e9,<br \/>Notre devoir sera d&#8217;\u00eatre un mod\u00e8le<\/p>\n<p>De l\u2019esp\u00e9rance promise \u00e0 l\u2019humanit\u00e9,<br \/>En forgeant, unie dans la foi nouvelle,<br \/>La patrie de la vraie fraternit\u00e9.<\/p>\n<p>Nationalhymne der Elfenbeink\u00fcste: Deutsche \u00dcbersetzungDas Lied von Abidjan<\/p>\n<p class=\"Textstyled__Text-sc-1cqv9mi-0 kEnWSL Infoboxstyled__InfoText-sc-1l4p3ie-1 gRPsNQ\">1. Strophe:<br \/>Sei gegr\u00fc\u00dft, o Land der Hoffnung,<br \/>du Land der Gastfreundschaft.<br \/>Deine Legionen, voll von Mut,<br \/>haben deine W\u00fcrde wiederhergestellt.<br \/>Deine S\u00f6hne, du liebe Elfenbeink\u00fcste,<br \/>tapfere Arbeiter an deiner Gr\u00f6\u00dfe,<br \/>Alle vereint f\u00fcr deinen Ruhm,<br \/>werden dich in Freuden aufbauen.<\/p>\n<p>Refrain 1:<br \/>Tapfere Ivorer, das Land ruft euch.<br \/>Haben wir erst friedvoll die Freiheit wiederhergestellt,<br \/>dann sei unser Bestreben, ein Beispiel zu geben<br \/>f\u00fcr die Hoffnung, die der Menschheit versprochen wurde,<br \/>indem wir, im neuen Glauben vereint,<br \/>das Vaterland der wahren Br\u00fcderlichkeit schmieden.<\/p>\n<p>Weiterlesen nach der Anzeige<\/p>\n<p>Weiterlesen nach der Anzeige<\/p>\n<p>Wie viele Strophen hat die Nationalhymne der Elfenbeink\u00fcste?<\/p>\n<p class=\"Textstyled__Text-sc-1cqv9mi-0 cLyiiX\">Die \u201eL\u2019Abidjanaise\u201c besteht in ihrer vollst\u00e4ndigen Fassung aus f\u00fcnf Strophen sowie zwei Refrains, die abwechselnd nach bestimmten Strophen gesungen werden. Bei offiziellen Anl\u00e4ssen und Sportveranstaltungen wird jedoch \u00fcblicherweise nur die erste Strophe zusammen mit dem ersten Refrain gesungen. Die vollst\u00e4ndige Hymne erklingt lediglich bei besonders feierlichen staatlichen Anl\u00e4ssen. <\/p>\n<p class=\"Textstyled__Text-sc-1cqv9mi-0 cLyiiX\">Der 7. August, der Jahrestag der Unabh\u00e4ngigkeitserkl\u00e4rung von 1960, ist Nationalfeiertag der Elfenbeink\u00fcste. An diesem Tag wird die Hymne landesweit gesungen.<\/p>\n","protected":false},"excerpt":{"rendered":"Wenn die Fu\u00dfballnationalmannschaft der Elfenbeink\u00fcste zu einem L\u00e4nderspiel antritt, erklingt stets die \u201eL\u2019Abidjanaise\u201c \u2013 zu Deutsch \u201eDas Lied&hellip;\n","protected":false},"author":2,"featured_media":50870,"comment_status":"","ping_status":"","sticky":false,"template":"","format":"standard","meta":{"footnotes":"","_share_on_mastodon":"0"},"categories":[14],"tags":[125,124,126],"class_list":["post-50869","post","type-post","status-publish","format-standard","has-post-thumbnail","category-elfenbeinkueste","tag-cote-divoire","tag-elfenbeinkueste","tag-ivory-coast"],"share_on_mastodon":{"url":"https:\/\/pubeurope.com\/@afrika\/117210364144925751","error":""},"_links":{"self":[{"href":"https:\/\/www.europesays.com\/afrika\/wp-json\/wp\/v2\/posts\/50869","targetHints":{"allow":["GET"]}}],"collection":[{"href":"https:\/\/www.europesays.com\/afrika\/wp-json\/wp\/v2\/posts"}],"about":[{"href":"https:\/\/www.europesays.com\/afrika\/wp-json\/wp\/v2\/types\/post"}],"author":[{"embeddable":true,"href":"https:\/\/www.europesays.com\/afrika\/wp-json\/wp\/v2\/users\/2"}],"replies":[{"embeddable":true,"href":"https:\/\/www.europesays.com\/afrika\/wp-json\/wp\/v2\/comments?post=50869"}],"version-history":[{"count":0,"href":"https:\/\/www.europesays.com\/afrika\/wp-json\/wp\/v2\/posts\/50869\/revisions"}],"wp:featuredmedia":[{"embeddable":true,"href":"https:\/\/www.europesays.com\/afrika\/wp-json\/wp\/v2\/media\/50870"}],"wp:attachment":[{"href":"https:\/\/www.europesays.com\/afrika\/wp-json\/wp\/v2\/media?parent=50869"}],"wp:term":[{"taxonomy":"category","embeddable":true,"href":"https:\/\/www.europesays.com\/afrika\/wp-json\/wp\/v2\/categories?post=50869"},{"taxonomy":"post_tag","embeddable":true,"href":"https:\/\/www.europesays.com\/afrika\/wp-json\/wp\/v2\/tags?post=50869"}],"curies":[{"name":"wp","href":"https:\/\/api.w.org\/{rel}","templated":true}]}}