{"id":50899,"date":"2026-09-04T04:50:31","date_gmt":"2026-09-04T04:50:31","guid":{"rendered":"https:\/\/www.europesays.com\/afrika\/50899\/"},"modified":"2026-09-04T04:50:31","modified_gmt":"2026-09-04T04:50:31","slug":"rohrs-benin-traum-geplatzt-suedafrika-holt-wm-ticket","status":"publish","type":"post","link":"https:\/\/www.europesays.com\/afrika\/50899\/","title":{"rendered":"Rohrs Benin-Traum geplatzt &#8211; S\u00fcdafrika holt WM-Ticket"},"content":{"rendered":"\n<p>Der deutsche Fu\u00dfall-Trainer Gernot Rohr hat das &#8222;Wunder von Benin&#8220; verpasst und am letzten Spieltag die WM-Qualifikation verspielt.<\/p>\n<p>Bei Rohrs fr\u00fcherem Arbeitgeber Nigeria unterlag der als Tabellenf\u00fchrer ins &#8222;Finale&#8220; gegangene Au\u00dfenseiter 0:4 (0:2) und rutschte noch auf Rang drei der Gruppe C ab. Der Traum von der ersten Endrunden-Teilnahme der &#8222;Eichh\u00f6rnchen&#8220; ist damit geplatzt.<\/p>\n<p>Das direkte Ticket f\u00fcr die XXL-Endrunde im kommenden Jahr in den USA, Kanada und Mexiko holte somit S\u00fcdafrika durch ein 4:0 (2:0) gegen Ruanda.<\/p>\n<p>&#8222;Bafana Bafana&#8220; ist erstmals seit dem Turnier 2010 im eigenen Land wieder bei einer Endrunde dabei. \u00dcber die Qualifikation hatte S\u00fcdafrika zuletzt 2002 das Ticket gel\u00f6st. Nigeria spielt als einer der vier besten Zweiten der acht Gruppen in den Play-offs, deren Sieger gegen ein Team eines anderen Kontinentalverbands um ein weiteres Ticket k\u00e4mpft.<\/p>\n<p><a href=\"https:\/\/plus.rtl.de\/themenwelt\/bundesliga?utm_campaign=bannerlink&amp;utm_source=sportde&amp;utm_medium=owned&amp;utm_position=article\" target=\"_blank\" rel=\"nofollow noopener\"><img decoding=\"async\" src=\"https:\/\/www.europesays.com\/afrika\/wp-content\/uploads\/2026\/04\/6x3x_4c6G1t_l.jpg\"\/><\/a><\/p>\n<p>In s\u00fcdostnigerianischen Uyo verhinderte St\u00fcrmerstar Victor Osimhen (Galatasaray) mit einem Dreierpack ein Fu\u00dfball-M\u00e4rchen, der Ex-Wolfsburger traf schon in der 3. sowie in der 38. und 51. Minute, der vierte Treffer durch Brentfords Frank Onyeka (90.+1) brachte Nigeria schlie\u00dflich in die Play-offs. Benin agierte im wohl wichtigsten Spiel der nationalen Fu\u00dfball-Geschichte nerv\u00f6s und war deutlich unterlegen.<\/p>\n<p>Schon vor dem Anpfiff war klar gewesen, dass Benin keine Chance auf die Play-offs der besten Gruppenzweiten hatte und nur als Gruppensieger die WM erreichen konnte &#8211; gleiches galt f\u00fcr S\u00fcdafrika. F\u00fcr Benin w\u00e4re es die erste Endrunden-Teilnahme gewesen, f\u00fcr den 72 Jahre alten Rohr die zweite &#8211; 2018 war er mit Nigeria in Russland in der Vorrunde gescheitert.<\/p>\n","protected":false},"excerpt":{"rendered":"Der deutsche Fu\u00dfall-Trainer Gernot Rohr hat das &#8222;Wunder von Benin&#8220; verpasst und am letzten Spieltag die WM-Qualifikation verspielt.&hellip;\n","protected":false},"author":2,"featured_media":50900,"comment_status":"","ping_status":"","sticky":false,"template":"","format":"standard","meta":{"footnotes":"","_share_on_mastodon":"0"},"categories":[240],"tags":[360,152,77,403,43,854,2096],"class_list":["post-50899","post","type-post","status-publish","format-standard","has-post-thumbnail","category-benin","tag-benin","tag-fussball","tag-nigeria","tag-ruanda","tag-suedafrika","tag-wm","tag-wm-quali-afrika"],"share_on_mastodon":{"url":"https:\/\/pubeurope.com\/@afrika\/117210973763155545","error":""},"_links":{"self":[{"href":"https:\/\/www.europesays.com\/afrika\/wp-json\/wp\/v2\/posts\/50899","targetHints":{"allow":["GET"]}}],"collection":[{"href":"https:\/\/www.europesays.com\/afrika\/wp-json\/wp\/v2\/posts"}],"about":[{"href":"https:\/\/www.europesays.com\/afrika\/wp-json\/wp\/v2\/types\/post"}],"author":[{"embeddable":true,"href":"https:\/\/www.europesays.com\/afrika\/wp-json\/wp\/v2\/users\/2"}],"replies":[{"embeddable":true,"href":"https:\/\/www.europesays.com\/afrika\/wp-json\/wp\/v2\/comments?post=50899"}],"version-history":[{"count":0,"href":"https:\/\/www.europesays.com\/afrika\/wp-json\/wp\/v2\/posts\/50899\/revisions"}],"wp:featuredmedia":[{"embeddable":true,"href":"https:\/\/www.europesays.com\/afrika\/wp-json\/wp\/v2\/media\/50900"}],"wp:attachment":[{"href":"https:\/\/www.europesays.com\/afrika\/wp-json\/wp\/v2\/media?parent=50899"}],"wp:term":[{"taxonomy":"category","embeddable":true,"href":"https:\/\/www.europesays.com\/afrika\/wp-json\/wp\/v2\/categories?post=50899"},{"taxonomy":"post_tag","embeddable":true,"href":"https:\/\/www.europesays.com\/afrika\/wp-json\/wp\/v2\/tags?post=50899"}],"curies":[{"name":"wp","href":"https:\/\/api.w.org\/{rel}","templated":true}]}}