{"id":50907,"date":"2026-09-04T05:16:14","date_gmt":"2026-09-04T05:16:14","guid":{"rendered":"https:\/\/www.europesays.com\/afrika\/50907\/"},"modified":"2026-09-04T05:16:14","modified_gmt":"2026-09-04T05:16:14","slug":"suedafrika-kardinal-brislin-ruft-zu-gemeinsamem-einsatz-fuer-die-umwelt-auf","status":"publish","type":"post","link":"https:\/\/www.europesays.com\/afrika\/50907\/","title":{"rendered":"S\u00fcdafrika: Kardinal Brislin ruft zu gemeinsamem Einsatz f\u00fcr die Umwelt auf"},"content":{"rendered":"<p>Kardinal Stephen Brislin hat zu einem st\u00e4rkeren gemeinsamen Engagement f\u00fcr den Schutz der Umwelt aufgerufen. Auch kleine und praktische Ma\u00dfnahmen k\u00f6nnten dazu beitragen, die Sch\u00f6pfung zu bewahren und zugleich Menschen in schwierigen Lebenssituationen zu unterst\u00fctzen.<\/p>\n<p>     <a href=\"https:\/\/www.vaticannews.va\/de\/papst\/news\/2026-06\/papst-leo-video-botschaft-austrian-world-summit-klimaschutz.html\" title=\"Papst: Beim Klimaschutz von \u00c4rmsten ausgehen\" rel=\"nofollow noopener\" target=\"_blank\"><\/p>\n<p>        <img decoding=\"async\" src=\"data:image\/gif;base64,R0lGODlhAQABAIAAAAAAAP\/\/\/yH5BAEAAAAALAAAAAABAAEAAAIBRAA7\" data-original=\"https:\/\/www.vaticannews.va\/content\/dam\/vaticannews\/agenzie\/images\/reuters\/2026\/06\/16\/12\/1781604062115.JPG\/_jcr_content\/renditions\/cq5dam.thumbnail.cropped.500.281.jpeg\" alt=\"Papst: Beim Klimaschutz von \u00c4rmsten ausgehen\"\/><\/p>\n<p>      <\/a><\/p>\n<p>\n      In einer Videobotschaft an die Klimaschutzkonferenz \u201eAustrian World Summit\u201c hat der Papst zu multilateraler Zusammenarbeit und zur Unterst\u00fctzung \u00e4rmerer L\u00e4nder aufgerufen, um die &#8230;\n     <\/p>\n<p>Anl\u00e4sslich der Sch\u00f6pfungszeit hat der Erzbischof von Johannesburg, Kardinal Stephen Brislin, auf die Umweltprobleme in S\u00fcdafrika aufmerksam gemacht. Dabei betonte er, dass jeder Einzelne einen Beitrag zum Schutz und zur Wiederherstellung der Umwelt leisten k\u00f6nne.Zu den Herausforderungen z\u00e4hlten etwa die Folgen alter Minenhalden und Abraumbecken in Johannesburg. Feiner Staub gelange von dort in die Luft und beeintr\u00e4chtige zahlreiche Menschen. Auch illegaler Bergbau, der zur Entstehung von Erdf\u00e4llen f\u00fchren k\u00f6nne, sowie die Verm\u00fcllung vieler Orte seien Probleme.<\/p>\n<p>B\u00e4ume pflanzen und Lebensmittel anbauen <\/p>\n<p>Zugleich verwies Brislin auf konkrete M\u00f6glichkeiten, selbst aktiv zu werden. Das Pflanzen von B\u00e4umen k\u00f6nne beispielsweise dazu beitragen, die Luft zu reinigen. Auch kleine verf\u00fcgbare Fl\u00e4chen k\u00f6nnten genutzt werden, um Gem\u00fcse anzubauen. Damit verband der Kardinal den Umweltschutz mit der schwierigen sozialen Situation vieler Menschen. Angesichts von Armut und Lebensmittelknappheit k\u00f6nne der Anbau von Gem\u00fcse dazu beitragen, Familien mit Nahrungsmitteln zu versorgen. Brislin betonte, es gehe auch darum, Menschen daf\u00fcr zu gewinnen, dass sie selbst etwas zum Schutz der Umwelt beitragen k\u00f6nnten und letztlich alle von einer intakten Umwelt profitierten.<\/p>\n<p>\u201eLasst uns zusammenarbeiten\u201c<\/p>\n<p>Mit Blick auf die Sch\u00f6pfungszeit erinnerte der Kardinal daran, dass menschliches Leben ohne die Umwelt nicht m\u00f6glich sei. Deshalb m\u00fcssten neue Wege gefunden werden, die Umwelt nicht nur zu sch\u00fctzen, sondern sie wieder zu der von Gott vorgesehenen F\u00fclle des Lebens zur\u00fcckzuf\u00fchren. Brislin rief dazu auf, gemeinsam Verantwortung zu \u00fcbernehmen. Dazu geh\u00f6rten praktische Schritte wie das Pflanzen von Gem\u00fcse, der Verzicht auf das Wegwerfen von M\u00fcll und gemeinsame Aufr\u00e4umaktionen.<\/p>\n<p>(aciafrica &#8211; vo)<\/p>\n","protected":false},"excerpt":{"rendered":"Kardinal Stephen Brislin hat zu einem st\u00e4rkeren gemeinsamen Engagement f\u00fcr den Schutz der Umwelt aufgerufen. Auch kleine und&hellip;\n","protected":false},"author":2,"featured_media":50908,"comment_status":"","ping_status":"","sticky":false,"template":"","format":"standard","meta":{"footnotes":"","_share_on_mastodon":"0"},"categories":[6],"tags":[2484,19456,44,43,1480],"class_list":["post-50907","post","type-post","status-publish","format-standard","has-post-thumbnail","category-suedafrika","tag-kardinaele","tag-momentaufnahmen-der-schoepfung","tag-south-africa","tag-suedafrika","tag-umwelt"],"share_on_mastodon":{"url":"https:\/\/pubeurope.com\/@afrika\/117211075944779749","error":""},"_links":{"self":[{"href":"https:\/\/www.europesays.com\/afrika\/wp-json\/wp\/v2\/posts\/50907","targetHints":{"allow":["GET"]}}],"collection":[{"href":"https:\/\/www.europesays.com\/afrika\/wp-json\/wp\/v2\/posts"}],"about":[{"href":"https:\/\/www.europesays.com\/afrika\/wp-json\/wp\/v2\/types\/post"}],"author":[{"embeddable":true,"href":"https:\/\/www.europesays.com\/afrika\/wp-json\/wp\/v2\/users\/2"}],"replies":[{"embeddable":true,"href":"https:\/\/www.europesays.com\/afrika\/wp-json\/wp\/v2\/comments?post=50907"}],"version-history":[{"count":0,"href":"https:\/\/www.europesays.com\/afrika\/wp-json\/wp\/v2\/posts\/50907\/revisions"}],"wp:featuredmedia":[{"embeddable":true,"href":"https:\/\/www.europesays.com\/afrika\/wp-json\/wp\/v2\/media\/50908"}],"wp:attachment":[{"href":"https:\/\/www.europesays.com\/afrika\/wp-json\/wp\/v2\/media?parent=50907"}],"wp:term":[{"taxonomy":"category","embeddable":true,"href":"https:\/\/www.europesays.com\/afrika\/wp-json\/wp\/v2\/categories?post=50907"},{"taxonomy":"post_tag","embeddable":true,"href":"https:\/\/www.europesays.com\/afrika\/wp-json\/wp\/v2\/tags?post=50907"}],"curies":[{"name":"wp","href":"https:\/\/api.w.org\/{rel}","templated":true}]}}