{"id":50932,"date":"2026-09-04T06:14:24","date_gmt":"2026-09-04T06:14:24","guid":{"rendered":"https:\/\/www.europesays.com\/afrika\/50932\/"},"modified":"2026-09-04T06:14:24","modified_gmt":"2026-09-04T06:14:24","slug":"trauer-um-manager-familie-nach-flugzeugabsturz-in-namibia-7","status":"publish","type":"post","link":"https:\/\/www.europesays.com\/afrika\/50932\/","title":{"rendered":"Trauer um Manager-Familie nach Flugzeugabsturz in Namibia"},"content":{"rendered":"<p>Keine \u00dcberlebenden <\/p>\n<p>Trauer um Manager-Familie nach Flugzeugabsturz in Namibia<\/p>\n<p>Aktualisiert am 12.05.2026Lesedauer: 1 Min.<\/p>\n<p><a href=\"#focus-0\" class=\"transition-colors block text-current relative\" data-sctrack=\"FocusGalleryImage.Reference\"><img fetchpriority=\"high\" data-testid=\"Opener.Image\"   loading=\"eager\" src=\"https:\/\/www.europesays.com\/afrika\/wp-content\/uploads\/2026\/09\/bei-einem-flugzeugabsturz-sterben-vier-menschen-symbolbild.jpg\" alt=\"Sandd\u00fcnen in Sossusvlei\" title=\"Sandd\u00fcnen in Sossusvlei\" width=\"2048\" height=\"1152\" class=\"bg-[url:var(--lqipURL)] bg-cover bg-center flex h-full w-full max-w-full\" style=\"--lqipURL:url('https:\/\/images.t-online.de\/2026\/05\/bfV41A-PdXaG\/0x106:2048x1152\/fit-in\/150x0\/filters:blur(25)\/bei-einem-flugzeugabsturz-sterben-vier-menschen-symbolbild.jpg')\" decoding=\"async\"\/><img loading=\"lazy\" src=\"https:\/\/www.t-online.de\/s\/paper\/_next\/static\/media\/zoom-in.f7dae02f.svg\" alt=\"Vergr\u00f6\u00dfern des Bildes\" title=\"Vergr\u00f6\u00dfern des Bildes\" class=\"block h-[calc(var(--height)_\/_16_*_1rem)] w-[calc(var(--width)_\/_16_*_1rem)] max-w-none absolute right-8 bottom-8 rounded-4 bg-snow p-8\" style=\"--width:32;--height:32\" decoding=\"async\"\/><\/a><\/p>\n<p>Bei einem Flugzeugabsturz sterben vier Menschen. (Symbolbild) (Quelle: picture alliance \/ dpa\/dpa-bilder)<\/p>\n<p><img loading=\"lazy\" src=\"https:\/\/www.t-online.de\/s\/paper\/_next\/static\/media\/audio-volume.6689034c.svg\" alt=\"\" title=\"\" class=\"block h-[calc(var(--height)_\/_16_*_1rem)] w-[calc(var(--width)_\/_16_*_1rem)] max-w-none group-hover:brightness-0 group-hover:invert\" style=\"--width:16;--height:16\" decoding=\"async\"\/>Vorlesen<\/p>\n<p>Aktuelle Zeit:0:00Gesamtdauer:0:00<\/p>\n<p>1x<img loading=\"lazy\" src=\"https:\/\/www.t-online.de\/s\/paper\/_next\/static\/media\/font-sizes.32942e33.svg\" alt=\"\" title=\"\" class=\"block h-[calc(var(--height)_\/_16_*_1rem)] w-[calc(var(--width)_\/_16_*_1rem)] max-w-none group-hover:hidden group-aria-expanded:hidden\" style=\"--width:16;--height:16\" decoding=\"async\"\/><img loading=\"lazy\" src=\"https:\/\/www.t-online.de\/s\/paper\/_next\/static\/media\/font-sizes-dark-mode.e382645c.svg\" alt=\"\" title=\"\" class=\"block h-[calc(var(--height)_\/_16_*_1rem)] w-[calc(var(--width)_\/_16_*_1rem)] max-w-none hidden group-hover:block group-aria-expanded:block\" style=\"--width:16;--height:16\" decoding=\"async\"\/><img loading=\"lazy\" src=\"https:\/\/www.t-online.de\/s\/paper\/_next\/static\/media\/sharing-menu-icon.1eb71368.svg\" alt=\"\" title=\"\" class=\"block h-[calc(var(--height)_\/_16_*_1rem)] w-[calc(var(--width)_\/_16_*_1rem)] max-w-none group-hover:brightness-0 group-hover:invert\" style=\"--width:16;--height:16\" decoding=\"async\"\/>Artikel teilen<\/p>\n<p class=\"font-bold text-18 leading-17 user-text-lg:text-22 user-text-xl:text-24\">Ein geplanter Urlaub endet in einer Katastrophe: Drei Menschen aus der Region Heilbronn sterben beim Absturz eines kleinen Flugzeugs in Namibia. In ihrer Heimat werden sie gew\u00fcrdigt.<\/p>\n<p class=\"text-18 leading-17 user-text-lg:text-22 user-text-xl:text-24\">Der Tod einer Familie von zwei fr\u00fcheren Top-Managern der Schwarz-Gruppe bei einem Flugzeugabsturz in <a href=\"https:\/\/www.t-online.de\/themen\/namibia\/\" class=\"transition-colors cursor-pointer no-underline md:hover:text-magenta md:focus:text-magenta border-b border-solid border-current text-salemsfur md:hover:border-magenta\" data-tracking=\"{&quot;action&quot;:&quot;click&quot;,&quot;category&quot;:&quot;intextLink&quot;,&quot;label&quot;:&quot;\/themen\/namibia\/&quot;}\" data-sctrack=\"BodyAnchor\" rel=\"nofollow noopener\" target=\"_blank\">Namibia<\/a> hat in ihrer Heimat gro\u00dfe Best\u00fcrzung ausgel\u00f6st. Die Nachricht aus Namibia habe in Bad Rappenau zu gro\u00dfer Trauer gef\u00fchrt, sagte Oberb\u00fcrgermeister Sebastian Frei der Deutschen Presse-Agentur. &#8222;Die Familie war im Stadtleben pr\u00e4sent und sehr gesch\u00e4tzt.&#8220; Heilbronns Oberb\u00fcrgermeister Harry Mergel sagte der &#8222;Heilbronner Stimme&#8220;: &#8222;Wir haben drei besondere und wunderbare Menschen verloren.&#8220;<\/p>\n<p class=\"text-18 leading-17 user-text-lg:text-22 user-text-xl:text-24\">Neben Silke Lohmiller (61), Ex-Gesch\u00e4ftsf\u00fchrerin der Dieter-Schwarz-Stiftung, kamen nach Angaben der Schwarz Gruppe auch ihr Mann, der fr\u00fchere Kaufland-Manager Richard Lohmiller (66), sowie ihr 19 Jahre alter Sohn ums Leben. Auch der deutsche Pilot starb bei dem Absturz.<\/p>\n<p>Beh\u00f6rden untersuchen Absturz<\/p>\n<p class=\"text-18 leading-17 user-text-lg:text-22 user-text-xl:text-24\">Die Deutschen waren am Sonntag als Touristen mit einer Cessna 210 vom internationalen <a href=\"https:\/\/www.t-online.de\/themen\/flughafen\/\" class=\"transition-colors cursor-pointer no-underline md:hover:text-magenta md:focus:text-magenta border-b border-solid border-current text-salemsfur md:hover:border-magenta\" data-tracking=\"{&quot;action&quot;:&quot;click&quot;,&quot;category&quot;:&quot;intextLink&quot;,&quot;label&quot;:&quot;\/themen\/flughafen\/&quot;}\" data-sctrack=\"BodyAnchor\" rel=\"nofollow noopener\" target=\"_blank\">Flughafen<\/a> der namibischen Hauptstadt Windhuk abgeflogen. Der Kleinflieger sollte etwa eine Stunde sp\u00e4ter auf der privaten Landebahn einer Lodge in der Gegend Sossusvlei landen, erreichte aber nie sein Ziel. Das Wrack sei am Montagmorgen gefunden worden. Namibische Beh\u00f6rden h\u00e4tten eine offizielle Untersuchung der Unfallursache eingeleitet, hie\u00df es.<\/p>\n","protected":false},"excerpt":{"rendered":"Keine \u00dcberlebenden Trauer um Manager-Familie nach Flugzeugabsturz in Namibia Aktualisiert am 12.05.2026Lesedauer: 1 Min. Bei einem Flugzeugabsturz sterben&hellip;\n","protected":false},"author":2,"featured_media":50933,"comment_status":"","ping_status":"","sticky":false,"template":"","format":"standard","meta":{"footnotes":"","_share_on_mastodon":"0"},"categories":[16],"tags":[7414,717,4011,7379,7415,414,7442],"class_list":["post-50932","post","type-post","status-publish","format-standard","has-post-thumbnail","category-namibia","tag-bad-rappenau","tag-deutsche-presse-agentur","tag-flugzeugabsturz","tag-heilbronn","tag-katastrophe","tag-namibia","tag-sebastian-frei"],"share_on_mastodon":{"url":"https:\/\/pubeurope.com\/@afrika\/117211304161797473","error":""},"_links":{"self":[{"href":"https:\/\/www.europesays.com\/afrika\/wp-json\/wp\/v2\/posts\/50932","targetHints":{"allow":["GET"]}}],"collection":[{"href":"https:\/\/www.europesays.com\/afrika\/wp-json\/wp\/v2\/posts"}],"about":[{"href":"https:\/\/www.europesays.com\/afrika\/wp-json\/wp\/v2\/types\/post"}],"author":[{"embeddable":true,"href":"https:\/\/www.europesays.com\/afrika\/wp-json\/wp\/v2\/users\/2"}],"replies":[{"embeddable":true,"href":"https:\/\/www.europesays.com\/afrika\/wp-json\/wp\/v2\/comments?post=50932"}],"version-history":[{"count":0,"href":"https:\/\/www.europesays.com\/afrika\/wp-json\/wp\/v2\/posts\/50932\/revisions"}],"wp:featuredmedia":[{"embeddable":true,"href":"https:\/\/www.europesays.com\/afrika\/wp-json\/wp\/v2\/media\/50933"}],"wp:attachment":[{"href":"https:\/\/www.europesays.com\/afrika\/wp-json\/wp\/v2\/media?parent=50932"}],"wp:term":[{"taxonomy":"category","embeddable":true,"href":"https:\/\/www.europesays.com\/afrika\/wp-json\/wp\/v2\/categories?post=50932"},{"taxonomy":"post_tag","embeddable":true,"href":"https:\/\/www.europesays.com\/afrika\/wp-json\/wp\/v2\/tags?post=50932"}],"curies":[{"name":"wp","href":"https:\/\/api.w.org\/{rel}","templated":true}]}}