{"id":50942,"date":"2026-09-04T06:29:38","date_gmt":"2026-09-04T06:29:38","guid":{"rendered":"https:\/\/www.europesays.com\/afrika\/50942\/"},"modified":"2026-09-04T06:29:38","modified_gmt":"2026-09-04T06:29:38","slug":"wahlauszaehlung-in-sambia-wegen-gewalt-gestoppt-2","status":"publish","type":"post","link":"https:\/\/www.europesays.com\/afrika\/50942\/","title":{"rendered":"Wahlausz\u00e4hlung in Sambia wegen &#8222;Gewalt&#8220; gestoppt"},"content":{"rendered":"<p class=\"mb-4 text-lg md:leading-8 break-words\">Wahlhelfer seien gezielt angegriffen und in einigen F\u00e4llen seien bereits ausgef\u00fcllte Stimmzettel samt Wahlurnen gestohlen worden, erkl\u00e4rte Wahlleiter Brown Kasaro in der Hauptstadt Lusaka. Der Stopp der Ausz\u00e4hlung solle binnen 24 Stunden \u00fcberpr\u00fcft werden. Bis dahin werde es in ganz Sambia keine weitere Bekanntgabe von Ergebnissen geben.<\/p>\n<p>Opposition spricht von Sieg noch bevor Ergebnis vorliegt<\/p>\n<p class=\"mb-4 text-lg md:leading-8 break-words\">In dem Binnenstaat im s\u00fcdlichen Afrika hatten am Donnerstag <a data-ylk=\"slk:Pr\u00e4sidentschafts- und Parlamentswahlen;elm:context_link;itc:0;sec:content-canvas;\" data-yga=\"{&quot;yLinkElement&quot;:&quot;link&quot;,&quot;yLinkElementType&quot;:&quot;article_link&quot;}\" href=\"https:\/\/www.dw.com\/de\/sambia-pressefreiheit-vor-den-wahlen-2026-auf-dem-pr\u00fcfstand\/a-77587546\" rel=\"noopener noreferrer nofollow\" target=\"_blank\">Pr\u00e4sidentschafts- und Parlamentswahlen<\/a> stattgefunden. Oppositionskandidat Brian Mundubile reklamierte noch vor der Bekanntgabe des Ergebnisses durch die Wahlkommission den Sieg f\u00fcr sich.<\/p>\n<p><img alt=\"Oppositionskandidat Brian Mundubile bei der Stimmabgabe&lt;span class=&quot;copyright&quot;&gt;Moses Mwape\/REUTERS&lt;\/span&gt;\" loading=\"lazy\" width=\"960\" height=\"540\" decoding=\"async\" data-nimg=\"1\" class=\"rounded-lg\" style=\"color:transparent\" src=\"https:\/\/www.europesays.com\/afrika\/wp-content\/uploads\/2026\/09\/https:\/\/media.zenfs.com\/de\/deutsche_welle_de_557\/e92a1204d86383cf9245e2c389f2be79.jpg\"\/><\/p>\n<p>Oppositionskandidat Brian Mundubile bei der StimmabgabeMoses Mwape\/REUTERS<\/p>\n<p class=\"mb-4 text-lg md:leading-8 break-words\">Seine Allianz habe sowohl die Pr\u00e4sidentschaftswahl als auch die Mehrheit der Parlamentssitze gewonnen, erkl\u00e4rte der 55-J\u00e4hrige in einer Videobotschaft.<\/p>\n<p class=\"mb-4 text-lg md:leading-8 break-words\"><a data-ylk=\"slk:Der seit 2021 amtierende Pr\u00e4sident Hakainde Hichilema;elm:context_link;itc:0;sec:content-canvas;\" data-yga=\"{&quot;yLinkElement&quot;:&quot;link&quot;,&quot;yLinkElementType&quot;:&quot;article_link&quot;}\" href=\"https:\/\/www.dw.com\/de\/machtwechsel-in-sambia-hichilema-wird-pr\u00e4sident\/a-58874236\" rel=\"noopener noreferrer nofollow\" target=\"_blank\">Der seit 2021 amtierende Pr\u00e4sident Hakainde Hichilema<\/a> rief hingegen dazu auf, die offiziellen Ergebnisse abzuwarten. Sein Team erhalte &#8222;ermutigende Ergebnisse&#8220;, erkl\u00e4rte er. Die Menschen sollten &#8222;friedlich, geduldig und patriotisch&#8220; bleiben. Rund 8,7 Millionen Menschen waren zur Wahl aufgerufen.<\/p>\n<p><img alt=\"Die Opposition spricht von Sieg, der amtierende Pr\u00e4sident Hakainde Hichilema appelliert an die Bev\u00f6lkerung: Abwarten.&lt;span class=&quot;copyright&quot;&gt;Ben Curtis\/AP Photo\/picture alliance&lt;\/span&gt;\" loading=\"lazy\" width=\"960\" height=\"540\" decoding=\"async\" data-nimg=\"1\" class=\"rounded-lg\" style=\"color:transparent\" src=\"https:\/\/www.europesays.com\/afrika\/wp-content\/uploads\/2026\/09\/https:\/\/media.zenfs.com\/de\/deutsche_welle_de_557\/dd76675612ef2151a377c2d896f2c850.jpg\"\/><\/p>\n<p>Die Opposition spricht von Sieg, der amtierende Pr\u00e4sident Hakainde Hichilema appelliert an die Bev\u00f6lkerung: Abwarten.Ben Curtis\/AP Photo\/picture alliance<\/p>\n<p class=\"mb-4 text-lg md:leading-8 break-words\">Die offiziellen Ergebnisse der Pr\u00e4sidentschaftswahl sollen bis Montag vorliegen. Erh\u00e4lt keiner der insgesamt 14 Kandidaten mehr als 50 Prozent der Stimmen, ist eine Stichwahl n\u00f6tig. Neben dem Staatschef wurden 226 Abgeordnete der Nationalversammlung gew\u00e4hlt.<\/p>\n<p>Viel Kupfer, aber auch viel Armut<\/p>\n<p class=\"mb-4 text-lg md:leading-8 break-words\">Im Wahlkampf hatte vor allem <a data-ylk=\"slk:die wirtschaftliche Lage des kupferreichen Sambia;elm:context_link;itc:0;sec:content-canvas;\" data-yga=\"{&quot;yLinkElement&quot;:&quot;link&quot;,&quot;yLinkElementType&quot;:&quot;article_link&quot;}\" href=\"https:\/\/www.dw.com\/de\/kupferboom-kostet-sambier-einen-hohen-preis\/a-76396108\" rel=\"noopener noreferrer nofollow\" target=\"_blank\">die wirtschaftliche Lage des kupferreichen Sambia<\/a> eine Rolle gespielt. Hichilemas Regierung stabilisierte nach einem Staatsbankrott im Jahr 2020 die Landesw\u00e4hrung, senkte die Inflation und erzielte mit Gl\u00e4ubigern eine Vereinbarung zur Umschuldung. Viele Menschen leiden dennoch weiterhin unter hohen Lebenshaltungskosten.<\/p>\n<p class=\"mb-4 text-lg md:leading-8 break-words\">Sambia gilt seit seiner Unabh\u00e4ngigkeit 1964 als eine der stabileren Demokratien im s\u00fcdlichen Afrika. Der Wahlkampf war in diesem Jahr jedoch von gewaltsamen Auseinandersetzungen und von Vorw\u00fcrfen gegen die Regierung gepr\u00e4gt. Die sambische Menschenrechtskommission hatte unmittelbar vor der Wahl erkl\u00e4rt, sie beobachte Festnahmen von Kandidaten, Unterst\u00fctzern und Journalisten mit Sorge.<\/p>\n<p class=\"mb-4 text-lg md:leading-8 break-words\">haz\/pgr (afp, dpa, rtr, epd)<\/p>\n<p class=\"mb-4 text-lg md:leading-8 break-words\">Redaktionsschluss: 18:00 Uhr (MESZ) &#8211; dieser Artikel wird nicht weiter aktualisiert.<\/p>\n","protected":false},"excerpt":{"rendered":"Wahlhelfer seien gezielt angegriffen und in einigen F\u00e4llen seien bereits ausgef\u00fcllte Stimmzettel samt Wahlurnen gestohlen worden, erkl\u00e4rte Wahlleiter&hellip;\n","protected":false},"author":2,"featured_media":50943,"comment_status":"","ping_status":"","sticky":false,"template":"","format":"standard","meta":{"footnotes":"","_share_on_mastodon":"0"},"categories":[25],"tags":[3551,311,312],"class_list":["post-50942","post","type-post","status-publish","format-standard","has-post-thumbnail","category-sambia","tag-reuters","tag-sambia","tag-zambia"],"share_on_mastodon":{"url":"https:\/\/pubeurope.com\/@afrika\/117211363146616544","error":""},"_links":{"self":[{"href":"https:\/\/www.europesays.com\/afrika\/wp-json\/wp\/v2\/posts\/50942","targetHints":{"allow":["GET"]}}],"collection":[{"href":"https:\/\/www.europesays.com\/afrika\/wp-json\/wp\/v2\/posts"}],"about":[{"href":"https:\/\/www.europesays.com\/afrika\/wp-json\/wp\/v2\/types\/post"}],"author":[{"embeddable":true,"href":"https:\/\/www.europesays.com\/afrika\/wp-json\/wp\/v2\/users\/2"}],"replies":[{"embeddable":true,"href":"https:\/\/www.europesays.com\/afrika\/wp-json\/wp\/v2\/comments?post=50942"}],"version-history":[{"count":0,"href":"https:\/\/www.europesays.com\/afrika\/wp-json\/wp\/v2\/posts\/50942\/revisions"}],"wp:featuredmedia":[{"embeddable":true,"href":"https:\/\/www.europesays.com\/afrika\/wp-json\/wp\/v2\/media\/50943"}],"wp:attachment":[{"href":"https:\/\/www.europesays.com\/afrika\/wp-json\/wp\/v2\/media?parent=50942"}],"wp:term":[{"taxonomy":"category","embeddable":true,"href":"https:\/\/www.europesays.com\/afrika\/wp-json\/wp\/v2\/categories?post=50942"},{"taxonomy":"post_tag","embeddable":true,"href":"https:\/\/www.europesays.com\/afrika\/wp-json\/wp\/v2\/tags?post=50942"}],"curies":[{"name":"wp","href":"https:\/\/api.w.org\/{rel}","templated":true}]}}