{"id":50950,"date":"2026-09-04T06:48:09","date_gmt":"2026-09-04T06:48:09","guid":{"rendered":"https:\/\/www.europesays.com\/afrika\/50950\/"},"modified":"2026-09-04T06:48:09","modified_gmt":"2026-09-04T06:48:09","slug":"sardinen-engpass-in-fast-allen-supermaerkten-marokko-stoppt-exporte","status":"publish","type":"post","link":"https:\/\/www.europesays.com\/afrika\/50950\/","title":{"rendered":"Sardinen-Engpass in fast allen Superm\u00e4rkten: Marokko stoppt Exporte"},"content":{"rendered":"<p class=\"m-0 text-lg font-normal leading-[30px] text-gray-800\">\n                Die Sardinendose wird knapp, und zwar in den gr\u00f6\u00dften deutschen Handelsketten gleichzeitig. Aldi Nord, Rewe, Lidl und Kaufland best\u00e4tigten auf Anfrage der Deutschen Presse-Agentur Engp\u00e4sse \u2013 bei Eigenmarken ebenso wie bei Markenware. Auch der Lieferdienst Picnic ist nach eigenen Angaben betroffen.\n              <\/p>\n<p>              Viele Superm\u00e4rkte in Deutschland betroffen<\/p>\n<p class=\"m-0 text-lg font-normal leading-[30px] text-gray-800\">\n                Aldi Nord teilte der Nachrichtenagentur mit, einzelne Produkte k\u00f6nnten zeitweise fehlen: \u201eDie Verf\u00fcgbarkeit von Sardinen ist aktuell aufgrund herausfordernder Bedingungen beim Fischfang teilweise eingeschr\u00e4nkt.\u201c Rewe sprach von einer \u201eeuropaweit angespannten Rohwarensituation\u201c. Lidl erkl\u00e4rte gegen\u00fcber der dpa: \u201eAktuell kann es aufgrund einer steigenden Nachfrage nach Sardinen punktuell zu Verf\u00fcgbarkeitseinschr\u00e4nkungen kommen.\u201c Gemeinsam mit Lieferanten arbeite man daran, die Ware schnell wieder ins Regal zu bekommen. Kaufland r\u00e4umte vereinzelte Engp\u00e4sse ein. Zuerst hatte die \u201aWelt\u2018 \u00fcber die Engp\u00e4sse berichtet.\n              <\/p>\n<p class=\"m-0 text-lg font-normal leading-[30px] text-gray-800\">\n                \u201eDie f\u00fcr den europ\u00e4ischen Markt wichtigste Sardinenfischerei vor den K\u00fcsten von Marokko und der Westsahara leidet seit Jahren unter r\u00fcckl\u00e4ufigen Best\u00e4nden\u201c, sagt Stefan Meyer, Gesch\u00e4ftsf\u00fchrer des Fisch-Informationszentrums in Hamburg. Die Zahlen der marokkanischen Fischereiverwaltung zeigen den Absturz: 2022 wurden dort 965.000 Tonnen angelandet, 2024 nur noch 525.000 Tonnen. Das ist ein Minus von fast 46 Prozent in zwei Jahren.<\/p>\n<p>Auch im vergangenen Jahr habe sich die Lage nicht gebessert, so Meyer. Als Ursachen nennt er die Folgen des Klimawandels, ver\u00e4nderte Meeresbedingungen und hohen Befischungsdruck.\n              <\/p>\n<p>                  <img decoding=\"async\" src=\"https:\/\/www.europesays.com\/afrika\/wp-content\/uploads\/2026\/09\/794f5c4c-4bc5-457f-a0d0-0f089fe8e029.jpg\"   alt=\"Frisch angelandete Schwarmfische in einer Fischerkiste: Die Fangmengen vor Marokko sind seit 2022 um fast die H\u00e4lfte eingebrochen. \" class=\"h-full w-full object-cover\" loading=\"lazy\" data-original-url=\"https:\/\/blzprod-endpoint-h3ajcyhfd4gsducd.a03.azurefd.net\/images\/2026\/09\/04\/794f5c4c-4bc5-457f-a0d0-0f089fe8e029.jpg\" data-caption=\"Frisch angelandete Schwarmfische in einer Fischerkiste: Die Fangmengen vor Marokko sind seit 2022 um fast die H\u00e4lfte eingebrochen. \" data-source=\"Pascal Deloche \/ Godong\/IMAGO\"\/><\/p>\n<p class=\"m-0 flex-[3] text-left text-xs font-normal leading-[18px] text-gray-650\">Frisch angelandete Schwarmfische in einer Fischerkiste: Die Fangmengen vor Marokko sind seit 2022 um fast die H\u00e4lfte eingebrochen. <\/p>\n<p class=\"m-0 mt-1 flex-1 text-left text-xs font-normal leading-[18px] text-gray-650 md:mt-0 md:text-right\">\n                        \u00a9 Pascal Deloche \/ Godong\/IMAGO\n                      <\/p>\n<p class=\"m-0 text-lg font-normal leading-[30px] text-gray-800\">\n                Marokko hat reagiert \u2013 aber nicht zugunsten Europas. Die Regierung steuert die Fanggebiete restriktiver, und seit Februar 2026 sind die Exporte gefrorener Sardinen <a href=\"https:\/\/www.berliner-kurier.de\/article\/lebensmittel-zu-guenstig-ministerin-schneider-wertschaetzung-10345318\" rel=\"nofollow noopener\" target=\"_blank\">stark eingeschr\u00e4nkt oder ausgesetzt<\/a>, um den heimischen Markt zu versorgen.\n              <\/p>\n<p>              Keiner wei\u00df, wann die Sardine zur\u00fcckkommt<\/p>\n<p class=\"m-0 text-lg font-normal leading-[30px] text-gray-800\">\n                <a href=\"https:\/\/www.berliner-kurier.de\/panorama\/seniorenrabatte-supermaerkte-deutschland-li.10327387\" rel=\"nofollow noopener\" target=\"_blank\">Eine schnelle Entspannung<\/a> ist nach Einsch\u00e4tzung des Hamburger Experten nicht in Sicht \u2013 Preise d\u00fcrften eher steigen als fallen. Wann die echte Sardine zum alten Preis zur\u00fcckkommt, sagt derzeit niemand seri\u00f6s voraus.<\/p>\n","protected":false},"excerpt":{"rendered":"Die Sardinendose wird knapp, und zwar in den gr\u00f6\u00dften deutschen Handelsketten gleichzeitig. Aldi Nord, Rewe, Lidl und Kaufland&hellip;\n","protected":false},"author":2,"featured_media":50951,"comment_status":"","ping_status":"","sticky":false,"template":"","format":"standard","meta":{"footnotes":"","_share_on_mastodon":"0"},"categories":[10],"tags":[19474,19475,7343,7497,95,96,5923,18687],"class_list":["post-50950","post","type-post","status-publish","format-standard","has-post-thumbnail","category-marokko","tag-aldi","tag-engpass","tag-kaufland","tag-lidl","tag-marokko","tag-morocco","tag-rewe","tag-supermarkt"],"share_on_mastodon":{"url":"https:\/\/pubeurope.com\/@afrika\/117211437680586989","error":""},"_links":{"self":[{"href":"https:\/\/www.europesays.com\/afrika\/wp-json\/wp\/v2\/posts\/50950","targetHints":{"allow":["GET"]}}],"collection":[{"href":"https:\/\/www.europesays.com\/afrika\/wp-json\/wp\/v2\/posts"}],"about":[{"href":"https:\/\/www.europesays.com\/afrika\/wp-json\/wp\/v2\/types\/post"}],"author":[{"embeddable":true,"href":"https:\/\/www.europesays.com\/afrika\/wp-json\/wp\/v2\/users\/2"}],"replies":[{"embeddable":true,"href":"https:\/\/www.europesays.com\/afrika\/wp-json\/wp\/v2\/comments?post=50950"}],"version-history":[{"count":0,"href":"https:\/\/www.europesays.com\/afrika\/wp-json\/wp\/v2\/posts\/50950\/revisions"}],"wp:featuredmedia":[{"embeddable":true,"href":"https:\/\/www.europesays.com\/afrika\/wp-json\/wp\/v2\/media\/50951"}],"wp:attachment":[{"href":"https:\/\/www.europesays.com\/afrika\/wp-json\/wp\/v2\/media?parent=50950"}],"wp:term":[{"taxonomy":"category","embeddable":true,"href":"https:\/\/www.europesays.com\/afrika\/wp-json\/wp\/v2\/categories?post=50950"},{"taxonomy":"post_tag","embeddable":true,"href":"https:\/\/www.europesays.com\/afrika\/wp-json\/wp\/v2\/tags?post=50950"}],"curies":[{"name":"wp","href":"https:\/\/api.w.org\/{rel}","templated":true}]}}