{"id":50966,"date":"2026-09-04T07:35:44","date_gmt":"2026-09-04T07:35:44","guid":{"rendered":"https:\/\/www.europesays.com\/afrika\/50966\/"},"modified":"2026-09-04T07:35:44","modified_gmt":"2026-09-04T07:35:44","slug":"bayer-04-verpflichtet-ivorischen-nationalspieler-kossounou","status":"publish","type":"post","link":"https:\/\/www.europesays.com\/afrika\/50966\/","title":{"rendered":"Bayer 04 verpflichtet ivorischen Nationalspieler Kossounou"},"content":{"rendered":"<p>\u201eIch bin gl\u00fccklich, dass der Wechsel zu Bayer 04 geklappt hat. Die zwei Jahre in Br\u00fcgge waren gro\u00dfartig, vor allem nat\u00fcrlich wegen der beiden Meistertitel, die wir gewonnen haben\u201c, betont der 20-j\u00e4hrige <a href=\"https:\/\/www.bayer04.de\/de-de\/player\/werkself\/ehemalige\/odilon-kossounou\" title=\"Odilon Kossounou\" rel=\"nofollow noopener\" target=\"_blank\">Kossounou<\/a>. \u201eAber die deutsche Bundesliga ist noch einmal etwas ganz anderes. In Leverkusen m\u00f6chte ich beweisen, dass ich auch auf diesem Niveau ein Top-Spieler bin und der Mannschaft helfen kann.\u201c<\/p>\n<p>Rolfes: \u201eOdilon bringt alles mit\u201c<\/p>\n<p>Sportdirektor <a href=\"https:\/\/www.bayer04.de\/de-de\/page\/ueber-uns\/simon-rolfes\" title=\"Simon Rolfes\" rel=\"nofollow noopener\" target=\"_blank\">Simon Rolfes<\/a> charakterisiert den Ivorer als \u201eextrem schnell, beweglich, sehr zweikampfstark und technisch gut. Odilon Kossounou hat sich als ganz junger Spieler in den zur\u00fcckliegenden beiden Jahren in Belgien rasant entwickelt. Und nat\u00fcrlich\u201c, so Rolfes, \u201ehat er l\u00e4ngst noch nicht sein volles Potenzial ausgesch\u00f6pft. Odilon bringt alles mit, um in Zukunft eine wichtige Rolle in unserer Mannschaft einzunehmen.\u201c<\/p>\n<p>Auch Sport-Gesch\u00e4ftsf\u00fchrer Rudi V\u00f6ller zeigt sich angetan von dem 1,91 Meter gro\u00dfen Nationalspieler, der bislang vier A-L\u00e4nderspiele f\u00fcr sein Land bestritten hat: \u201eWir freuen uns sehr, dass wir diesen Transfer umsetzen konnten. Odilon Kossounou passt fu\u00dfballerisch perfekt zu uns. Ein Innenverteidiger mit beeindruckender Dynamik und K\u00f6rpersprache sowie gro\u00dfem fu\u00dfballerischem Potenzial. Wir werden in den kommenden Jahren viel Freude an ihm haben.\u201c<\/p>\n","protected":false},"excerpt":{"rendered":"\u201eIch bin gl\u00fccklich, dass der Wechsel zu Bayer 04 geklappt hat. Die zwei Jahre in Br\u00fcgge waren gro\u00dfartig,&hellip;\n","protected":false},"author":2,"featured_media":50967,"comment_status":"","ping_status":"","sticky":false,"template":"","format":"standard","meta":{"footnotes":"","_share_on_mastodon":"0"},"categories":[14],"tags":[125,124,126],"class_list":["post-50966","post","type-post","status-publish","format-standard","has-post-thumbnail","category-elfenbeinkueste","tag-cote-divoire","tag-elfenbeinkueste","tag-ivory-coast"],"share_on_mastodon":{"url":"https:\/\/pubeurope.com\/@afrika\/117211622457066550","error":""},"_links":{"self":[{"href":"https:\/\/www.europesays.com\/afrika\/wp-json\/wp\/v2\/posts\/50966","targetHints":{"allow":["GET"]}}],"collection":[{"href":"https:\/\/www.europesays.com\/afrika\/wp-json\/wp\/v2\/posts"}],"about":[{"href":"https:\/\/www.europesays.com\/afrika\/wp-json\/wp\/v2\/types\/post"}],"author":[{"embeddable":true,"href":"https:\/\/www.europesays.com\/afrika\/wp-json\/wp\/v2\/users\/2"}],"replies":[{"embeddable":true,"href":"https:\/\/www.europesays.com\/afrika\/wp-json\/wp\/v2\/comments?post=50966"}],"version-history":[{"count":0,"href":"https:\/\/www.europesays.com\/afrika\/wp-json\/wp\/v2\/posts\/50966\/revisions"}],"wp:featuredmedia":[{"embeddable":true,"href":"https:\/\/www.europesays.com\/afrika\/wp-json\/wp\/v2\/media\/50967"}],"wp:attachment":[{"href":"https:\/\/www.europesays.com\/afrika\/wp-json\/wp\/v2\/media?parent=50966"}],"wp:term":[{"taxonomy":"category","embeddable":true,"href":"https:\/\/www.europesays.com\/afrika\/wp-json\/wp\/v2\/categories?post=50966"},{"taxonomy":"post_tag","embeddable":true,"href":"https:\/\/www.europesays.com\/afrika\/wp-json\/wp\/v2\/tags?post=50966"}],"curies":[{"name":"wp","href":"https:\/\/api.w.org\/{rel}","templated":true}]}}