{"id":50987,"date":"2026-09-04T08:34:09","date_gmt":"2026-09-04T08:34:09","guid":{"rendered":"https:\/\/www.europesays.com\/afrika\/50987\/"},"modified":"2026-09-04T08:34:09","modified_gmt":"2026-09-04T08:34:09","slug":"su-57-als-drohnen-launcher-russland-zeigt-in-aegypten-unbekannte-waffensysteme","status":"publish","type":"post","link":"https:\/\/www.europesays.com\/afrika\/50987\/","title":{"rendered":"Su-57 als Drohnen-Launcher: Russland zeigt in \u00c4gypten unbekannte Waffensysteme"},"content":{"rendered":"<p>Auf der Luftfahrtmesse El Alamein International Airshow, die vom 8. bis 10. September in \u00c4gypten stattfindet, will der russische R\u00fcstungskonzern Rostec zwei Neuheiten pr\u00e4sentieren, die bislang weder im In- noch im Ausland gezeigt wurden.<\/p>\n<p>An einer Su-57E soll dort v\u00f6llig neue Bewaffnung vorgef\u00fchrt werden, die zuvor nicht \u00f6ffentlich zu sehen war.<\/p>\n<p>Die neuen Varianten des Jets seien gegen\u00fcber fr\u00fcheren Modellen noch leistungsf\u00e4higer geworden, und mit der in \u00c4gypten gezeigten Bewaffnung wolle man diese Entwicklung demonstrativ unterstreichen, hei\u00dft es von Rostec. Details zu den neuen Waffen hat der Hersteller im Vorfeld noch nicht ver\u00f6ffentlicht.<\/p>\n<p>Laut Herstellerangaben zeichnen sich die Plattformen durch geringe Sichtbarkeit f\u00fcr gegnerische Ortungssysteme, gro\u00dfe Reichweite und hohe Geschwindigkeit aus. Je nach Ausf\u00fchrung sollen unterschiedliche Fl\u00fcgelkonzepte zum Einsatz kommen.<\/p>\n<p>Drohnen dienten inzwischen nicht mehr nur der Aufkl\u00e4rung, sondern zunehmend auch als eigenst\u00e4ndige Angriffsmittel. Mit der neuen Plattformfamilie habe man ein vielseitig einsetzbares System speziell f\u00fcr den Einsatz von Kampfjets der f\u00fcnften Generation geschaffen.<\/p>\n<p>\u00c4hnliche Konzepte f\u00fcr Stealthfighter als Drohnenlauncher gibt es bereits. Allerdings sind diese noch nicht vollst\u00e4ndig einsatzbereit. Die unbemannte <a href=\"https:\/\/www.flugrevue.de\/militaer\/usaf-tests-der-kratos-xq-58a-valkyrie-drohne-startet-mini-drohne\/\" target=\"_blank\" rel=\"nofollow noopener\">XQ-58 Valkyrie von Kratos<\/a> startete bereits 2021 eine kleinere Drohne aus ihren unbemannten Waffensch\u00e4chten.<\/p>\n<p>F\u00fcr die Air Force soll es bald die X-68A &#8222;LongShot&#8220; von General Atomics geben. Die soll von einem gr\u00f6\u00dferen Tr\u00e4gerflugzeug wie einem Kampfjet oder Bomber in der Luft ausgesetzt werden. Nach dem Ausklinken fliegt die X-68A eigenst\u00e4ndig weiter in Richtung gegnerischer Ziele und greift diese mit eigenen mitgef\u00fchrten Luft-Luft-Raketen an.<\/p>\n<p>Das eigentliche Tr\u00e4gerflugzeug muss sich dem Gegner dabei selbst nicht mehr ann\u00e4hern, sondern kann in sicherer Distanz zur Front bleiben \u2013 das Konzept soll also die Piloten sch\u00fctzen und gleichzeitig die Reichweite und Schlagkraft des Gesamtverbands erh\u00f6hen.<\/p>\n","protected":false},"excerpt":{"rendered":"Auf der Luftfahrtmesse El Alamein International Airshow, die vom 8. bis 10. September in \u00c4gypten stattfindet, will der&hellip;\n","protected":false},"author":2,"featured_media":50988,"comment_status":"","ping_status":"","sticky":false,"template":"","format":"standard","meta":{"footnotes":"","_share_on_mastodon":"0"},"categories":[7],"tags":[54,19489,55,19483,4715,19490,4723,19488,532,19484,19486,12595,19485,19487],"class_list":["post-50987","post","type-post","status-publish","format-standard","has-post-thumbnail","category-aegypten","tag-aegypten","tag-air-force","tag-egypt","tag-el-alamein-international-airshow","tag-flug-aktuelles","tag-general-atomics","tag-kampfflugzeuge","tag-kratos","tag-militaer","tag-rostec","tag-stealthfighter","tag-su-57e","tag-tarnkappen-drohnen","tag-xq-58-valkyrie"],"share_on_mastodon":{"url":"https:\/\/pubeurope.com\/@afrika\/117211854431839598","error":""},"_links":{"self":[{"href":"https:\/\/www.europesays.com\/afrika\/wp-json\/wp\/v2\/posts\/50987","targetHints":{"allow":["GET"]}}],"collection":[{"href":"https:\/\/www.europesays.com\/afrika\/wp-json\/wp\/v2\/posts"}],"about":[{"href":"https:\/\/www.europesays.com\/afrika\/wp-json\/wp\/v2\/types\/post"}],"author":[{"embeddable":true,"href":"https:\/\/www.europesays.com\/afrika\/wp-json\/wp\/v2\/users\/2"}],"replies":[{"embeddable":true,"href":"https:\/\/www.europesays.com\/afrika\/wp-json\/wp\/v2\/comments?post=50987"}],"version-history":[{"count":0,"href":"https:\/\/www.europesays.com\/afrika\/wp-json\/wp\/v2\/posts\/50987\/revisions"}],"wp:featuredmedia":[{"embeddable":true,"href":"https:\/\/www.europesays.com\/afrika\/wp-json\/wp\/v2\/media\/50988"}],"wp:attachment":[{"href":"https:\/\/www.europesays.com\/afrika\/wp-json\/wp\/v2\/media?parent=50987"}],"wp:term":[{"taxonomy":"category","embeddable":true,"href":"https:\/\/www.europesays.com\/afrika\/wp-json\/wp\/v2\/categories?post=50987"},{"taxonomy":"post_tag","embeddable":true,"href":"https:\/\/www.europesays.com\/afrika\/wp-json\/wp\/v2\/tags?post=50987"}],"curies":[{"name":"wp","href":"https:\/\/api.w.org\/{rel}","templated":true}]}}