{"id":51101,"date":"2026-09-04T14:39:33","date_gmt":"2026-09-04T14:39:33","guid":{"rendered":"https:\/\/www.europesays.com\/afrika\/51101\/"},"modified":"2026-09-04T14:39:33","modified_gmt":"2026-09-04T14:39:33","slug":"neun-tote-bei-einsturz-einer-goldmine-in-mosambik","status":"publish","type":"post","link":"https:\/\/www.europesays.com\/afrika\/51101\/","title":{"rendered":"Neun Tote bei Einsturz einer Goldmine in Mosambik"},"content":{"rendered":"<p class=\"wp-block-paragraph\">Beim Einsturz einer illegalen Goldmine im Distrikt Vanduzi in der zentralmosambikanischen Provinz Manica sind mindestens neun Menschen ums Leben gekommen. Die Beh\u00f6rden meldeten den Vorfall am Sonntag in der als \u201eSeis Carros\u201c bekannten Abbauregion. Drei weitere Menschen wurden verletzt. Der Unfall wirft erneut ein Schlaglicht auf die Gefahren des informellen Goldbergbaus in einer Region, in der Tausende nach Einkommen suchen.<\/p>\n<p class=\"wp-block-paragraph\">Die Gouverneurin der Provinz Manica, Francisca Tom\u00e1s, <a href=\"https:\/\/aimnews.org\/2026\/04\/06\/at-least-nine-dead-in-mine-collapse\/\" rel=\"nofollow noopener\" target=\"_blank\">best\u00e4tigte<\/a> die Zahl der Toten und Verletzten. Demnach starben sieben Menschen noch am Ungl\u00fccksort. F\u00fcnf weitere Verletzte wurden registriert, von denen vier ins Krankenhaus gebracht wurden. Zwei von ihnen erlagen dort ihren Verletzungen.<\/p>\n<p>Einsturz in einer bekannten Goldabbauregion<br \/>\n<img data-od-replaced- data-od-unknown-tag=\"\" data-od-xpath=\"\/HTML\/BODY\/DIV[@id='page']\/*[1][self::DIV]\/*[3][self::MAIN]\/*[1][self::DIV]\/*[1][self::DIV]\/*[1][self::DIV]\/*[1][self::DIV]\/*[3][self::DIV]\/*[1][self::DIV]\/*[2][self::DIV]\/*[1][self::DIV]\/*[5][self::DIV]\/*[1][self::FIGURE]\/*[1][self::IMG]\" loading=\"lazy\" decoding=\"async\" width=\"640\" height=\"841\" src=\"https:\/\/www.europesays.com\/afrika\/wp-content\/uploads\/2026\/09\/Gold_Reef_City_Mine_Tour_005-jpg.webp\" alt=\"\" class=\"wp-image-26270 size-full\"  \/><\/p>\n<p class=\"wp-block-paragraph\">Der Unfall ereignete sich in \u201eSeis Carros\u201c, einem Gebiet, das sich zu einem der wichtigsten Anziehungspunkte f\u00fcr Goldsucher in Manica entwickelt hat. Dort suchen Sch\u00e4tzungen zufolge mehr als zehntausend Menschen nach Gold, darunter Mosambikaner und Ausl\u00e4nder.<\/p>\n<p class=\"wp-block-paragraph\">T\u00e4glich dr\u00e4ngen sich an dem Ort M\u00e4nner und Frauen verschiedener Altersgruppen. So verlassen mitunter sogar Staatsbedienstete zeitweise ihre Arbeitspl\u00e4tze, um im Goldabbau rasch Geld zu verdienen.<\/p>\n<p>Beh\u00f6rden warnen vor wiederkehrenden Unf\u00e4llen<\/p>\n<p class=\"wp-block-paragraph\">Francisca Tom\u00e1s sprach von einer erneuten Trag\u00f6die in einer Region, in der solche Ungl\u00fccke immer wieder vorkommen. Sie rief zu einem nachhaltigen und sicheren Bergbau auf, um weitere Todesf\u00e4lle zu verhindern.<\/p>\n<p class=\"wp-block-paragraph\">Besonders in der Regenzeit steigt das Risiko. Dann wird der Boden instabil und anf\u00e4llig f\u00fcr Erdrutsche. Die Gouverneurin erkl\u00e4rte, die Beh\u00f6rden h\u00e4tten die handwerklich arbeitenden Goldsucher wiederholt dazu aufgerufen, Vorsichtsma\u00dfnahmen zu treffen, um Todesf\u00e4lle zu vermeiden.<\/p>\n<p>Goldabbau schafft eine kaum kontrollierte Parallelwirtschaft<\/p>\n<p class=\"wp-block-paragraph\">Rund um die Mine hat sich neben dem Abbau selbst ein breites Netz von Gesch\u00e4ften und Dienstleistungen entwickelt. Viele dieser <a href=\"https:\/\/fokus-afrika.de\/proteste-in-mosambik-praesenz-der-polizei\/\" rel=\"nofollow noopener\" target=\"_blank\">T\u00e4tigkeiten werden von jungen Menschen getragen<\/a>. So ist in \u201eSeis Carros\u201c eine Parallelwirtschaft entstanden, die zunehmend au\u00dferhalb der Kontrolle der Beh\u00f6rden w\u00e4chst.<\/p>\n<p class=\"wp-block-paragraph\">Der Einsturz steht damit auch f\u00fcr eine Entwicklung, bei der wirtschaftlicher Druck, fehlende Regulierung und hohe Risiken eng miteinander verbunden sind. In der Provinz Manica kam es bereits mehrfach zu t\u00f6dlichen Unf\u00e4llen in handwerklich betriebenen Minen, h\u00e4ufig ausgel\u00f6st durch Erdrutsche w\u00e4hrend der Regenzeit.<\/p>\n<p><img data-od-unknown-tag=\"\" data-od-xpath=\"\/HTML\/BODY\/DIV[@id='page']\/*[1][self::DIV]\/*[3][self::MAIN]\/*[1][self::DIV]\/*[1][self::DIV]\/*[1][self::DIV]\/*[1][self::DIV]\/*[3][self::DIV]\/*[1][self::DIV]\/*[2][self::DIV]\/*[1][self::DIV]\/*[12][self::IMG]\" loading=\"lazy\" decoding=\"async\" id=\"metis-img-pixel\" src=\"https:\/\/www.europesays.com\/afrika\/wp-content\/uploads\/2026\/09\/6e21b7f29876469e95e07aad98e9ccdc.gif\" width=\"1\" height=\"1\" alt=\"\"\/><\/p>\n","protected":false},"excerpt":{"rendered":"Beim Einsturz einer illegalen Goldmine im Distrikt Vanduzi in der zentralmosambikanischen Provinz Manica sind mindestens neun Menschen ums&hellip;\n","protected":false},"author":2,"featured_media":51102,"comment_status":"","ping_status":"","sticky":false,"template":"","format":"standard","meta":{"footnotes":"","_share_on_mastodon":"0"},"categories":[26],"tags":[14889,346,347,546],"class_list":["post-51101","post","type-post","status-publish","format-standard","has-post-thumbnail","category-mosambik","tag-14889","tag-mosambik","tag-mozambique","tag-rohstoffe"],"share_on_mastodon":{"url":"https:\/\/pubeurope.com\/@afrika\/117213289755092372","error":""},"_links":{"self":[{"href":"https:\/\/www.europesays.com\/afrika\/wp-json\/wp\/v2\/posts\/51101","targetHints":{"allow":["GET"]}}],"collection":[{"href":"https:\/\/www.europesays.com\/afrika\/wp-json\/wp\/v2\/posts"}],"about":[{"href":"https:\/\/www.europesays.com\/afrika\/wp-json\/wp\/v2\/types\/post"}],"author":[{"embeddable":true,"href":"https:\/\/www.europesays.com\/afrika\/wp-json\/wp\/v2\/users\/2"}],"replies":[{"embeddable":true,"href":"https:\/\/www.europesays.com\/afrika\/wp-json\/wp\/v2\/comments?post=51101"}],"version-history":[{"count":0,"href":"https:\/\/www.europesays.com\/afrika\/wp-json\/wp\/v2\/posts\/51101\/revisions"}],"wp:featuredmedia":[{"embeddable":true,"href":"https:\/\/www.europesays.com\/afrika\/wp-json\/wp\/v2\/media\/51102"}],"wp:attachment":[{"href":"https:\/\/www.europesays.com\/afrika\/wp-json\/wp\/v2\/media?parent=51101"}],"wp:term":[{"taxonomy":"category","embeddable":true,"href":"https:\/\/www.europesays.com\/afrika\/wp-json\/wp\/v2\/categories?post=51101"},{"taxonomy":"post_tag","embeddable":true,"href":"https:\/\/www.europesays.com\/afrika\/wp-json\/wp\/v2\/tags?post=51101"}],"curies":[{"name":"wp","href":"https:\/\/api.w.org\/{rel}","templated":true}]}}