{"id":51218,"date":"2026-09-05T05:43:13","date_gmt":"2026-09-05T05:43:13","guid":{"rendered":"https:\/\/www.europesays.com\/afrika\/51218\/"},"modified":"2026-09-05T05:43:13","modified_gmt":"2026-09-05T05:43:13","slug":"deutschlands-energieproblem-wadephul-setzt-bei-gasspeichern-auf-algerien-7","status":"publish","type":"post","link":"https:\/\/www.europesays.com\/afrika\/51218\/","title":{"rendered":"Deutschlands Energieproblem: Wadephul setzt bei Gasspeichern auf Algerien"},"content":{"rendered":"<p><a href=\"https:\/\/www.fr.de\/\" class=\"id-Breadcrumb-link\" data-id-ec=\"{\" shn=\"\" textlink=\"\" data-k5a-pos=\"1_startseite\" rel=\"nofollow noopener\" target=\"_blank\">Startseite<\/a><a href=\"https:\/\/www.fr.de\/wirtschaft\/\" class=\"id-Breadcrumb-link\" data-id-ec=\"{\" shn=\"\" textlink=\"\" data-k5a-pos=\"2_wirtschaft\" rel=\"nofollow noopener\" target=\"_blank\">Wirtschaft<\/a><\/p>\n<p class=\"id-Story-timestamp id-Story-timestamp--default\">Stand: 05.09.2026, 04:45 Uhr<\/p>\n<p class=\"id-Story-authors id-Story-authors--default\">Von: <a class=\"id-Story-authors-link lp_west_author\" href=\"https:\/\/www.fr.de\/autor\/marcel-reich-52ug6pi4m.html\" title=\"Zur Autorenseite von Marcel Reich\" data-id-ec=\"{\" shn=\"\" author-link=\"\" reich=\"\" data-k5a-pos=\"west_author\" rel=\"nofollow noopener\" target=\"_blank\">Marcel Reich<\/a><\/p>\n<p class=\"id-Story-interactionBar id-Story-interactionBar--default\">DruckenTeilen<\/p>\n<p><a href=\"https:\/\/profile.google.com\/cp\/CgkvbS8wNHk5cHYaAA\" class=\"id-Story-googleFollowButton id-Story-googleFollowButton--default\" target=\"_blank\" data-id-ec=\"{\" shn=\"\" google-follow=\"\" auf=\"\" google=\"\" folgen=\"\" rel=\"nofollow noopener\">Uns auf Google folgen<\/a><\/p>\n<p class=\"id-StoryElement-leadText\">Die deutschen Gasspeicher sind deutlich niedriger gef\u00fcllt als im Vorjahr. Nun r\u00fcckt ein nordafrikanischer Lieferant st\u00e4rker in den Fokus der Bundesregierung.<\/p>\n<p class=\"id-StoryElement-paragraph\">M\u00fcnchen \u2013 Deutschland sucht im Kampf gegen niedrige Gasspeicherst\u00e4nde nach zus\u00e4tzlichen Lieferoptionen. Bundesau\u00dfenminister Johann Wadephul sieht dabei auch Algerien als m\u00f6glichen Partner. Bei einem Besuch in Algier sagte der <a href=\"https:\/\/www.merkur.de\/politik\/cdu-org26591\/\" class=\"id-import-Link id-pageApi-Link--externalDomain\" title=\"CDU\" data-id-ec=\"{&quot;sht&quot;:&quot;Container&quot;,&quot;shn&quot;:&quot;Story&quot;,&quot;p&quot;:{&quot;containerType&quot;:&quot;Paragraph&quot;,&quot;displayType&quot;:&quot;Paragraph InlineLink&quot;,&quot;type&quot;:&quot;INLINE_LINK&quot;,&quot;value&quot;:&quot;CDU&quot;,&quot;variant&quot;:&quot;standardLink&quot;,&quot;sponsored&quot;:false,&quot;linkHref&quot;:&quot;https:\/\/www.merkur.de\/politik\/cdu-org26591\/&quot;,&quot;storyElementPosition&quot;:8,&quot;storyElementCount&quot;:32}}\" rel=\"nofollow noopener\" target=\"_blank\">CDU<\/a>-Politiker, <a href=\"https:\/\/www.fr.de\/wirtschaft\/gaspreis-steigt-deutschlands-speicher-sind-erst-zur-haelfte-voll-zr-94455226.html\" class=\"id-import-Link\" data-id-ec=\"{&quot;sht&quot;:&quot;Container&quot;,&quot;shn&quot;:&quot;Story&quot;,&quot;p&quot;:{&quot;containerType&quot;:&quot;Paragraph&quot;,&quot;displayType&quot;:&quot;Paragraph InlineLink&quot;,&quot;type&quot;:&quot;INLINE_LINK&quot;,&quot;value&quot;:&quot;algerische Gaslieferungen k&#xF6;nnten &#x201E;definitiv&#x201C; dabei helfen, die deutschen Speicher zu f&#xFC;llen.&quot;,&quot;variant&quot;:&quot;standardLink&quot;,&quot;sponsored&quot;:false,&quot;linkHref&quot;:&quot;https:\/\/www.fr.de\/wirtschaft\/gaspreis-steigt-deutschlands-speicher-sind-erst-zur-haelfte-voll-zr-94455226.html&quot;,&quot;storyElementPosition&quot;:8,&quot;storyElementCount&quot;:32}}\" rel=\"nofollow noopener\" target=\"_blank\">algerische Gaslieferungen k\u00f6nnten \u201edefinitiv\u201c dabei helfen, die deutschen Speicher zu f\u00fcllen.<\/a><\/p>\n<p><img decoding=\"async\" class=\"id-RatioPlaceholder-element wv_story_el_image\" src=\"https:\/\/www.europesays.com\/afrika\/wp-content\/uploads\/2026\/09\/43929026-die-speicher-sind-derzeit-nur-etwa-zur-haelfte-gefuellt-aussenminister-johann-wadephul-sieh.jpeg\" loading=\"lazy\"   height=\"733\" width=\"1100\" alt=\"Die Speicher sind derzeit nur etwa zur H&#xE4;lfte gef&#xFC;llt. Au&#xDF;enminister Johann Wadephul sieht Algerien als m&#xF6;glichen Partner, um zus&#xE4;tzliche Gaslieferungen f&#xFC;r Europa zu sichern\"\/>Die Speicher sind derzeit nur etwa zur H\u00e4lfte gef\u00fcllt. Au\u00dfenminister Johann Wadephul sieht Algerien als m\u00f6glichen Partner, um zus\u00e4tzliche Gaslieferungen f\u00fcr Europa zu sichern \u00a9\u00a0Michael Brandt\/dpa<\/p>\n<p class=\"id-StoryElement-paragraph\">F\u00fcr Deutschland kommt die Aussage zu einem heiklen Zeitpunkt. Die Gasspeicher sind derzeit nur etwa zur H\u00e4lfte gef\u00fcllt. Die staatlich vorgegebene Bef\u00fcllung auf 70 Prozent bis Anfang November gilt in der Energiebranche inzwischen als schwer erreichbar. Im vergangenen Jahr lagen die Speicher zum gleichen Zeitpunkt noch bei 67 Prozent.<\/p>\n<p>Wadephul setzt auf Gaslieferungen aus Algerien<\/p>\n<p class=\"id-StoryElement-paragraph\">Wadephul bezeichnete Algerien als \u201everl\u00e4sslichen Partner\u201c. Das Land liefere bereits Gas nach Italien und Spanien und k\u00f6nne auch f\u00fcr Deutschland eine gr\u00f6\u00dfere Rolle spielen. \u201eSowohl bei der Sicherung kritischer Rohstoffe als auch bei Fragen der Energiesicherheit brauchen wir zuverl\u00e4ssige Partner und widerstandsf\u00e4hige Lieferketten, gerade in unserer unmittelbaren Nachbarschaft\u201c, sagte der Au\u00dfenminister.<\/p>\n<p class=\"id-StoryElement-paragraph\"><a href=\"https:\/\/www.fr.de\/wirtschaft\/gasspeicher-niedrig-wird-gas-im-winter-teurer-zr-94435045.html\" class=\"id-import-Link\" data-id-ec=\"{&quot;sht&quot;:&quot;Container&quot;,&quot;shn&quot;:&quot;Story&quot;,&quot;p&quot;:{&quot;containerType&quot;:&quot;Paragraph&quot;,&quot;displayType&quot;:&quot;Paragraph InlineLink&quot;,&quot;type&quot;:&quot;INLINE_LINK&quot;,&quot;value&quot;:&quot;Deutschland verf&#xFC;gt zwar &#xFC;ber keine direkte Pipeline nach Algerien&quot;,&quot;variant&quot;:&quot;standardLink&quot;,&quot;sponsored&quot;:false,&quot;linkHref&quot;:&quot;https:\/\/www.fr.de\/wirtschaft\/gasspeicher-niedrig-wird-gas-im-winter-teurer-zr-94435045.html&quot;,&quot;storyElementPosition&quot;:15,&quot;storyElementCount&quot;:32}}\" rel=\"nofollow noopener\" target=\"_blank\">Deutschland verf\u00fcgt zwar \u00fcber keine direkte Pipeline nach Algerien<\/a>. Zus\u00e4tzliche Mengen k\u00f6nnen aber \u00fcber das europ\u00e4ische Gasnetz und bestehende Verbindungen nach Italien und Spanien indirekt auch anderen europ\u00e4ischen M\u00e4rkten zugutekommen. Entscheidend w\u00e4re deshalb nicht nur eine bilaterale Vereinbarung, sondern die Frage, ob tats\u00e4chlich zus\u00e4tzliche Mengen in das europ\u00e4ische System eingespeist werden k\u00f6nnen.<\/p>\n<p>Gasspeicher sind nur etwa halb gef\u00fcllt<\/p>\n<p class=\"id-StoryElement-paragraph\">Die niedrigen Speicherst\u00e4nde sorgen seit Wochen f\u00fcr Nervosit\u00e4t. Nach Einsch\u00e4tzung aus der Energiebranche ist die politisch vorgegebene Marke von 70 Prozent Anfang November kaum noch zu schaffen. Daf\u00fcr m\u00fcsste Deutschland in den kommenden Wochen deutlich schneller Gas einspeichern als zuletzt.<\/p>\n<p class=\"id-StoryElement-paragraph\">Das Bundeswirtschaftsministerium verweist dennoch auf eine stabile Versorgungslage. Es <a href=\"https:\/\/www.fr.de\/politik\/gaspreise-in-europa-steigen-stark-wer-zahlt-zuerst-mehr-zr-94460234.html\" class=\"id-import-Link\" data-id-ec=\"{&quot;sht&quot;:&quot;Container&quot;,&quot;shn&quot;:&quot;Story&quot;,&quot;p&quot;:{&quot;containerType&quot;:&quot;Paragraph&quot;,&quot;displayType&quot;:&quot;Paragraph InlineLink&quot;,&quot;type&quot;:&quot;INLINE_LINK&quot;,&quot;value&quot;:&quot;gebe keine Anzeichen daf&#xFC;r, dass die Versorgungssicherheit in Deutschland gef&#xE4;hrdet sei&quot;,&quot;variant&quot;:&quot;standardLink&quot;,&quot;sponsored&quot;:false,&quot;linkHref&quot;:&quot;https:\/\/www.fr.de\/politik\/gaspreise-in-europa-steigen-stark-wer-zahlt-zuerst-mehr-zr-94460234.html&quot;,&quot;storyElementPosition&quot;:19,&quot;storyElementCount&quot;:32}}\" rel=\"nofollow noopener\" target=\"_blank\">gebe keine Anzeichen daf\u00fcr, dass die Versorgungssicherheit in Deutschland gef\u00e4hrdet sei<\/a>, hei\u00dft es aus dem Ministerium. Zuletzt hatten sich die Einspeicherungen nach Angaben des Ministeriums wieder beschleunigt, unter anderem weil sich die Bedingungen auf dem internationalen LNG-Markt verbessert hatten.<\/p>\n<p>Algerien ist wichtiger Gaslieferant Europas<\/p>\n<p class=\"id-StoryElement-paragraph\">Algerien geh\u00f6rt bereits zu den wichtigsten Gaslieferanten Europas. Nach Angaben der <a href=\"https:\/\/www.fr.de\/politik\/eu-europaeische-union-mitgliedstaaten-laender-gruendung-von-der-leyen-ziele-91385429.html\" class=\"id-import-Link\" data-id-ec=\"{&quot;sht&quot;:&quot;Container&quot;,&quot;shn&quot;:&quot;Story&quot;,&quot;p&quot;:{&quot;containerType&quot;:&quot;Paragraph&quot;,&quot;displayType&quot;:&quot;Paragraph InlineLink&quot;,&quot;type&quot;:&quot;INLINE_LINK&quot;,&quot;value&quot;:&quot;EU&quot;,&quot;variant&quot;:&quot;standardLink&quot;,&quot;sponsored&quot;:false,&quot;linkHref&quot;:&quot;https:\/\/www.fr.de\/politik\/eu-europaeische-union-mitgliedstaaten-laender-gruendung-von-der-leyen-ziele-91385429.html&quot;,&quot;storyElementPosition&quot;:22,&quot;storyElementCount&quot;:32}}\" rel=\"nofollow noopener\" target=\"_blank\">EU<\/a>-Kommission exportierte das nordafrikanische Land 2025 insgesamt rund 35 Milliarden Kubikmeter Gas per Pipeline und als Fl\u00fcssigerdgas in die EU. Die Kommission bezeichnet Algerien als bedeutenden und verl\u00e4sslichen Lieferanten.<\/p>\n<p class=\"id-StoryElement-paragraph\">F\u00fcr Europa ist Algerien vor allem wegen seiner geografischen N\u00e4he und der bestehenden Infrastruktur wichtig. Gas aus Algerien flie\u00dft bereits \u00fcber Pipelines in Richtung S\u00fcdeuropa. Zudem kann das Land Fl\u00fcssigerdgas exportieren. F\u00fcr Deutschland k\u00f6nnte Algerien deshalb Teil einer breiteren Strategie werden, die Abh\u00e4ngigkeit von einzelnen Lieferwegen zu verringern und die Versorgung \u00fcber mehrere Quellen abzusichern.<\/p>\n<p>Bundesnetzagentur nimmt Lage ernst<\/p>\n<p class=\"id-StoryElement-paragraph\">Die Bundesnetzagentur warnt trotz der derzeit stabilen Versorgungslage vor den vergleichsweise niedrigen Vorr\u00e4ten. Die Speicherst\u00e4nde liegen deutlich unter den Werten der vergangenen Jahre. Die Beh\u00f6rde nimmt die Entwicklung nach eigener Darstellung \u201esehr ernst\u201c.<\/p>\n<p class=\"id-StoryElement-paragraph\">F\u00fcr die Versorgungssicherheit kommt es allerdings nicht allein auf die Speicher an. Entscheidend ist das Zusammenspiel von Pipelineimporten, LNG-Lieferungen, europ\u00e4ischer Infrastruktur und Gasverbrauch. Ein milder Winter w\u00fcrde die Lage deutlich entspannen. Ein kalter Winter oder neue St\u00f6rungen auf den internationalen Energiem\u00e4rkten <a href=\"https:\/\/www.fr.de\/wirtschaft\/gasspeicher-halb-leer-droht-ein-teurer-winter-zr-94455750.html\" class=\"id-import-Link\" data-id-ec=\"{&quot;sht&quot;:&quot;Container&quot;,&quot;shn&quot;:&quot;Story&quot;,&quot;p&quot;:{&quot;containerType&quot;:&quot;Paragraph&quot;,&quot;displayType&quot;:&quot;Paragraph InlineLink&quot;,&quot;type&quot;:&quot;INLINE_LINK&quot;,&quot;value&quot;:&quot;k&#xF6;nnten die Situation dagegen versch&#xE4;rfen.&quot;,&quot;variant&quot;:&quot;standardLink&quot;,&quot;sponsored&quot;:false,&quot;linkHref&quot;:&quot;https:\/\/www.fr.de\/wirtschaft\/gasspeicher-halb-leer-droht-ein-teurer-winter-zr-94455750.html&quot;,&quot;storyElementPosition&quot;:27,&quot;storyElementCount&quot;:32}}\" rel=\"nofollow noopener\" target=\"_blank\">k\u00f6nnten die Situation dagegen versch\u00e4rfen.<\/a><\/p>\n<p>Speicherstand bleibt Risiko f\u00fcr Verbraucher und Industrie<\/p>\n<p class=\"id-StoryElement-paragraph\">F\u00fcr private Haushalte bedeutet der niedrige Speicherstand nicht automatisch eine unmittelbare Gefahr. Die Versorgung gilt nach Einsch\u00e4tzung des Wirtschaftsministeriums derzeit als gesichert. Dennoch k\u00f6nnen niedrige Vorr\u00e4te die Preise im Winter anf\u00e4lliger machen, wenn gleichzeitig die Nachfrage steigt<a href=\"https:\/\/www.fr.de\/wirtschaft\/leere-gas-speicher-nervoese-maerkte-was-der-iran-krieg-fuer-deutschland-bedeutet-zr-94196727.html\" class=\"id-import-Link\" data-id-ec=\"{&quot;sht&quot;:&quot;Container&quot;,&quot;shn&quot;:&quot;Story&quot;,&quot;p&quot;:{&quot;containerType&quot;:&quot;Paragraph&quot;,&quot;displayType&quot;:&quot;Paragraph InlineLink&quot;,&quot;type&quot;:&quot;INLINE_LINK&quot;,&quot;value&quot;:&quot; und zus&#xE4;tzliche Lieferungen nur zu h&#xF6;heren Kosten verf&#xFC;gbar sind.&quot;,&quot;variant&quot;:&quot;standardLink&quot;,&quot;sponsored&quot;:false,&quot;linkHref&quot;:&quot;https:\/\/www.fr.de\/wirtschaft\/leere-gas-speicher-nervoese-maerkte-was-der-iran-krieg-fuer-deutschland-bedeutet-zr-94196727.html&quot;,&quot;storyElementPosition&quot;:30,&quot;storyElementCount&quot;:32}}\" rel=\"nofollow noopener\" target=\"_blank\"> und zus\u00e4tzliche Lieferungen nur zu h\u00f6heren Kosten verf\u00fcgbar sind.<\/a><\/p>\n<p class=\"id-StoryElement-paragraph\">F\u00fcr die Industrie ist die Lage besonders relevant. Viele Unternehmen sind auf verl\u00e4ssliche Gaspreise angewiesen. Wenn Deutschland zus\u00e4tzliche Mengen kurzfristig am Markt beschaffen muss, kann das die Kosten erh\u00f6hen. Gerade energieintensive Branchen w\u00fcrden steigende Preise schnell sp\u00fcren. (Quellen: Reuters, Bundeswirtschaftsministerium, Bundesnetzagentur, EU-Kommission) (mare)<\/p>\n","protected":false},"excerpt":{"rendered":"StartseiteWirtschaft Stand: 05.09.2026, 04:45 Uhr Von: Marcel Reich DruckenTeilen Uns auf Google folgen Die deutschen Gasspeicher sind deutlich&hellip;\n","protected":false},"author":2,"featured_media":49984,"comment_status":"","ping_status":"","sticky":false,"template":"","format":"standard","meta":{"footnotes":"","_share_on_mastodon":"0"},"categories":[9],"tags":[93,92],"class_list":["post-51218","post","type-post","status-publish","format-standard","has-post-thumbnail","category-algerien","tag-algeria","tag-algerien"],"share_on_mastodon":{"url":"https:\/\/pubeurope.com\/@afrika\/117216844384108694","error":""},"_links":{"self":[{"href":"https:\/\/www.europesays.com\/afrika\/wp-json\/wp\/v2\/posts\/51218","targetHints":{"allow":["GET"]}}],"collection":[{"href":"https:\/\/www.europesays.com\/afrika\/wp-json\/wp\/v2\/posts"}],"about":[{"href":"https:\/\/www.europesays.com\/afrika\/wp-json\/wp\/v2\/types\/post"}],"author":[{"embeddable":true,"href":"https:\/\/www.europesays.com\/afrika\/wp-json\/wp\/v2\/users\/2"}],"replies":[{"embeddable":true,"href":"https:\/\/www.europesays.com\/afrika\/wp-json\/wp\/v2\/comments?post=51218"}],"version-history":[{"count":0,"href":"https:\/\/www.europesays.com\/afrika\/wp-json\/wp\/v2\/posts\/51218\/revisions"}],"wp:featuredmedia":[{"embeddable":true,"href":"https:\/\/www.europesays.com\/afrika\/wp-json\/wp\/v2\/media\/49984"}],"wp:attachment":[{"href":"https:\/\/www.europesays.com\/afrika\/wp-json\/wp\/v2\/media?parent=51218"}],"wp:term":[{"taxonomy":"category","embeddable":true,"href":"https:\/\/www.europesays.com\/afrika\/wp-json\/wp\/v2\/categories?post=51218"},{"taxonomy":"post_tag","embeddable":true,"href":"https:\/\/www.europesays.com\/afrika\/wp-json\/wp\/v2\/tags?post=51218"}],"curies":[{"name":"wp","href":"https:\/\/api.w.org\/{rel}","templated":true}]}}