{"id":51247,"date":"2026-09-05T08:15:22","date_gmt":"2026-09-05T08:15:22","guid":{"rendered":"https:\/\/www.europesays.com\/afrika\/51247\/"},"modified":"2026-09-05T08:15:22","modified_gmt":"2026-09-05T08:15:22","slug":"video-manipuliert-mann-spricht-2024-in-tunesien-ueber-migrationsdeal-2","status":"publish","type":"post","link":"https:\/\/www.europesays.com\/afrika\/51247\/","title":{"rendered":"Video manipuliert &#8211; Mann spricht 2024 in\u00a0Tunesien \u00fcber Migrationsdeal"},"content":{"rendered":"<p>Das <a href=\"https:\/\/perma.cc\/96Y4-UCXB\" target=\"_blank\" rel=\"noopener noreferrer nofollow\">Video<\/a> zeigt einen Mann, der in die Kamera spricht. Dazu h\u00f6rt man in englischer Sprache die Worte: \u00abIch will mein Geld und mein kostenloses Haus. Und eine englische Frau. Das ist mein\u00a0Traum. Wenn jeder das haben kann, wollen wir es auch. Das kannst du sonst nirgendwo finden. England ist gut.\u00bb Hat der Sprecher wirklich diese Forderungen aufgestellt?<\/p>\n<p>Bewertung<\/p>\n<p>Der Ton, die Mimik und die Gestik wurden manipuliert. Im echten Video spricht der Mann \u00fcber seine seine Sorgen in Bezug auf einen Migrationsdeal zwischen Albanien und Italien.<\/p>\n<p>Fakten<\/p>\n<p>Das <a href=\"https:\/\/preservetube.com\/watch?v=jSArkVx9hg4\" target=\"_blank\" rel=\"noopener noreferrer nofollow\">Originalmaterial<\/a> stammt nicht aus aktuellen Quellen in Gro\u00dfbritannien, sondern wurde bereits am 27. Februar 2024 von der Nachrichtenagentur Associated Press (AP) auf YouTube ver\u00f6ffentlicht. Das Video ist somit deutlich \u00e4lter als die derzeit kursierende manipulierte Version.<\/p>\n<p>Video zeigt Interviewsequenz in Tunesien<\/p>\n<p>Laut der Videobeschreibung von AP zeigt die Sequenz Migranten in Tunesien, die sich zu einem umstrittenen Abkommen zwischen Italien und Albanien \u00e4u\u00dfern. Der Redner spricht im Original kein Englisch, sondern Arabisch.<\/p>\n<p>Kein Wort \u00fcber England<\/p>\n<p>In der Videobeschreibung wird der Mann als Ahmed aus dem Sudan identifiziert. Zudem ist dort eine englische \u00dcbersetzung seines Zitats zu finden: \u00abWe need safety and security because we don&#8217;t know what will happen to us in Albania. If Europe&#8217;s decision will help us, we support it and hope they will help us because we are already fleeing from war.\u00bb <\/p>\n<p>Auf Deutsch: \u00abWir brauchen Sicherheit, weil wir nicht wissen, was in Albanien mit uns geschehen wird. Wenn die Entscheidung Europas uns helfen wird, unterst\u00fctzen wir sie und hoffen, dass man uns helfen wird, denn wir sind bereits auf der Flucht vor dem Krieg.\u00bb Demnach spricht der Interviewte mit keinem Wort von England &#8211; anders, als im Post behauptet. Seine Worte wurden vermutlich mithilfe von KI manipuliert.<\/p>\n<p>Gestik, Mimik und Tonlage wurden auch manipuliert<\/p>\n<p>Bei einem Vergleich des Originals und der manipulierten Version f\u00e4llt zudem auf, dass Ahmeds Gestik, Mimik und Tonlage sich unterscheiden. Im Original spricht er ruhig, zeigt kaum Gestik und seine H\u00e4nde sind im Video nicht zu sehen. In der manipulierten Version spricht die Person lauter, aggressiver und mit w\u00fctend wirkender Mimik. Sie gestikuliert und ihre H\u00e4nde sind im Video sichtbar.<\/p>\n<p>Ein weiteres optisches Detail beweist, dass die j\u00fcngst ver\u00f6ffentlichten Clips mit KI ver\u00e4ndert wurden und nicht etwa eine andere Sequenz aus einem l\u00e4ngeren Original darstellen: Das Hemd des Mannes mit der Sonnenbrille rechts im Bild unterscheidet sich von dem in der \u00e4lteren AP-Aufnahme. In den manipulierten Clips fehlen die Streifen entlang der Knopfleiste und auch der Kragen sieht anders aus. Hier hat die KI erkennbar geschludert.<\/p>\n<p>Hintergrund ist Migrationsabkommen<\/p>\n<p>Im Februar 2024 hatte das albanische Parlament ein umstrittenes <a href=\"https:\/\/perma.cc\/GSF9-77BE\" target=\"_blank\" rel=\"noopener noreferrer nofollow\">Migrationsabkommen<\/a> mit Italien ratifiziert. Das Abkommen sah vor, dass Italien j\u00e4hrlich bis zu 36.000 Asylsuchende in Auffangzentren auf albanischem Staatsgebiet unterbringen kann. Albanien ist kein EU-Mitgliedstaat. Das Abkommen geriet rasch in die <a href=\"https:\/\/perma.cc\/GCF6-VXWA\" target=\"_blank\" rel=\"noopener noreferrer nofollow\">Kritik<\/a> von Menschenrechtsorganisationen und f\u00fchrte zu mehreren juristischen Auseinandersetzungen.<\/p>\n","protected":false},"excerpt":{"rendered":"Das Video zeigt einen Mann, der in die Kamera spricht. Dazu h\u00f6rt man in englischer Sprache die Worte:&hellip;\n","protected":false},"author":2,"featured_media":49751,"comment_status":"","ping_status":"","sticky":false,"template":"","format":"standard","meta":{"footnotes":"","_share_on_mastodon":"0"},"categories":[20],"tags":[211,212],"class_list":["post-51247","post","type-post","status-publish","format-standard","has-post-thumbnail","category-tunesien","tag-tunesien","tag-tunisia"],"share_on_mastodon":{"url":"https:\/\/pubeurope.com\/@afrika\/117217442067599686","error":""},"_links":{"self":[{"href":"https:\/\/www.europesays.com\/afrika\/wp-json\/wp\/v2\/posts\/51247","targetHints":{"allow":["GET"]}}],"collection":[{"href":"https:\/\/www.europesays.com\/afrika\/wp-json\/wp\/v2\/posts"}],"about":[{"href":"https:\/\/www.europesays.com\/afrika\/wp-json\/wp\/v2\/types\/post"}],"author":[{"embeddable":true,"href":"https:\/\/www.europesays.com\/afrika\/wp-json\/wp\/v2\/users\/2"}],"replies":[{"embeddable":true,"href":"https:\/\/www.europesays.com\/afrika\/wp-json\/wp\/v2\/comments?post=51247"}],"version-history":[{"count":0,"href":"https:\/\/www.europesays.com\/afrika\/wp-json\/wp\/v2\/posts\/51247\/revisions"}],"wp:featuredmedia":[{"embeddable":true,"href":"https:\/\/www.europesays.com\/afrika\/wp-json\/wp\/v2\/media\/49751"}],"wp:attachment":[{"href":"https:\/\/www.europesays.com\/afrika\/wp-json\/wp\/v2\/media?parent=51247"}],"wp:term":[{"taxonomy":"category","embeddable":true,"href":"https:\/\/www.europesays.com\/afrika\/wp-json\/wp\/v2\/categories?post=51247"},{"taxonomy":"post_tag","embeddable":true,"href":"https:\/\/www.europesays.com\/afrika\/wp-json\/wp\/v2\/tags?post=51247"}],"curies":[{"name":"wp","href":"https:\/\/api.w.org\/{rel}","templated":true}]}}