{"id":51257,"date":"2026-09-05T08:50:38","date_gmt":"2026-09-05T08:50:38","guid":{"rendered":"https:\/\/www.europesays.com\/afrika\/51257\/"},"modified":"2026-09-05T08:50:38","modified_gmt":"2026-09-05T08:50:38","slug":"deutschland-staerkt-sambia-bei-reformkurs","status":"publish","type":"post","link":"https:\/\/www.europesays.com\/afrika\/51257\/","title":{"rendered":"Deutschland st\u00e4rkt Sambia bei Reformkurs\u00a0"},"content":{"rendered":"<p>Bildinformationen einblenden<br \/>\nBildinformationen ausblenden<\/p>\n<p class=\"e-picture-info__caption\">\nDeutsch-sambische Regierungsverhandlungen im BMZ in Berlin im November 2022 <\/p>\n<p class=\"e-picture-info__copyright-text\">Urheberrecht\u00a9\u00a0Ute Grabowsky\/photothek.net<\/p>\n<p><img decoding=\"async\" class=\"e-picture__img\" alt=\"Deutsch-sambische Regierungsverhandlungen im BMZ in Berlin im November 2022\" src=\"https:\/\/www.europesays.com\/afrika\/wp-content\/uploads\/2026\/09\/221123-rv-sambia-02-data.jpg\" loading=\"lazy\"\/><\/p>\n<p>Deutsch-sambische Regierungsverhandlungen im BMZ in Berlin im November 2022<\/p>\n<p>Entwicklungsministerin Svenja Schulze: \u201eUnsere Entwicklungszusammenarbeit mit Sambia wirkt doppelt: Sie unterst\u00fctzt zum einen die demokratische Reformagenda von Staatspr\u00e4sident Hakainde Hichilema. Zugleich st\u00e4rkt sie das s\u00fcdliche Afrika insgesamt \u2013 eine Region, die \u00fcber gro\u00dfe Entwicklungspotenziale verf\u00fcgt und in der Sambia eine wichtige Funktion als Br\u00fccke zu Zentral- und Ostafrika einnimmt.\u201c<\/p>\n<p>Bildinformationen einblenden<br \/>\nBildinformationen ausblenden<\/p>\n<p class=\"e-picture-info__caption\">\nF\u00e4hre zwischen Botsuana und Sambia <\/p>\n<p class=\"e-picture-info__copyright-text\">Urheberrecht\u00a9\u00a0<a href=\"https:\/\/pixabay.com\/users\/nina056-95459\/\" target=\"_blank\" rel=\"noopener nofollow\">nina056<\/a>, via <a href=\"https:\/\/pixabay.com\/photos\/ferry-car-ferry-translate-shipping-214475\/\" target=\"_blank\" rel=\"noopener nofollow\">pixabay<\/a>, <a href=\"https:\/\/creativecommons.org\/publicdomain\/zero\/1.0\/deed.en\" target=\"_blank\" rel=\"noopener nofollow\">CC0<\/a><\/p>\n<p><img decoding=\"async\" class=\"e-picture__img\" alt=\"F\u00e4hre zwischen Botsuana und Sambia\" src=\"https:\/\/www.europesays.com\/afrika\/wp-content\/uploads\/2026\/09\/sambia-faehre-nina056-1920-data.jpg\" loading=\"lazy\"\/><\/p>\n<p>Gleich nach seinem Amtsantritt hat Pr\u00e4sident Hichilema mit den Reformen begonnen. So genie\u00dfen Medien und Zivilgesellschaft heute mehr Freiheiten. Au\u00dferdem wurde der Einfluss der einst m\u00e4chtigen und oft auch gewaltbereiten Parteikader im Land zur\u00fcckgedr\u00e4ngt. Die neue Regierung will dar\u00fcber hinaus die Todesstrafe und die fr\u00fcher \u00fcbliche Bestrafung bei \u201eDiffamierung des Pr\u00e4sidenten\u201c abschaffen.<\/p>\n<p>Viele zivilgesellschaftliche Gruppen loben den neuen Kurs Sambias, fordern die Regierung aber auch auf, die selbst gesteckten Ziele f\u00fcr demokratische Reformen, Achtung der Menschenrechte und Korruptionsbek\u00e4mpfung schneller und umfassender umzusetzen. Konkret unterst\u00fctzt das BMZ Sambia dabei, die hohe Staatsverschuldung durch besseres Finanzmanagement nachhaltig zu bek\u00e4mpfen und die Folgen des Klimawandels f\u00fcr die \u00e4rmere Bev\u00f6lkerung zu mildern.<\/p>\n<p>Bildinformationen einblenden<br \/>\nBildinformationen ausblenden<\/p>\n<p class=\"e-picture-info__caption\">\nDeutsch-sambische Regierungsverhandlungen im BMZ in Berlin im November 2022 <\/p>\n<p class=\"e-picture-info__copyright-text\">Urheberrecht\u00a9\u00a0Ute Grabowsky\/photothek.net<\/p>\n<p><img decoding=\"async\" class=\"e-picture__img\" alt=\"Deutsch-sambische Regierungsverhandlungen im BMZ in Berlin im November 2022\" src=\"https:\/\/www.europesays.com\/afrika\/wp-content\/uploads\/2026\/09\/221123-rv-sambia-01-data.jpg\" loading=\"lazy\"\/><\/p>\n<p>Deutsch-sambische Regierungsverhandlungen im BMZ in Berlin im November 2022<\/p>\n<p>Bek\u00e4mpfung der Staatsverschuldung: Sambia wurde vor zwei Jahren zahlungsunf\u00e4hig. Bereits kurz nach der demokratischen Pr\u00e4sidentschaftswahl am 12. August 2021 gelang es dem Wahlgewinner, Pr\u00e4sident Hichilema, eine erste Vereinbarung mit dem Internationalen W\u00e4hrungsfonds (IWF) auszuhandeln. Ein Unterst\u00fctzungspaket von IWF und Weltbank folgte Mitte 2022. Im Rahmen der G20 l\u00e4uft zurzeit ein Umschuldungsprozess, an dem auch China als einer der gr\u00f6\u00dften Gl\u00e4ubiger teilnimmt. Zudem sind private Gl\u00e4ubiger einbezogen. Deutschland ist zwar kein bilateraler Gl\u00e4ubiger Sambias, hat als langj\u00e4hriger Partner jedoch ebenfalls gro\u00dfes Interesse an einer positiven wirtschaftlichen Entwicklung des Landes. Um Sambia mehr Eigeneinnahmen zur Bew\u00e4ltigung der Schuldenkrise zu erm\u00f6glichen, unterst\u00fctzt das BMZ gemeinsam mit der EU und den USA die Reform des staatlichen Finanzmanagements etwa durch den Aufbau einer effizienteren Steuerverwaltung und transparenterer Planung des Staatshaushaltes.<\/p>\n<p>Klimaschutz und Klimaanpassung: Auch in der Klimapolitik engagiert sich Sambia deutlich st\u00e4rker als fr\u00fcher. Die meisten Sambier*innen leben von der kleinb\u00e4uerlichen Landwirtschaft. Wenn die j\u00e4hrliche Regenzeit weniger ergiebig oder ganz ausf\u00e4llt, was immer h\u00e4ufiger vorkommt, trifft sie das besonders hart. Das BMZ unterst\u00fctzt vor allem im besonders trockenen S\u00fcden Sambias Landwirt*innen, sich den neuen klimatischen Bedingungen anzupassen. Dabei kommen innovative Ans\u00e4tze zum Einsatz. So werden Kleinb\u00e4uerinnen und Kleinbauern darin geschult, kostbares Regenwasser \u201ezu ernten\u201c, das hei\u00dft sorgsam zu sammeln und noch gezielter mit ihm umzugehen, etwa durch wassersparende Anbaumethoden.<\/p>\n","protected":false},"excerpt":{"rendered":"Bildinformationen einblenden Bildinformationen ausblenden Deutsch-sambische Regierungsverhandlungen im BMZ in Berlin im November 2022 Urheberrecht\u00a9\u00a0Ute Grabowsky\/photothek.net Deutsch-sambische Regierungsverhandlungen im&hellip;\n","protected":false},"author":2,"featured_media":51258,"comment_status":"","ping_status":"","sticky":false,"template":"","format":"standard","meta":{"footnotes":"","_share_on_mastodon":"0"},"categories":[25],"tags":[311,312],"class_list":["post-51257","post","type-post","status-publish","format-standard","has-post-thumbnail","category-sambia","tag-sambia","tag-zambia"],"share_on_mastodon":{"url":"https:\/\/pubeurope.com\/@afrika\/117217579726870053","error":""},"_links":{"self":[{"href":"https:\/\/www.europesays.com\/afrika\/wp-json\/wp\/v2\/posts\/51257","targetHints":{"allow":["GET"]}}],"collection":[{"href":"https:\/\/www.europesays.com\/afrika\/wp-json\/wp\/v2\/posts"}],"about":[{"href":"https:\/\/www.europesays.com\/afrika\/wp-json\/wp\/v2\/types\/post"}],"author":[{"embeddable":true,"href":"https:\/\/www.europesays.com\/afrika\/wp-json\/wp\/v2\/users\/2"}],"replies":[{"embeddable":true,"href":"https:\/\/www.europesays.com\/afrika\/wp-json\/wp\/v2\/comments?post=51257"}],"version-history":[{"count":0,"href":"https:\/\/www.europesays.com\/afrika\/wp-json\/wp\/v2\/posts\/51257\/revisions"}],"wp:featuredmedia":[{"embeddable":true,"href":"https:\/\/www.europesays.com\/afrika\/wp-json\/wp\/v2\/media\/51258"}],"wp:attachment":[{"href":"https:\/\/www.europesays.com\/afrika\/wp-json\/wp\/v2\/media?parent=51257"}],"wp:term":[{"taxonomy":"category","embeddable":true,"href":"https:\/\/www.europesays.com\/afrika\/wp-json\/wp\/v2\/categories?post=51257"},{"taxonomy":"post_tag","embeddable":true,"href":"https:\/\/www.europesays.com\/afrika\/wp-json\/wp\/v2\/tags?post=51257"}],"curies":[{"name":"wp","href":"https:\/\/api.w.org\/{rel}","templated":true}]}}