{"id":51272,"date":"2026-09-05T09:59:17","date_gmt":"2026-09-05T09:59:17","guid":{"rendered":"https:\/\/www.europesays.com\/afrika\/51272\/"},"modified":"2026-09-05T09:59:17","modified_gmt":"2026-09-05T09:59:17","slug":"un-entscheidung-die-afrika-reform-auf-der-weltkarte-was-sich-jetzt-bei-der-darstellung-des-kontinents-aendert","status":"publish","type":"post","link":"https:\/\/www.europesays.com\/afrika\/51272\/","title":{"rendered":"UN-Entscheidung: Die Afrika-Reform auf der Weltkarte \u2013 Was sich jetzt bei der Darstellung des Kontinents \u00e4ndert"},"content":{"rendered":"<p>F\u00fcr Afrika war es ein \u201ehistorischer Moment\u201c, schreibt der Au\u00dfenminister von Togo zu der Entscheidung der UN. Auf Weltkarten soll in Zukunft die realistische Gr\u00f6\u00dfe des Kontinents abgebildet werden. Es gehe um mehr als blo\u00df eine Darstellung.<\/p>\n<p class=\"c-inline-alert__description\">Klicken Sie hier, um sich Artikel von WELT in der Google-Suche bevorzugt anzeigen zu lassen.<\/p>\n<p class=\"is-first-paragraph\" data-external=\"Article.FirstParagraph\">Die Generalversammlung der Vereinten Nationen hat daf\u00fcr gestimmt, die traditionelle Weltkarte durch eine neue Version zu ersetzen, die die Gr\u00f6\u00dfe Afrikas pr\u00e4ziser darstellt. F\u00fcr die von Togo eingebrachte und von Mitgliedern der Afrikanischen Union unterst\u00fctzte Resolution \u201eCorrect the map\u201c votierten 164 Staaten, 6 L\u00e4nder enthielten sich, die USA stimmten als einzige Nation dagegen. Das Abstimmungsergebnis ist nicht bindend, soll aber weltweit zu \u00c4nderungen an Karten f\u00fchren.<\/p>\n<p>Die bis heute international am h\u00e4ufigsten verwendete Weltkarte beruht auf der sogenannten Mercator-Projektion. Diese wurde laut Bundesamt f\u00fcr Kartografie und Geod\u00e4sie (BKG) im Jahr 1569 von dem Kartografen Gerardus Mercator f\u00fcr die Seefahrt entwickelt. <\/p>\n<p>Damals wusste man, dass sie die Gr\u00f6\u00dfe der L\u00e4nder nicht fl\u00e4chentreu darstellt, sondern verzerrt. In manchen Entw\u00fcrfen erscheint Gr\u00f6nland beispielsweise so gro\u00df wie der gesamte Kontinent Afrika. Betrachtet man hingegen einen Globus, f\u00e4llt auf: Afrika ist um ein Vielfaches gr\u00f6\u00dfer\u00a0\u2013 die Fl\u00e4che des Kontinents ist demnach fast 14-mal so gro\u00df wie die von Gr\u00f6nland.<\/p>\n<p>Das Problem dieser Karte ist die Verzerrung von Fl\u00e4chen: Diese werden bei der \u00fcblichen Projektion umso gr\u00f6\u00dfer, je weiter sie vom \u00c4quator entfernt liegen. Schlie\u00dflich wird die dreidimensionale Erde, die eigentlich fast kugelf\u00f6rmig ist, auf eine zweidimensionale, rechteckige Fl\u00e4che projiziert.<\/p>\n<p>Togos Au\u00dfenminister feiert historischen Moment<\/p>\n<p>Der Au\u00dfenminister Togos, Robert Dussey, schrieb nach der Abstimmung auf der Plattform X: \u201eHistorischer Moment: Die Welt hat sich f\u00fcr eine Korrektur der Karte entschieden.\u201c Die Entscheidung gehe weit \u00fcber reine Kartografie hinaus. \u201eEs geht um Gerechtigkeit, W\u00fcrde, Gleichberechtigung und darum, wie wir unsere Welt darstellen.\u201c Zu lange h\u00e4tten \u00fcberlieferte kartografische Darstellungen die Wahrnehmung der tats\u00e4chlichen Gr\u00f6\u00dfe Afrikas und anderer Regionen der Welt verzerrt. \u201eDie Karte zu korrigieren bedeutet, die Art und Weise zu korrigieren, wie wir die Welt sehen.\u201c<\/p>\n<p>Die USA lehnten die Resolution als einziges Land ab. Sie bezeichneten die Initiative als Teil eines radikalen ideologischen Projekts. Die Resolution verbietet die Mercator-Projektionen zwar nicht, ruft Regierungen, Schulen, internationale Organisationen und Technologieunternehmen aber dazu auf, die \u201eEqual Earth\u201c-Projektion und andere fl\u00e4chengetreue Karten zu verwenden, wenn es auf relative Gr\u00f6\u00dfenverh\u00e4ltnisse ankommt.<\/p>\n<p>Die Afrikanische Union (AU) hatte bereits im vergangenen Jahr beklagt, dass die Mercator-Projektion Afrika nicht angemessen darstelle und damit ein falsches Weltbild vermittle, das sich wiederum auf schulische Bildung, Medien und Politik auswirke. Um das zu korrigieren, entwickelten Kartografen schon im Jahr 2018 eine fl\u00e4chentreue Karte namens \u201eEqual Earth\u201c. Sie stellt laut AU die Gr\u00f6\u00dfe aller Kontinente, insbesondere Afrikas, genauer dar.<\/p>\n<p>AFP\/dpa\/kami<\/p>\n","protected":false},"excerpt":{"rendered":"F\u00fcr Afrika war es ein \u201ehistorischer Moment\u201c, schreibt der Au\u00dfenminister von Togo zu der Entscheidung der UN. Auf&hellip;\n","protected":false},"author":2,"featured_media":51273,"comment_status":"","ping_status":"","sticky":false,"template":"","format":"standard","meta":{"footnotes":"","_share_on_mastodon":"0"},"categories":[5],"tags":[29,19575,19574,19576,19577,16937,750,74,318],"class_list":["post-51272","post","type-post","status-publish","format-standard","has-post-thumbnail","category-afrika","tag-afrika","tag-erdvermessung","tag-geografie-ks","tag-ipcc-klimarat-der-vereinten-nationen-geo-i-ks","tag-karten","tag-newsos-import-welt","tag-newsteam","tag-texttospeech","tag-togo"],"share_on_mastodon":{"url":"https:\/\/pubeurope.com\/@afrika\/117217851016014381","error":""},"_links":{"self":[{"href":"https:\/\/www.europesays.com\/afrika\/wp-json\/wp\/v2\/posts\/51272","targetHints":{"allow":["GET"]}}],"collection":[{"href":"https:\/\/www.europesays.com\/afrika\/wp-json\/wp\/v2\/posts"}],"about":[{"href":"https:\/\/www.europesays.com\/afrika\/wp-json\/wp\/v2\/types\/post"}],"author":[{"embeddable":true,"href":"https:\/\/www.europesays.com\/afrika\/wp-json\/wp\/v2\/users\/2"}],"replies":[{"embeddable":true,"href":"https:\/\/www.europesays.com\/afrika\/wp-json\/wp\/v2\/comments?post=51272"}],"version-history":[{"count":0,"href":"https:\/\/www.europesays.com\/afrika\/wp-json\/wp\/v2\/posts\/51272\/revisions"}],"wp:featuredmedia":[{"embeddable":true,"href":"https:\/\/www.europesays.com\/afrika\/wp-json\/wp\/v2\/media\/51273"}],"wp:attachment":[{"href":"https:\/\/www.europesays.com\/afrika\/wp-json\/wp\/v2\/media?parent=51272"}],"wp:term":[{"taxonomy":"category","embeddable":true,"href":"https:\/\/www.europesays.com\/afrika\/wp-json\/wp\/v2\/categories?post=51272"},{"taxonomy":"post_tag","embeddable":true,"href":"https:\/\/www.europesays.com\/afrika\/wp-json\/wp\/v2\/tags?post=51272"}],"curies":[{"name":"wp","href":"https:\/\/api.w.org\/{rel}","templated":true}]}}