{"id":51280,"date":"2026-09-05T10:26:49","date_gmt":"2026-09-05T10:26:49","guid":{"rendered":"https:\/\/www.europesays.com\/afrika\/51280\/"},"modified":"2026-09-05T10:26:49","modified_gmt":"2026-09-05T10:26:49","slug":"bischofskonferenz-im-kongo-mehr-einsatz-gegen-ebola","status":"publish","type":"post","link":"https:\/\/www.europesays.com\/afrika\/51280\/","title":{"rendered":"Bischofskonferenz im Kongo: Mehr Einsatz gegen Ebola"},"content":{"rendered":"<p>Zu verst\u00e4rkten Ma\u00dfnahmen gegen den Ebola-Ausbruch im Land hat die katholische Bischofskonferenz der Demokratischen Republik Kongo (CENCO) aufgerufen. Die Epidemie m\u00fcsse mit gr\u00f6\u00dferem Einsatz bek\u00e4mpft werden.<\/p>\n<p>     <a href=\"https:\/\/www.vaticannews.va\/de\/welt\/news\/2026-09\/westafrika-zeichen-fuer-schoepfungsverantwortung-und-glauben.html\" title=\"Elfenbeink\u00fcste: Kardinal kritisiert illegalen Goldabbau\" rel=\"nofollow noopener\" target=\"_blank\"><\/p>\n<p>        <img decoding=\"async\" src=\"data:image\/gif;base64,R0lGODlhAQABAIAAAAAAAP\/\/\/yH5BAEAAAAALAAAAAABAAEAAAIBRAA7\" data-original=\"https:\/\/www.vaticannews.va\/content\/dam\/vaticannews\/agenzie\/images\/ansa\/2023\/03\/21\/18\/1679418963473.jpg\/_jcr_content\/renditions\/cq5dam.thumbnail.cropped.500.281.jpeg\" alt=\"Elfenbeink\u00fcste: Kardinal kritisiert illegalen Goldabbau\"\/><\/p>\n<p>      <\/a><\/p>\n<p>\n      In der Elfenbeink\u00fcste hat Kardinal Ignace Bessi Dogbo ein entschiedeneres Vorgehen gegen illegalen Goldabbau gefordert.\n     <\/p>\n<p>Das geht aus einer <a href=\"https:\/\/www.aciafrica.org\/news\/23957\/ebola-must-not-have-the-final-say-dr-congo-catholic-bishops-call-for-action-against-deadly-outbreak\" rel=\"external nofollow noopener\" target=\"_blank\">am Donnerstag ver\u00f6ffentlichten Erkl\u00e4rung<\/a> hervor, die Aciafrica zusammenfasst. Seit dem Ausbruch am 15. Mai habe sich die Zahl der best\u00e4tigten F\u00e4lle deutlich erh\u00f6ht, zeigt sich die Kirche besorgt.<\/p>\n<p>Nach den Bisch\u00f6fen zitierten offiziellen Daten wurden bis 25. August landesweit 5.713 best\u00e4tigte Ebola-F\u00e4lle registriert. 2.744 Menschen starben, 1.269 Patienten wurden als genesen gemeldet. Weitere 770 Infizierte befanden sich in Isolation. Die Bisch\u00f6fe gehen davon aus, dass die tats\u00e4chliche Zahl der Erkrankungen h\u00f6her sein k\u00f6nnte, da Verdachtsf\u00e4lle au\u00dferhalb von Gesundheitseinrichtungen teilweise nicht erfasst w\u00fcrden.<\/p>\n<p>Engp\u00e4sse <\/p>\n<p>CENCO verwies auf Engp\u00e4sse bei medizinischen Schutzausr\u00fcstungen und anderen Materialien. Einige Gesundheitseinrichtungen erhielten nur unregelm\u00e4\u00dfig Nachschub, andere gar keine entsprechenden Lieferungen. Zudem seien medizinische Mitarbeiter teilweise unzureichend bezahlt und bei Transport und Kommunikation nicht ausreichend unterst\u00fctzt.<\/p>\n<p>Die Bisch\u00f6fe forderten die Bev\u00f6lkerung auf, Vorgaben der Gesundheitsbeh\u00f6rden einzuhalten. Dazu geh\u00f6ren regelm\u00e4\u00dfiges H\u00e4ndewaschen, die Verwendung von Desinfektionsmittel und der Verzicht auf H\u00e4ndesch\u00fctteln. Kontakte mit Blut und K\u00f6rperfl\u00fcssigkeiten Erkrankter sowie deren Kleidung und Bettw\u00e4sche sollten vermieden werden. Verstorbene sollen demnach nicht von Angeh\u00f6rigen ber\u00fchrt, sondern von Fachpersonal versorgt werden.<\/p>\n<p>Falschinformationen <\/p>\n<p>Als weitere Probleme nannte CENCO Falschinformationen und traditionelle Vorstellungen \u00fcber die Ursachen der Krankheit. Auch bestimmte Bestattungspraktiken erschwerten die Eind\u00e4mmung. In einigen F\u00e4llen sei es zu Angriffen auf Helfer und zur Zerst\u00f6rung von Behandlungszentren gekommen.<\/p>\n<p>Die katholische Kirche k\u00fcndigte an, ihre Unterst\u00fctzung der Ebola-Bek\u00e4mpfung insbesondere in der Provinz Ituri auszubauen. \u00dcber Caritas-Strukturen sollen dort mit Unterst\u00fctzung von Catholic Relief Services Hilfsg\u00fcter bereitgestellt werden.<\/p>\n<p>(aciafrica\/kap \u2013 pr)<br \/>\u00a0<\/p>\n","protected":false},"excerpt":{"rendered":"Zu verst\u00e4rkten Ma\u00dfnahmen gegen den Ebola-Ausbruch im Land hat die katholische Bischofskonferenz der Demokratischen Republik Kongo (CENCO) aufgerufen.&hellip;\n","protected":false},"author":2,"featured_media":51281,"comment_status":"","ping_status":"","sticky":false,"template":"","format":"standard","meta":{"footnotes":"","_share_on_mastodon":"0"},"categories":[17],"tags":[798,529,2154,192,194,190,188,193,191,462,461,189,3639,1260],"class_list":["post-51280","post","type-post","status-publish","format-standard","has-post-thumbnail","category-demokratische-republik-kongo","tag-appell","tag-armut","tag-bischofskonferenz","tag-dem-rep-kongo","tag-democratic-republic-of-the-congo","tag-demokratische-republik","tag-demokratische-republik-kongo","tag-dr-congo","tag-dr-kongo","tag-drc","tag-drk","tag-kongo","tag-kranke","tag-zivilgesellschaft"],"share_on_mastodon":{"url":"https:\/\/pubeurope.com\/@afrika\/117217961140744080","error":""},"_links":{"self":[{"href":"https:\/\/www.europesays.com\/afrika\/wp-json\/wp\/v2\/posts\/51280","targetHints":{"allow":["GET"]}}],"collection":[{"href":"https:\/\/www.europesays.com\/afrika\/wp-json\/wp\/v2\/posts"}],"about":[{"href":"https:\/\/www.europesays.com\/afrika\/wp-json\/wp\/v2\/types\/post"}],"author":[{"embeddable":true,"href":"https:\/\/www.europesays.com\/afrika\/wp-json\/wp\/v2\/users\/2"}],"replies":[{"embeddable":true,"href":"https:\/\/www.europesays.com\/afrika\/wp-json\/wp\/v2\/comments?post=51280"}],"version-history":[{"count":0,"href":"https:\/\/www.europesays.com\/afrika\/wp-json\/wp\/v2\/posts\/51280\/revisions"}],"wp:featuredmedia":[{"embeddable":true,"href":"https:\/\/www.europesays.com\/afrika\/wp-json\/wp\/v2\/media\/51281"}],"wp:attachment":[{"href":"https:\/\/www.europesays.com\/afrika\/wp-json\/wp\/v2\/media?parent=51280"}],"wp:term":[{"taxonomy":"category","embeddable":true,"href":"https:\/\/www.europesays.com\/afrika\/wp-json\/wp\/v2\/categories?post=51280"},{"taxonomy":"post_tag","embeddable":true,"href":"https:\/\/www.europesays.com\/afrika\/wp-json\/wp\/v2\/tags?post=51280"}],"curies":[{"name":"wp","href":"https:\/\/api.w.org\/{rel}","templated":true}]}}