{"id":51296,"date":"2026-09-05T11:05:08","date_gmt":"2026-09-05T11:05:08","guid":{"rendered":"https:\/\/www.europesays.com\/afrika\/51296\/"},"modified":"2026-09-05T11:05:08","modified_gmt":"2026-09-05T11:05:08","slug":"deutschland-intensiviert-energie-und-wirtschaftskooperation-mit-tunesien-und-algerien","status":"publish","type":"post","link":"https:\/\/www.europesays.com\/afrika\/51296\/","title":{"rendered":"Deutschland intensiviert Energie- und Wirtschaftskooperation mit Tunesien und Algerien"},"content":{"rendered":"<p>                        Wirtschaftliche Beziehungen zwischen Tunesien, Algerien und Deutschland<\/p>\n<p>Nach Angaben von <a href=\"https:\/\/m.facebook.com\/AuswaertigesAmt\/posts\/pfbid0ZTX7hMyXWGxTbesAhbUdgJChtkCrs8m9Q4iBrCUQG8mBEio7Lmoren8BLb6KCCfel\" target=\"_blank\" rel=\"nofollow noopener\" class=\"fidlink\">Ausw\u00e4rtiges Amt<\/a>: Im Jahr 2026 feiert Tunesien sein 70-j\u00e4hriges Jubil\u00e4um der Unabh\u00e4ngigkeit \u2013 ein bedeutender Meilenstein f\u00fcr die Entwicklung des Landes. Deutschland, als drittwichtigster Exportmarkt f\u00fcr Tunesien, baut seine wirtschaftlichen Verbindungen zu Tunesien und Algerien kontinuierlich aus. Diese Zusammenarbeit umfasst nicht nur wirtschaftliche Interessen, sondern spielt auch eine wichtige Rolle in der politischen Zusammenarbeit, insbesondere im Hinblick auf die Energiesicherheit der Europ\u00e4ischen Union.<\/p>\n<p>Algeriens zentrale Bedeutung f\u00fcr den Energiemarkt der EU<\/p>\n<p>Seit dem gro\u00df angelegten Angriff Russlands auf die Ukraine hat Algerien seine Position als einer der wichtigsten Gaslieferanten f\u00fcr die EU deutlich gefestigt. Dies unterstreicht die wachsende Abh\u00e4ngigkeit Europas von den Energiequellen Algeriens und er\u00f6ffnet gleichzeitig neue Chancen f\u00fcr eine vertiefte Zusammenarbeit zwischen Algerien und Deutschland.<\/p>\n<p>Dar\u00fcber hinaus verf\u00fcgt Algerien \u00fcber ein erhebliches Potenzial zur Produktion erneuerbarer Energien, insbesondere Wasserstoff, was eine Schl\u00fcsselrolle bei der globalen Energiewende spielt. Dieses Potenzial kann die Basis f\u00fcr eine erweiterte Kooperation zwischen Algerien, Tunesien und Deutschland bilden und so die wirtschaftlichen und politischen Beziehungen in der Region weiter st\u00e4rken.<\/p>\n<p>Vor diesem Hintergrund k\u00f6nnte die enge Zusammenarbeit zwischen Tunesien, Algerien und Deutschland ein wesentlicher Baustein f\u00fcr die Stabilit\u00e4t und den Fortschritt des Energiesektors in Nordafrika werden. Die intensiveren wirtschaftlichen Verflechtungen, vor allem angesichts der zunehmenden Energieabh\u00e4ngigkeit Europas von algerischen Ressourcen, werden nicht nur regionale, sondern auch globale Energiem\u00e4rkte nachhaltig beeinflussen. Zugleich k\u00f6nnte dies Innovationen und Investitionen in erneuerbare Energien f\u00f6rdern und den beteiligten L\u00e4ndern helfen, sich auf die aktuellen Herausforderungen im Bereich Energie und Umwelt einzustellen.<\/p>\n","protected":false},"excerpt":{"rendered":"Wirtschaftliche Beziehungen zwischen Tunesien, Algerien und Deutschland Nach Angaben von Ausw\u00e4rtiges Amt: Im Jahr 2026 feiert Tunesien sein&hellip;\n","protected":false},"author":2,"featured_media":51297,"comment_status":"","ping_status":"","sticky":false,"template":"","format":"standard","meta":{"footnotes":"","_share_on_mastodon":"0"},"categories":[20],"tags":[211,212],"class_list":["post-51296","post","type-post","status-publish","format-standard","has-post-thumbnail","category-tunesien","tag-tunesien","tag-tunisia"],"share_on_mastodon":{"url":"https:\/\/pubeurope.com\/@afrika\/117218110544269777","error":""},"_links":{"self":[{"href":"https:\/\/www.europesays.com\/afrika\/wp-json\/wp\/v2\/posts\/51296","targetHints":{"allow":["GET"]}}],"collection":[{"href":"https:\/\/www.europesays.com\/afrika\/wp-json\/wp\/v2\/posts"}],"about":[{"href":"https:\/\/www.europesays.com\/afrika\/wp-json\/wp\/v2\/types\/post"}],"author":[{"embeddable":true,"href":"https:\/\/www.europesays.com\/afrika\/wp-json\/wp\/v2\/users\/2"}],"replies":[{"embeddable":true,"href":"https:\/\/www.europesays.com\/afrika\/wp-json\/wp\/v2\/comments?post=51296"}],"version-history":[{"count":0,"href":"https:\/\/www.europesays.com\/afrika\/wp-json\/wp\/v2\/posts\/51296\/revisions"}],"wp:featuredmedia":[{"embeddable":true,"href":"https:\/\/www.europesays.com\/afrika\/wp-json\/wp\/v2\/media\/51297"}],"wp:attachment":[{"href":"https:\/\/www.europesays.com\/afrika\/wp-json\/wp\/v2\/media?parent=51296"}],"wp:term":[{"taxonomy":"category","embeddable":true,"href":"https:\/\/www.europesays.com\/afrika\/wp-json\/wp\/v2\/categories?post=51296"},{"taxonomy":"post_tag","embeddable":true,"href":"https:\/\/www.europesays.com\/afrika\/wp-json\/wp\/v2\/tags?post=51296"}],"curies":[{"name":"wp","href":"https:\/\/api.w.org\/{rel}","templated":true}]}}