{"id":51308,"date":"2026-09-05T12:23:10","date_gmt":"2026-09-05T12:23:10","guid":{"rendered":"https:\/\/www.europesays.com\/afrika\/51308\/"},"modified":"2026-09-05T12:23:10","modified_gmt":"2026-09-05T12:23:10","slug":"bares-fuer-rares-star-fabian-kahl-wird-in-afrika-zum-lebensretter","status":"publish","type":"post","link":"https:\/\/www.europesays.com\/afrika\/51308\/","title":{"rendered":"\u201eBares f\u00fcr Rares\u201d-Star Fabian Kahl wird in Afrika zum Lebensretter"},"content":{"rendered":"<p>\u201eDie h\u00e4tte niemand mehr gefunden\u201d\u201eBares f\u00fcr Rares\u201d-Star Fabian Kahl wird in Afrika zum Lebensretter<img alt=\"Fabian Kahl bei der WDR-Talkshow \u201eK\u00f6lner Treff\u201d. \" fetchpriority=\"high\" width=\"940\" height=\"529\" decoding=\"async\" data-nimg=\"1\" class=\"Image_image__SdgLQ Picture_image__vGN9W\" style=\"color:transparent\"   src=\"https:\/\/www.europesays.com\/afrika\/wp-content\/uploads\/2026\/09\/616636969.webp\"\/><\/p>\n<p>Fabian Kahl bei der WDR-Talkshow \u201eK\u00f6lner Treff\u201d. <\/p>\n<p>picture alliance \/ Flashpic | Jens Krick<\/p>\n<p class=\"AnnotatedMarkup_paragraph__IUT9l\">Eigentlich ist Fabian Kahl (34) als Antiquit\u00e4tenh\u00e4ndler bei \u201eBares f\u00fcr Rares\u201c bekannt. <br \/>Doch in Afrika wurde der TV-Star pl\u00f6tzlich zum Lebensretter: Bei einer Safari stie\u00df er auf Menschen, die seit Tagen in einem Wasserloch festsa\u00dfen \u2013 und kaum noch Hoffnung auf Hilfe hatten.<\/p>\n<p>Drei Tage sa\u00dfen sie fest: Fabian Kahl wird durch Zufall zum Lebensretter<\/p>\n<p class=\"AnnotatedMarkup_paragraph__IUT9l\">\u201eBares f\u00fcr Rares\u201d-Star Fabian Kahl hat in Afrika geholfen, im Busch gestrandete Menschen zu retten. Das verriet er bei einem Auftritt in der WDR-Talkshow K\u00f6lner Treff. Der 34-J\u00e4hrige hat zuvor in S\u00fcdafrika eine Ausbildung zum Safari-Guide gemacht. Die Safaris, an denen er zuvor selbst teilgenommen hatte, seien ihm schlichtweg zu langweilig gewesen. Er habe mehr erfahren wollen: \u201eWie funktioniert der Busch, und wie komme ich da gegebenenfalls zu Fu\u00df und ohne Nahrung durch\u201d, so Fabian \u00fcber seine Beweggr\u00fcnde, die Ausbildung zu machen.<\/p>\n<p class=\"AnnotatedMarkup_paragraph__IUT9l\">Lese-Tipp: <a href=\"https:\/\/www.rtl.de\/unterhaltung\/stars\/bares-fuer-rares-star-fabian-kahl-fuer-tot-erklaert-makabere-fake-news-so-geht-es-ihm-damit-id1918539.html\" target=\"_self\" rel=\"nofollow noopener\">\u201eEin eigenartiges Gef\u00fchl\u201d \u2013 Fabian Kahl f\u00fcr tot erkl\u00e4rt<\/a><\/p>\n<p class=\"AnnotatedMarkup_paragraph__IUT9l\">Anschlie\u00dfend erz\u00e4hlte er, dass er tats\u00e4chlich auch schon Leute retten konnte. \u201eDie steckten drei Tage in einem gro\u00dfen Wasserloch fest, wir sind da durch Zufall langgefahren\u201d, erinnerte sich Fabian in der Talkshow: \u201eDie haben sich mit einem K\u00fcchenmesser eine Lanze gebaut und haben zwei Kilometer durch den Busch auf sich genommen. Sie haben Schilder gebaut und \u2018Help\u2019 an die Stra\u00dfen geschrieben.\u201d Fabian Kahl und seine Begleiter seien dann zuf\u00e4llig vorbeigekommen. \u201eDiese Stra\u00dfe war eigentlich gesperrt. Die h\u00e4tte niemand mehr gefunden.\u201d<\/p>\n<p>\u201eBares f\u00fcr Rares\u201d-Star erstmals Papa geworden<\/p>\n<p class=\"AnnotatedMarkup_paragraph__IUT9l\">Fabian Kahl, <a href=\"https:\/\/www.rtl.de\/unterhaltung\/stars\/bares-fuer-rares-star-fabian-kahl-ist-vater-geworden-sohn-mit-yvonne-arnolds-id31267194.html\" target=\"_self\" rel=\"nofollow noopener\">der k\u00fcrzlich zum ersten Mal Papa geworden ist,<\/a> hat auch kurz \u00fcber seine neue Vaterrolle gesprochen. Der Antiquit\u00e4tenh\u00e4ndler setzt bei Kinderwagen und Co. nicht auf alte Dinge, wie er sagte: \u201eWir haben alles modern.\u201d In der Sendung Landesschau Rheinland-Pfalz hatte Fabian, der seit der ersten Staffel 2013 als H\u00e4ndler in \u201eBares f\u00fcr Rares\u201d auftritt, zuvor erstmals \u00fcber den Familienzuwachs gesprochen: \u201eSo ein kleines Baby ber\u00fchrt das Herz. Ich bin total gerne Vater.\u201d<\/p>\n<p class=\"AnnotatedMarkup_paragraph__IUT9l\">Der Th\u00fcringer ist zudem vergangenes Jahr ins Rheinland gezogen und wohnt mit seiner Familie in Unkel. \u201eDas Rheinland hat mich immer sehr fasziniert\u201d, lautet sein Fazit.<\/p>\n<p class=\"AnnotatedMarkup_paragraph__IUT9l\">Verwendete Quellen: spot on news <\/p>\n","protected":false},"excerpt":{"rendered":"\u201eDie h\u00e4tte niemand mehr gefunden\u201d\u201eBares f\u00fcr Rares\u201d-Star Fabian Kahl wird in Afrika zum Lebensretter Fabian Kahl bei der&hellip;\n","protected":false},"author":2,"featured_media":51309,"comment_status":"","ping_status":"","sticky":false,"template":"","format":"standard","meta":{"footnotes":"","_share_on_mastodon":"0"},"categories":[5],"tags":[29,19049,19591,1488,1496,568,19592,1492,1489,1495,1494,182,1491,1493,43,565,1490],"class_list":["post-51308","post","type-post","status-publish","format-standard","has-post-thumbnail","category-afrika","tag-afrika","tag-ah-analytics","tag-bares-fuer-rares","tag-celebrities","tag-ems_unterhaltung_stars","tag-entertainment","tag-fabian-kahl","tag-klatsch-und-tratsch","tag-promi-news","tag-promi-news-aktuell","tag-promis","tag-safari","tag-schlagzeilen","tag-star-news","tag-suedafrika","tag-unterhaltung","tag-vip-news"],"share_on_mastodon":{"url":"https:\/\/pubeurope.com\/@afrika\/117218417210916119","error":""},"_links":{"self":[{"href":"https:\/\/www.europesays.com\/afrika\/wp-json\/wp\/v2\/posts\/51308","targetHints":{"allow":["GET"]}}],"collection":[{"href":"https:\/\/www.europesays.com\/afrika\/wp-json\/wp\/v2\/posts"}],"about":[{"href":"https:\/\/www.europesays.com\/afrika\/wp-json\/wp\/v2\/types\/post"}],"author":[{"embeddable":true,"href":"https:\/\/www.europesays.com\/afrika\/wp-json\/wp\/v2\/users\/2"}],"replies":[{"embeddable":true,"href":"https:\/\/www.europesays.com\/afrika\/wp-json\/wp\/v2\/comments?post=51308"}],"version-history":[{"count":0,"href":"https:\/\/www.europesays.com\/afrika\/wp-json\/wp\/v2\/posts\/51308\/revisions"}],"wp:featuredmedia":[{"embeddable":true,"href":"https:\/\/www.europesays.com\/afrika\/wp-json\/wp\/v2\/media\/51309"}],"wp:attachment":[{"href":"https:\/\/www.europesays.com\/afrika\/wp-json\/wp\/v2\/media?parent=51308"}],"wp:term":[{"taxonomy":"category","embeddable":true,"href":"https:\/\/www.europesays.com\/afrika\/wp-json\/wp\/v2\/categories?post=51308"},{"taxonomy":"post_tag","embeddable":true,"href":"https:\/\/www.europesays.com\/afrika\/wp-json\/wp\/v2\/tags?post=51308"}],"curies":[{"name":"wp","href":"https:\/\/api.w.org\/{rel}","templated":true}]}}