{"id":51362,"date":"2026-09-05T16:44:09","date_gmt":"2026-09-05T16:44:09","guid":{"rendered":"https:\/\/www.europesays.com\/afrika\/51362\/"},"modified":"2026-09-05T16:44:09","modified_gmt":"2026-09-05T16:44:09","slug":"in-ghana-tickts-in-klagenfurt-nicht-mehr-klick-kaernten","status":"publish","type":"post","link":"https:\/\/www.europesays.com\/afrika\/51362\/","title":{"rendered":"In Ghana tickt\u2019s, in Klagenfurt nicht mehr \u2022 KLiCK K\u00e4rnten"},"content":{"rendered":"<p data-start=\"218\" data-end=\"551\">W\u00e4h\u00adrend Jac\u00adques Lem\u00adans in Gha\u00adna den ers\u00adten Flag\u00adship-Store auf dem afri\u00adka\u00adni\u00adschen Kon\u00adti\u00adnent er\u00f6ff\u00adnet und bereits von wei\u00adte\u00adrer Expan\u00adsi\u00adon tr\u00e4umt, gehen aus\u00adge\u00adrech\u00adnet am Jac\u00adques-Lem\u00adans-Platz in Kla\u00adgen\u00adfurt die Lich\u00adter aus. Beson\u00adders pikant: F\u00fcr den erst 2023 gro\u00df er\u00f6ff\u00adne\u00adten Stand\u00adort bekam sogar ein Teil der Dom\u00adgas\u00adse einen neu\u00aden Namen.<\/p>\n<p data-start=\"553\" data-end=\"944\">KLAGENFURT\/ACCRA. Man k\u00f6nn\u00adte sagen: Bei Jac\u00adques Lem\u00adans gehen die Uhren der\u00adzeit inter\u00adna\u00adtio\u00adnal \u2013 nur aus\u00adge\u00adrech\u00adnet in Kla\u00adgen\u00adfurt ist die Zeit abge\u00adlau\u00adfen. Seit eini\u00adgen Wochen ist der eins\u00adti\u00adge Flag\u00adship-Store am Jac\u00adques-Lem\u00adans-Platz geschlos\u00adsen. Die Schau\u00adfens\u00adter sind dun\u00adkel, der Stand\u00adort fehlt mitt\u00adler\u00adwei\u00adle auch im aktu\u00adel\u00adlen Store\u00adfin\u00adder des Unter\u00adneh\u00admens.<\/p>\n<p>Gro\u00ad\u00dfes Kino 2023<\/p>\n<p data-start=\"968\" data-end=\"1513\">Dabei war im Sep\u00adtem\u00adber 2023 noch alles auf gro\u00ad\u00dfe Zukunft gestellt. Rund 300 Qua\u00addrat\u00adme\u00adter Ver\u00adkaufs\u00adfl\u00e4\u00adche, etwa 1.000 Uhren\u00admo\u00addel\u00adle und der damals gr\u00f6\u00df\u00adte Jac\u00adques-Lem\u00adans-Store \u00d6ster\u00adreichs wur\u00adden mit\u00adten in Kla\u00adgen\u00adfurt er\u00f6ff\u00adnet. Und weil ein Gesch\u00e4ft allein offen\u00adbar noch nicht aus\u00adrei\u00adchend Sym\u00adbol\u00adkraft hat\u00adte, wur\u00adde der n\u00f6rd\u00adli\u00adche Teil der Dom\u00adgas\u00adse zwi\u00adschen Fleisch\u00admarkt und Burg\u00adgas\u00adse gleich zum Jac\u00adques-Lem\u00adans-Platz. B\u00fcr\u00adger\u00admeis\u00adter Chris\u00adti\u00adan Schei\u00adder und die Fami\u00adlie Riedl ent\u00adh\u00fcll\u00adten das Stra\u00ad\u00dfen\u00adschild fei\u00ader\u00adlich.<\/p>\n<p data-start=\"1515\" data-end=\"1893\">Drei Jah\u00adre sp\u00e4\u00adter steht das Gesch\u00e4ft leer. Jac\u00adques-Lem\u00adans-Gr\u00fcn\u00adder Alfred Riedl erkl\u00e4rt dazu, man pr\u00fc\u00adfe f\u00fcr den Stand\u00adort ein neu\u00ades Nut\u00adzungs\u00adkon\u00adzept. Als Mar\u00adke wol\u00adle man in Kla\u00adgen\u00adfurt grund\u00ads\u00e4tz\u00adlich pr\u00e4\u00adsent blei\u00adben. Schei\u00adder wie\u00adder\u00adum will die wei\u00adte\u00adre Ent\u00adwick\u00adlung beob\u00adach\u00adten und gege\u00adbe\u00adnen\u00adfalls sogar den Namen des Plat\u00adzes zur Dis\u00adkus\u00adsi\u00adon stel\u00adlen.<\/p>\n<p>Accra statt Dom\u00adgas\u00adse<\/p>\n<p data-start=\"1921\" data-end=\"2390\">Rund 4.800 Kilo\u00adme\u00adter wei\u00adter s\u00fcd\u00adlich sieht die Welt der Zeit\u00admes\u00adser der\u00adzeit deut\u00adlich son\u00adni\u00adger aus. Am 16. August er\u00f6ff\u00adne\u00adte Jac\u00adques Lem\u00adans im Atlan\u00adtic Mall in Accra den ers\u00adten Flag\u00adship-Store der Mar\u00adke auf dem afri\u00adka\u00adni\u00adschen Kon\u00adti\u00adnent. Betrie\u00adben wird er vom loka\u00adlen Part\u00adner ALMCANA. Die \u00f6ster\u00adrei\u00adchi\u00adsche Bot\u00adschaft in Gha\u00adna sprach bei der Er\u00f6ff\u00adnung von einem Sym\u00adbol der wach\u00adsen\u00adden Wirt\u00adschafts\u00adbe\u00adzie\u00adhun\u00adgen zwi\u00adschen \u00d6ster\u00adreich und Gha\u00adna.<\/p>\n<p data-start=\"2392\" data-end=\"2724\">Und Accra soll offen\u00adbar erst der Anfang sein: Bis Ende 2027 sind laut Gesch\u00e4fts\u00adf\u00fch\u00adrer Andre\u00adas Riedl zehn Gesch\u00e4f\u00adte in Gha\u00adna vor\u00adge\u00adse\u00adhen. Danach ste\u00adhen unter ande\u00adrem Bur\u00adki\u00adna Faso und Mali auf dem Expan\u00adsi\u00adons\u00adplan. Jac\u00adques Lem\u00adans setzt dabei auf die wach\u00adsen\u00adde kauf\u00adkr\u00e4f\u00adti\u00adge Mit\u00adtel\u00adschicht West\u00adafri\u00adkas.<\/p>\n<p>Platz bleibt zur\u00fcck<\/p>\n<p data-start=\"2751\" data-end=\"3206\">So hat Kla\u00adgen\u00adfurt nun eine klei\u00adne st\u00e4d\u00adte\u00adbau\u00adli\u00adche Beson\u00adder\u00adheit: einen Jac\u00adques-Lem\u00adans-Platz ohne Jac\u00adques-Lem\u00adans-Flag\u00adship-Store. Ande\u00adre St\u00e4d\u00adte benen\u00adnen Stra\u00ad\u00dfen nach Per\u00ads\u00f6n\u00adlich\u00adkei\u00adten, die Jahr\u00adzehn\u00adte oder Jahr\u00adhun\u00adder\u00adte \u00fcber\u00addau\u00adert haben. Kla\u00adgen\u00adfurt schaff\u00adte es, einem Gesch\u00e4ft nach weni\u00adgen Wochen gleich einen Platz zu wid\u00admen \u2013 und muss drei Jah\u00adre sp\u00e4\u00adter \u00fcber\u00adle\u00adgen, ob der Stadt\u00adplan viel\u00adleicht doch etwas lang\u00adle\u00adbi\u00adger sein soll\u00adte als ein Ein\u00adzel\u00adhan\u00addels\u00adkon\u00adzept.<\/p>\n<p data-start=\"3208\" data-end=\"3270\">Die Uhr tickt jeden\u00adfalls wei\u00adter. In Accra sogar ziem\u00adlich laut.<\/p>\n<p data-start=\"3272\" data-end=\"3572\">Erg\u00e4n\u00adzend: Der geschlos\u00adse\u00adne Flag\u00adship-Store ist nicht der letz\u00adte Jac\u00adques-Lem\u00adans-Shop in K\u00e4rn\u00adten. Aktu\u00adell f\u00fchrt das Unter\u00adneh\u00admen unter ande\u00adrem wei\u00adter\u00adhin einen Stand\u00adort in den City Arka\u00adden Kla\u00adgen\u00adfurt, im Atrio Vil\u00adlach sowie Shops in Tag\u00adgen\u00adbrunn.<\/p>\n","protected":false},"excerpt":{"rendered":"W\u00e4h\u00adrend Jac\u00adques Lem\u00adans in Gha\u00adna den ers\u00adten Flag\u00adship-Store auf dem afri\u00adka\u00adni\u00adschen Kon\u00adti\u00adnent er\u00f6ff\u00adnet und bereits von wei\u00adte\u00adrer Expan\u00adsi\u00adon&hellip;\n","protected":false},"author":2,"featured_media":51363,"comment_status":"","ping_status":"","sticky":false,"template":"","format":"standard","meta":{"footnotes":"","_share_on_mastodon":"0"},"categories":[13],"tags":[3550,19599,151,19457,19600,19601],"class_list":["post-51362","post","type-post","status-publish","format-standard","has-post-thumbnail","category-ghana","tag-accra","tag-flagship-store-ghana","tag-ghana","tag-jacques-lemans","tag-jacques-lemans-platz","tag-klagenfurt"],"share_on_mastodon":{"url":"https:\/\/pubeurope.com\/@afrika\/117219443436290876","error":""},"_links":{"self":[{"href":"https:\/\/www.europesays.com\/afrika\/wp-json\/wp\/v2\/posts\/51362","targetHints":{"allow":["GET"]}}],"collection":[{"href":"https:\/\/www.europesays.com\/afrika\/wp-json\/wp\/v2\/posts"}],"about":[{"href":"https:\/\/www.europesays.com\/afrika\/wp-json\/wp\/v2\/types\/post"}],"author":[{"embeddable":true,"href":"https:\/\/www.europesays.com\/afrika\/wp-json\/wp\/v2\/users\/2"}],"replies":[{"embeddable":true,"href":"https:\/\/www.europesays.com\/afrika\/wp-json\/wp\/v2\/comments?post=51362"}],"version-history":[{"count":0,"href":"https:\/\/www.europesays.com\/afrika\/wp-json\/wp\/v2\/posts\/51362\/revisions"}],"wp:featuredmedia":[{"embeddable":true,"href":"https:\/\/www.europesays.com\/afrika\/wp-json\/wp\/v2\/media\/51363"}],"wp:attachment":[{"href":"https:\/\/www.europesays.com\/afrika\/wp-json\/wp\/v2\/media?parent=51362"}],"wp:term":[{"taxonomy":"category","embeddable":true,"href":"https:\/\/www.europesays.com\/afrika\/wp-json\/wp\/v2\/categories?post=51362"},{"taxonomy":"post_tag","embeddable":true,"href":"https:\/\/www.europesays.com\/afrika\/wp-json\/wp\/v2\/tags?post=51362"}],"curies":[{"name":"wp","href":"https:\/\/api.w.org\/{rel}","templated":true}]}}