{"id":51385,"date":"2026-09-05T19:03:11","date_gmt":"2026-09-05T19:03:11","guid":{"rendered":"https:\/\/www.europesays.com\/afrika\/51385\/"},"modified":"2026-09-05T19:03:11","modified_gmt":"2026-09-05T19:03:11","slug":"lage-in-ceuta-spitzt-sich-zu","status":"publish","type":"post","link":"https:\/\/www.europesays.com\/afrika\/51385\/","title":{"rendered":"Lage in Ceuta spitzt sich zu"},"content":{"rendered":"<p>\nRegierung ergreift Ma\u00dfnahme\n<\/p>\n<p>Aktualisiert am 05.09.2026, 16:33 Uhr\n<\/p>\n<p><a href=\"https:\/\/i0.web.de\/image\/798\/42691798,pd=2\/migranten-ceuta.jpg\" data-brain-zone=\".42691792.content.lead.1\" data-component-path=\"content.lead.1\" data-component-name=\"article-image\" rel=\"nofollow noopener\" target=\"_blank\"> <\/p>\n<p><img loading=\"lazy\" decoding=\"async\" src=\"https:\/\/www.europesays.com\/afrika\/wp-content\/uploads\/2026\/09\/migranten-ceuta.jpg\" alt=\"Migranten in Ceuta\" width=\"950\" height=\"534\"\/><\/p>\n<p><\/a> <\/p>\n<p>\nEin Gro\u00dfteil der noch etwa 5.000 Migranten in Ceuta kampiert seit Wochen an Str\u00e4nden und an Stra\u00dfenr\u00e4ndern der von dem Andrang \u00fcberforderten spanischen Nordafrika-Exklave Ceuta.<br \/>\n\u00a9\u00a0Marcos Moreno\/EUROPA PRESS\/dpa\n<\/p>\n<p class=\"content__description\" data-speakable=\"\">Mehr als einen Monat nach der Ankunft Zehntausender Migranten aus Marokko spitzt sich die Lage in der spanischen Exklave weiter zu. Anwohner protestieren, es kommt zu \u00dcbergriffen \u2013 und die Regierung S\u00e1nchez ger\u00e4t unter Druck.<\/p>\n<p data-speakable=\"\">Im Streit \u00fcber die Unterbringung von Migranten in <a data-component-name=\"link.semantic\" data-brain-zone=\".42691792.content.textlink_1\" data-component-path=\"content.textlink_1\" href=\"https:\/\/web.de\/magazine\/reise\/thema\/spanien\" rel=\"nofollow noopener\" target=\"_blank\">Spaniens<\/a> Nordafrika-Exklave Ceuta hat die linke Regierung in <a data-component-name=\"link.semantic\" data-brain-zone=\".42691792.content.textlink_2\" data-component-path=\"content.textlink_2\" href=\"https:\/\/web.de\/magazine\/reise\/thema\/madrid\" rel=\"nofollow noopener\" target=\"_blank\">Madrid<\/a> die Kontrolle \u00fcber den Hafen des Gebiets \u00fcbernommen. Transportminister \u00d3scar Puente unterschrieb eine entsprechende Anordnung und erlaubte den Aufbau eines provisorischen Zeltlagers f\u00fcr Migranten im Hafenbereich, wie der staatliche TV-Sender RTVE und andere spanische Medien \u00fcbereinstimmend berichteten. Puente setzte sich damit \u00fcber eine gegenteilige Entscheidung der lokalen Beh\u00f6rden hinweg. Das Ministerium reagierte zun\u00e4chst nicht auf eine Anfrage.<\/p>\n<p data-speakable=\"\">Die Regionalregierung unter Leitung des Pr\u00e4sidenten der an <a data-component-name=\"link.semantic\" data-brain-zone=\".42691792.content.textlink_3\" data-component-path=\"content.textlink_3\" href=\"https:\/\/web.de\/magazine\/reise\/thema\/marokko\" rel=\"nofollow noopener\" target=\"_blank\">Marokko<\/a> grenzenden Exklave, Juan Jes\u00fas Vivas, hatte sich am Freitag gegen den Aufbau eines solchen Zeltlagers im Hafenbereich ausgesprochen. Der Hafen sei wichtig f\u00fcr die Versorgung der Exklave, in der N\u00e4he bef\u00e4nde sich zudem ein gro\u00dfes Tanklager. <\/p>\n<p>Proteste von Anwohnern<\/p>\n<p data-speakable=\"\">Zuvor hatte sich die lokale Verwaltung schon gegen die vor\u00fcbergehende Unterbringung von Migranten in einer stillgelegten Fabrik, einem fr\u00fcheren Milit\u00e4rkrankenhaus oder Sportzentren ausgesprochen. Ein weiteres Lager f\u00fcr rund 900 Menschen entsteht zurzeit im Stadtteil Los Rosales. Auch dort gibt es Proteste der Anwohner.<\/p>\n<p data-speakable=\"\">Am 30. und 31. Juli waren nach Regierungsangaben rund 72.000 Migranten von Marokko nach Ceuta geschwommen oder \u00fcber Grenzz\u00e4une geklettert. Die meisten kehrten binnen Stunden zur\u00fcck. Jedoch waren auch gut einen Monat sp\u00e4ter noch etwa 5.000 Migranten in dem Gebiet, das nicht einmal so gro\u00df wie der Frankfurter Flughafen ist. Davon sind nach Regierungsangaben 1.200 Minderj\u00e4hrige. <\/p>\n<p><a href=\"https:\/\/i0.web.de\/image\/796\/42691796,pd=2\/migranten-ceuta.jpg\" data-brain-zone=\".42691792.content.teaser_2.1\" data-component-path=\"content.teaser_2.1\" data-component-name=\"link.editorial\" rel=\"nofollow noopener\" target=\"_blank\"> <\/p>\n<p><img decoding=\"async\" src=\"https:\/\/www.europesays.com\/afrika\/wp-content\/uploads\/2026\/09\/1788634991_627_migranten-ceuta.jpg\" alt=\"Migranten in Ceuta\" width=\"1000\"\/><\/p>\n<p><\/a><br \/>\nAuch im Stadtteil Rosales von Ceuta entsteht zurzeit ein provisorisches Zeltlager f\u00fcr rund 900 Migranten.<\/p>\n<p>\u00a9\u00a0Marcos Moreno\/EUROPA PRESS\/dpa  <\/p>\n<p>Demos und \u00dcbergriffe auf Migranten<\/p>\n<p data-speakable=\"\">Viele der mehr als 83.000 Einwohner Ceutas sind \u00fcber die lange Anwesenheit Tausender Migranten emp\u00f6rt. Immer wieder kommt es zu Demonstrationen und manchmal auch zu gewaltt\u00e4tigen \u00dcbergriffen auf Migranten. Wie die Regionalverwaltung unter Vivas fordern viele, die Migranten einfach sofort nach Marokko abzuschieben. <\/p>\n<p>Empfehlungen der Redaktion<\/p>\n<p data-speakable=\"\">Spanien ist aber gesetzlich zu einer langwierigen Einzelfallpr\u00fcfung verpflichtet. Die Regierung von Ministerpr\u00e4sident Pedro S\u00e1nchez steht deshalb unter starkem Druck. Zudem gibt es erhebliche Zweifel an ihrer Darstellung, Marokkos Regierung habe nichts mit dem Massenandrang von Ende Juli zu tun gehabt. (dpa\/bearbeitet von phs)<\/p>\n","protected":false},"excerpt":{"rendered":"Regierung ergreift Ma\u00dfnahme Aktualisiert am 05.09.2026, 16:33 Uhr Ein Gro\u00dfteil der noch etwa 5.000 Migranten in Ceuta kampiert&hellip;\n","protected":false},"author":2,"featured_media":51386,"comment_status":"","ping_status":"","sticky":false,"template":"","format":"standard","meta":{"footnotes":"","_share_on_mastodon":"0"},"categories":[10],"tags":[1615,95,96,19607,19605,1544,19606],"class_list":["post-51385","post","type-post","status-publish","format-standard","has-post-thumbnail","category-marokko","tag-ceuta","tag-marokko","tag-morocco","tag-oscar-puente","tag-regionalverwaltung","tag-spanien","tag-zeltlager"],"share_on_mastodon":{"url":"https:\/\/pubeurope.com\/@afrika\/117219990291780862","error":""},"_links":{"self":[{"href":"https:\/\/www.europesays.com\/afrika\/wp-json\/wp\/v2\/posts\/51385","targetHints":{"allow":["GET"]}}],"collection":[{"href":"https:\/\/www.europesays.com\/afrika\/wp-json\/wp\/v2\/posts"}],"about":[{"href":"https:\/\/www.europesays.com\/afrika\/wp-json\/wp\/v2\/types\/post"}],"author":[{"embeddable":true,"href":"https:\/\/www.europesays.com\/afrika\/wp-json\/wp\/v2\/users\/2"}],"replies":[{"embeddable":true,"href":"https:\/\/www.europesays.com\/afrika\/wp-json\/wp\/v2\/comments?post=51385"}],"version-history":[{"count":0,"href":"https:\/\/www.europesays.com\/afrika\/wp-json\/wp\/v2\/posts\/51385\/revisions"}],"wp:featuredmedia":[{"embeddable":true,"href":"https:\/\/www.europesays.com\/afrika\/wp-json\/wp\/v2\/media\/51386"}],"wp:attachment":[{"href":"https:\/\/www.europesays.com\/afrika\/wp-json\/wp\/v2\/media?parent=51385"}],"wp:term":[{"taxonomy":"category","embeddable":true,"href":"https:\/\/www.europesays.com\/afrika\/wp-json\/wp\/v2\/categories?post=51385"},{"taxonomy":"post_tag","embeddable":true,"href":"https:\/\/www.europesays.com\/afrika\/wp-json\/wp\/v2\/tags?post=51385"}],"curies":[{"name":"wp","href":"https:\/\/api.w.org\/{rel}","templated":true}]}}