{"id":51437,"date":"2026-09-06T01:34:10","date_gmt":"2026-09-06T01:34:10","guid":{"rendered":"https:\/\/www.europesays.com\/afrika\/51437\/"},"modified":"2026-09-06T01:34:10","modified_gmt":"2026-09-06T01:34:10","slug":"bei-verheerenden-braenden-in-der-demokratischen-republik-kongo-kamen-dutzende-menschen-ums-leben","status":"publish","type":"post","link":"https:\/\/www.europesays.com\/afrika\/51437\/","title":{"rendered":"Bei verheerenden Br\u00e4nden in der Demokratischen Republik Kongo kamen Dutzende Menschen ums Leben."},"content":{"rendered":"<p><img decoding=\"async\" src=\"https:\/\/www.europesays.com\/afrika\/wp-content\/uploads\/2026\/09\/1788653727729_chay-lon-tai-dam-cuoi-o-chdc-congo-hang-chuc-nguoi-thiet-mang-20260906063733.webp\" class=\"__img_mastercms\" alt=\"M\u1ed9t s\u0129 quan c\u1ea3nh s\u00e1t t\u1ea1i hi\u1ec7n tr\u01b0\u1eddng v\u1ee5 ch\u00e1y trung t\u00e2m ti\u1ec7c c\u01b0\u1edbi t\u1ea1i CHDC Congo. (Ngu\u1ed3n: Getty Images)\" style=\"max-width:100%; padding:0px; margin:0px;;cursor:pointer\" title=\"Ein Polizist am Brandort in einem Hochzeitszentrum in der Demokratischen Republik Kongo. (Quelle: Getty Images)\"\/> Ein Polizist am Brandort eines Hochzeitssaals in Kinshasa, der Hauptstadt der Demokratischen Republik Kongo, am 5. September. (Quelle: Getty Images)<\/p>\n<p> Das Feuer ereignete sich im Panacee-Bankettsaal im Stadtteil Lingwala n\u00f6rdlich von Kinshasa, in der N\u00e4he des Nationalmuseums der Demokratischen Republik Kongo.<\/p>\n<p> Laut Norbert Mushinga, dem Vorsitzenden des Distrikts Lingwala, wurden bisher 22 Todesf\u00e4lle best\u00e4tigt, und diese Zahl k\u00f6nnte noch steigen.<\/p>\n<p> Zahlreiche Verletzte wurden zur Behandlung in <a class=\"data-link\" data-org-href=\"https:\/\/www.vietnam.vn\/de\/category\/y-te\" href=\"https:\/\/www.vietnam.vn\/de\/category\/y-te\" title=\"medizinische\" target=\"_blank\" rel=\"nofollow noopener\">medizinische<\/a> Einrichtungen im Raum Kinshasa gebracht, darunter das Vijana-Krankenhaus, das Camp-Kokolo-Krankenhaus und das Cinquantenaire-Krankenhaus.<\/p>\n<p>Das k\u00f6nnte Sie interessieren<\/p>\n<p> Laut mehreren Zeugenaussagen k\u00f6nnte das Feuer in der N\u00e4he des f\u00fcr die Braut reservierten Bereichs ausgebrochen und sich dann auf die Klimaanlage ausgebreitet haben.<\/p>\n<p> Das Feuer l\u00f6ste schnell Panik aus, da zahlreiche G\u00e4ste versuchten, aus dem Geb\u00e4ude zu fliehen.<\/p>\n<p> Laut lokalen Quellen gestaltete sich die Evakuierung schwierig, da sich der Festsaal im zweiten Stock befand und die G\u00e4nge und Treppenh\u00e4user Berichten zufolge sehr eng waren. Bei der Suche nach einem Fluchtweg wurden einige Menschen durch das Dr\u00e4ngeln verletzt.<\/p>\n<p> Der stellvertretende <a class=\"data-link\" data-org-href=\"https:\/\/www.vietnam.vn\/de\/tag\/thu-tuong\" href=\"https:\/\/www.vietnam.vn\/de\/tag\/thu-tuong\" title=\"Premierminister\" target=\"_blank\" rel=\"nofollow noopener\">Premierminister<\/a> und Innenminister der Demokratischen Republik Kongo, Jacquemin Shabani, besuchte den Ungl\u00fccksort am Morgen des 5. September und bezeichnete den Vorfall als \u201eTrag\u00f6die\u201c.<\/p>\n<p> Die Beh\u00f6rden untersuchen derzeit die Brandursache. M\u00f6gliche Ursachen sind ein Defekt im elektrischen System und die M\u00f6glichkeit, dass Hochzeitsdekorationen Feuer gefangen haben.<\/p>\n<p>Das k\u00f6nnte Sie interessieren<\/p>\n<p> Der Vorfall hat erneut Besorgnis \u00fcber die Brandgefahr in Kinshasa, einer dicht besiedelten Stadt, in der es in vielen Gebieten nur eine unzureichende Brandschutzinfrastruktur gibt, ausgel\u00f6st.<\/p>\n<p> In der Hauptstadt der Demokratischen Republik Kongo kommt es recht h\u00e4ufig zu Br\u00e4nden mit Todesopfern, insbesondere w\u00e4hrend der Trockenzeit.<\/p>\n<p class=\"mb-0\"> Quelle: https:\/\/baoquocte.vn\/chay-lon-tai-chdc-congo-ghi-nhan-hang-chuc-nguoi-thiet-mang-440429.html<\/p>\n","protected":false},"excerpt":{"rendered":"Ein Polizist am Brandort eines Hochzeitssaals in Kinshasa, der Hauptstadt der Demokratischen Republik Kongo, am 5. September. (Quelle:&hellip;\n","protected":false},"author":2,"featured_media":51438,"comment_status":"","ping_status":"","sticky":false,"template":"","format":"standard","meta":{"footnotes":"","_share_on_mastodon":"0"},"categories":[17],"tags":[192,194,190,188,193,191,462,461,9114,19624,19623,189],"class_list":["post-51437","post","type-post","status-publish","format-standard","has-post-thumbnail","category-demokratische-republik-kongo","tag-dem-rep-kongo","tag-democratic-republic-of-the-congo","tag-demokratische-republik","tag-demokratische-republik-kongo","tag-dr-congo","tag-dr-kongo","tag-drc","tag-drk","tag-feuer","tag-grossbraende-in-der-demokratischen-republik-kongo","tag-innenministerium-der-demokratischen-republik-kongo","tag-kongo"],"share_on_mastodon":{"url":"https:\/\/pubeurope.com\/@afrika\/117221527828689506","error":""},"_links":{"self":[{"href":"https:\/\/www.europesays.com\/afrika\/wp-json\/wp\/v2\/posts\/51437","targetHints":{"allow":["GET"]}}],"collection":[{"href":"https:\/\/www.europesays.com\/afrika\/wp-json\/wp\/v2\/posts"}],"about":[{"href":"https:\/\/www.europesays.com\/afrika\/wp-json\/wp\/v2\/types\/post"}],"author":[{"embeddable":true,"href":"https:\/\/www.europesays.com\/afrika\/wp-json\/wp\/v2\/users\/2"}],"replies":[{"embeddable":true,"href":"https:\/\/www.europesays.com\/afrika\/wp-json\/wp\/v2\/comments?post=51437"}],"version-history":[{"count":0,"href":"https:\/\/www.europesays.com\/afrika\/wp-json\/wp\/v2\/posts\/51437\/revisions"}],"wp:featuredmedia":[{"embeddable":true,"href":"https:\/\/www.europesays.com\/afrika\/wp-json\/wp\/v2\/media\/51438"}],"wp:attachment":[{"href":"https:\/\/www.europesays.com\/afrika\/wp-json\/wp\/v2\/media?parent=51437"}],"wp:term":[{"taxonomy":"category","embeddable":true,"href":"https:\/\/www.europesays.com\/afrika\/wp-json\/wp\/v2\/categories?post=51437"},{"taxonomy":"post_tag","embeddable":true,"href":"https:\/\/www.europesays.com\/afrika\/wp-json\/wp\/v2\/tags?post=51437"}],"curies":[{"name":"wp","href":"https:\/\/api.w.org\/{rel}","templated":true}]}}