{"id":51496,"date":"2026-09-06T09:53:03","date_gmt":"2026-09-06T09:53:03","guid":{"rendered":"https:\/\/www.europesays.com\/afrika\/51496\/"},"modified":"2026-09-06T09:53:03","modified_gmt":"2026-09-06T09:53:03","slug":"fussball-wm-sieg-gegen-irak-senegal-wahrt-chance-auf-wm-zwischenrunde-2","status":"publish","type":"post","link":"https:\/\/www.europesays.com\/afrika\/51496\/","title":{"rendered":"Fu\u00dfball-WM: Sieg gegen Irak: Senegal wahrt Chance auf WM-Zwischenrunde"},"content":{"rendered":"<p class=\"paragraph article__item\">Mit einem Kantersieg hat <a class=\"rtr-entity\" href=\"https:\/\/www.zeit.de\/thema\/senegal\" rel=\"nofollow noopener\" target=\"_blank\">Senegal<\/a> seine Chance auf den Einzug in die K.-o.-Phase der Fu\u00dfball-Weltmeisterschaft deutlich verbessert und das WM-Abenteuer von Au\u00dfenseiter Irak vorzeitig beendet. In \u00dcberzahl kamen die Westafrikaner beim 5:0 (1:0) zu ihrem ersten Erfolg beim XXL-Turnier und d\u00fcrfen mit drei Punkten und einer positiven Tordifferenz (+2) auf einen Platz im Sechzehntelfinale hoffen.\n<\/p>\n<p>Aktuelles<\/p>\n<p>                <a href=\"https:\/\/www.zeit.de\/sport\/2026-08\/dfb-pokal-erste-runde-frankfurt-toenis-karlsruhe-muenster-gxe\" data-ct-label=\"DFB-Pokal, 1. Runde: 85 Verletzte nach Ausschreitungen in Mannheim\" data-uuid=\"2d90cf74-ef07-4c0e-876a-0d1716938260\" rel=\"nofollow noopener\" target=\"_blank\"><\/p>\n<p>                        DFB-Pokal, 1. Runde:<br \/>\n                        85 Verletzte nach Ausschreitungen in Mannheim<\/p>\n<p>                <\/a><\/p>\n<p>                <a href=\"https:\/\/www.zeit.de\/sport\/2026-08\/bundesliga-auftakt-fussball-fc-bayern-muenchen\" data-ct-label=\"Bundesliga: Das Problem sitzt auf der Bank\" data-uuid=\"304c0815-d45d-41a5-8f58-574216b4328d\" rel=\"nofollow noopener\" target=\"_blank\"><\/p>\n<p>        Z+ (abopflichtiger Inhalt);<\/p>\n<p>    Bundesliga:<br \/>\n                        Das Problem sitzt auf der Bank<\/p>\n<p>                <\/a><\/p>\n<p>                <a href=\"https:\/\/www.zeit.de\/sport\/2026-09\/bundesliga-2-spieltag-hoffenheim-dortmund-leverkusen-union-gladbach-elversberg-bremen-leipzig-paderborn-freiburg-schalke-bayern\" data-ct-label=\"Bundesliga, 2. Spieltag \u2013 Samstag: Bayern patzt gegen Schalke, Elversberg siegt sp\u00e4t in Gladbach\" data-uuid=\"60515561-5026-4d13-9e7f-2cc16acdcb53\" rel=\"nofollow noopener\" target=\"_blank\"><\/p>\n<p>                        Bundesliga, 2. Spieltag \u2013 Samstag:<br \/>\n                        Bayern patzt gegen Schalke, Elversberg siegt sp\u00e4t in Gladbach<\/p>\n<p>                <\/a><\/p>\n<p class=\"paragraph article__item\">Vor 43.036 Zuschauern erzielten Habib Diarra (4. Minute), Ismaila Sarr (56.), Pape Gueye (59.\/71.) und Iliman Ndiaye (82.) die Tore f\u00fcr den urspr\u00fcnglichen Afrika-Cup-Gewinner, dem der Titel mehrere Wochen nach dem siegreichen Skandal-Finale gegen Marokko vom Kontinentalverband aberkannt worden war.\u00a0\n<\/p>\n<p>                        Wie vor 40 Jahren: Kein Punkt f\u00fcr Irak            <\/p>\n<p class=\"paragraph article__item\">F\u00fcr die Iraker, die nach einer fr\u00fchen Roten Karte f\u00fcr Rebin Sulaka (14.) lange in Unterzahl spielen mussten, endete die zweite WM-Teilnahme nach 1986 genauso wie die Premiere vor 40 Jahren: Sie m\u00fcssen nach drei Vorrunden-Niederlagen ohne Erfolgserlebnis die Heimreise antreten. Die Mannschaft des australischen Trainers Graham Arnold hatte sich als letztes der 48 Teams f\u00fcr die Endrunde qualifiziert.\n<\/p>\n<p class=\"paragraph article__item\">Wie schon in den vorangegangenen Duellen mit Norwegen (1:4) und Frankreich (0:3) k\u00e4mpfte der Asienmeister von 2007 leidenschaftlich, war letztlich aber chancenlos. Da half auch die lautstarke Unterst\u00fctzung der tausenden irakischen Fans im Toronto-Stadion nichts.\n<\/p>\n<p>            Fr\u00fcher Platzverweis nach VAR-Eingriff            <\/p>\n<p class=\"paragraph article__item\">Zumal Senegal gleich die erste Chance zur fr\u00fchen F\u00fchrung nutzte. Einen Kopfball von Abdoulaye Seck &#8211; einer von f\u00fcnf neuen Spielern in der Startelf im Vergleich zum 2:3 gegen Norwegen &#8211; verl\u00e4ngerte Diarra ins Netz. Und es kam noch schlimmer f\u00fcr den Au\u00dfenseiter.\u00a0\n<\/p>\n<p class=\"paragraph article__item\">Nach einem Foul von Sulaka an Senegals St\u00fcrmerstar Sadio Man\u00e9 z\u00fcckte Schiedsrichter Anthony Taylor zun\u00e4chst die Gelbe Karte. Doch dann meldete sich der VAR &#8211; und der englische Referee gab nach Ansicht der Videobilder wegen einer Notbremse Rot.\u00a0\n<\/p>\n<p class=\"paragraph article__item\">Den anschlie\u00dfenden Freisto\u00df von Man\u00e9, der viele Jahre in der Premier League beim FC Liverpool und in der Saison 2022\/23 f\u00fcr den deutschen Rekordmeister Bayern M\u00fcnchen spielte, entsch\u00e4rfte <a class=\"rtr-entity\" href=\"https:\/\/www.zeit.de\/thema\/irak\" rel=\"nofollow noopener\" target=\"_blank\">Iraks<\/a> Torwart Ahmed Basil mit einer Glanzparade.\u00a0\n<\/p>\n<p>                                    Senegal belohnt sich f\u00fcr Steigerung            <\/p>\n<p class=\"paragraph article__item\">In \u00dcberzahl geriet der Favorit erst recht nicht in Verlegenheit, konnte sich vor der Pause aber kaum Chancen erarbeiten. Nach gut einer halben Stunde verzog Ismail Jakobs knapp. In der Nachspielzeit zielte auch Man\u00e9 zu ungenau. Mehr passierte zun\u00e4chst nicht.\n<\/p>\n<p class=\"paragraph article__item\">Nach dem Seitenwechsel erh\u00f6hte der Favorit den Druck und kam prompt zum zweiten Tor. Nach sch\u00f6ner Vorarbeit von Lamine Camara traf Sarr. Nur drei Minuten sp\u00e4ter legte der kurz zuvor eingewechselte Gueye mit einem Traumschuss in den Winkel nach.\u00a0\n<\/p>\n<p class=\"paragraph article__item\">Iraks Ersatztorwart Jalal Hassan, der den verletzten Basil mit Beginn der zweiten Halbzeit ersetzte, war auch beim zweiten Treffer von Gueye chancenlos. Noch deutlicher machte es Ndiaye, der den Schlusspunkt setzte.\n<\/p>\n<p class=\"paragraph article__item\">\u00a9 dpa-infocom, dpa:260626-930-292279\/1<\/p>\n","protected":false},"excerpt":{"rendered":"Mit einem Kantersieg hat Senegal seine Chance auf den Einzug in die K.-o.-Phase der Fu\u00dfball-Weltmeisterschaft deutlich verbessert und&hellip;\n","protected":false},"author":2,"featured_media":51497,"comment_status":"","ping_status":"","sticky":false,"template":"","format":"standard","meta":{"footnotes":"","_share_on_mastodon":"0"},"categories":[18],"tags":[310,898,14425,1145,6082,19665,95,56,9083,3646,300],"class_list":["post-51496","post","type-post","status-publish","format-standard","has-post-thumbnail","category-senegal","tag-afrika-cup","tag-fussball-wm","tag-habib-diarra","tag-irak","tag-ismaila-sarr","tag-kantersieg","tag-marokko","tag-news","tag-norwegen","tag-sadio-mane","tag-senegal"],"share_on_mastodon":{"url":"https:\/\/pubeurope.com\/@afrika\/117223489714080762","error":""},"_links":{"self":[{"href":"https:\/\/www.europesays.com\/afrika\/wp-json\/wp\/v2\/posts\/51496","targetHints":{"allow":["GET"]}}],"collection":[{"href":"https:\/\/www.europesays.com\/afrika\/wp-json\/wp\/v2\/posts"}],"about":[{"href":"https:\/\/www.europesays.com\/afrika\/wp-json\/wp\/v2\/types\/post"}],"author":[{"embeddable":true,"href":"https:\/\/www.europesays.com\/afrika\/wp-json\/wp\/v2\/users\/2"}],"replies":[{"embeddable":true,"href":"https:\/\/www.europesays.com\/afrika\/wp-json\/wp\/v2\/comments?post=51496"}],"version-history":[{"count":0,"href":"https:\/\/www.europesays.com\/afrika\/wp-json\/wp\/v2\/posts\/51496\/revisions"}],"wp:featuredmedia":[{"embeddable":true,"href":"https:\/\/www.europesays.com\/afrika\/wp-json\/wp\/v2\/media\/51497"}],"wp:attachment":[{"href":"https:\/\/www.europesays.com\/afrika\/wp-json\/wp\/v2\/media?parent=51496"}],"wp:term":[{"taxonomy":"category","embeddable":true,"href":"https:\/\/www.europesays.com\/afrika\/wp-json\/wp\/v2\/categories?post=51496"},{"taxonomy":"post_tag","embeddable":true,"href":"https:\/\/www.europesays.com\/afrika\/wp-json\/wp\/v2\/tags?post=51496"}],"curies":[{"name":"wp","href":"https:\/\/api.w.org\/{rel}","templated":true}]}}