{"id":51533,"date":"2026-09-06T12:21:13","date_gmt":"2026-09-06T12:21:13","guid":{"rendered":"https:\/\/www.europesays.com\/afrika\/51533\/"},"modified":"2026-09-06T12:21:13","modified_gmt":"2026-09-06T12:21:13","slug":"anthar-yahia-trainerprofil-transfermarkt","status":"publish","type":"post","link":"https:\/\/www.europesays.com\/afrika\/51533\/","title":{"rendered":"Anthar Yahia &#8211; Trainerprofil | Transfermarkt"},"content":{"rendered":"<p>Anthar Yahia &#8211; Trainerprofil | Transfermarkt<\/p>\n<p>                                    <a href=\"https:\/\/www.transfermarkt.at\/\" class=\"main-navbar__lp-link \" onclick=\"tmEvent(&#039;hauptnavi&#039;, \" https:=\"\" rel=\"nofollow noopener\" target=\"_blank\"><br \/>\n                        NEWS                    <\/a><br \/>\n                                    <a href=\"https:\/\/www.transfermarkt.at\/navigation\/transfersundgeruechte\" class=\"main-navbar__lp-link \" onclick=\"tmEvent(&#039;hauptnavi&#039;, \" https:=\"\" ger=\"\" rel=\"nofollow noopener\" target=\"_blank\"><br \/>\n                        TRANSFERS &amp; GER\u00dcCHTE                    <\/a><br \/>\n                                    <a href=\"https:\/\/www.transfermarkt.at\/navigation\/marktwerte\" class=\"main-navbar__lp-link \" onclick=\"tmEvent(&#039;hauptnavi&#039;, \" https:=\"\" rel=\"nofollow noopener\" target=\"_blank\"><br \/>\n                        MARKTWERTE                    <\/a><br \/>\n                                    <a href=\"https:\/\/www.transfermarkt.at\/navigation\/wettbewerbe\" class=\"main-navbar__lp-link \" onclick=\"tmEvent(&#039;hauptnavi&#039;, \" https:=\"\" rel=\"nofollow noopener\" target=\"_blank\"><br \/>\n                        WETTBEWERBE                    <\/a><br \/>\n                                    <a href=\"https:\/\/www.transfermarkt.at\/navigation\/statistiken\" class=\"main-navbar__lp-link \" onclick=\"tmEvent(&#039;hauptnavi&#039;, \" https:=\"\" rel=\"nofollow noopener\" target=\"_blank\"><br \/>\n                        STATISTIKEN                    <\/a><br \/>\n                                    <a href=\"https:\/\/www.transfermarkt.at\/navigation\/community\" class=\"main-navbar__lp-link \" onclick=\"tmEvent(&#039;hauptnavi&#039;, \" https:=\"\" rel=\"nofollow noopener\" target=\"_blank\"><br \/>\n                        COMMUNITY                    <\/a><br \/>\n                                    <a href=\"https:\/\/www.transfermarkt.at\/navigation\/gaming\" class=\"main-navbar__lp-link \" onclick=\"tmEvent(&#039;hauptnavi&#039;, \" https:=\"\" rel=\"nofollow noopener\" target=\"_blank\"><br \/>\n                        GAMING                    <\/a><\/p>\n<p>                                    Empfehlungen<\/p>\n<p>                                    F\u00fcr Spielerberater<\/p>\n<p>                                    F\u00fcr Spielerberater<\/p>\n<p>                                        <img decoding=\"async\" src=\"https:\/\/www.europesays.com\/afrika\/wp-content\/uploads\/2026\/09\/50924-1591721418.jpg\" alt=\"Anthar Yahia\" title=\"Anthar Yahia\" data-custom-close=\"\" loading=\"lazy\"\/><\/p>\n<p><a href=\"https:\/\/www.transfermarkt.at\/bundesliga\/letztetransfers\/wettbewerb\/A1\" target=\"0\" class=\"db mt10\" onclick=\"tmEvent(&#039;banner&#039;, &#039;https:\/\/www.transfermarkt.at\/bundesliga\/letztetransfers\/wettbewerb\/A1&#039;, &#039;d-day-banner&#039;);\" rel=\"nofollow noopener\"><br \/>\n    <img decoding=\"async\" loading=\"lazy\" src=\"https:\/\/www.europesays.com\/afrika\/wp-content\/uploads\/2026\/09\/bannerdeadl2.png\" width=\"1034\" height=\"99\" alt=\"deadline-day banner\"\/><br \/>\n<\/a><\/p>\n<p>                Profildaten            <\/p>\n<p>                                Name im Heimatland:<br \/>\n                                \u0639\u0646\u062a\u0631 \u064a\u062d\u064a\u0649<\/p>\n<p>                                Geb.\/Alter:<\/p>\n<p>                                    21.03.1982 (44)                                <\/p>\n<p>                                    Geburtsort:<\/p>\n<p>                                         Mulhouse\u00a0\u00a0<img decoding=\"async\" src=\"https:\/\/www.europesays.com\/afrika\/wp-content\/uploads\/2026\/08\/50.png\" title=\"Frankreich\" alt=\"Frankreich\" class=\"flaggenrahmen\"\/>                                    <\/p>\n<p>                                Nationalit\u00e4t:<\/p>\n<p>                                    <img decoding=\"async\" src=\"https:\/\/www.europesays.com\/afrika\/wp-content\/uploads\/2026\/08\/4.png\" title=\"Algerien\" alt=\"Algerien\" class=\"flaggenrahmen\"\/>\u00a0\u00a0Algerien<br \/><img decoding=\"async\" src=\"https:\/\/www.europesays.com\/afrika\/wp-content\/uploads\/2026\/08\/50.png\" title=\"Frankreich\" alt=\"Frankreich\" class=\"flaggenrahmen\"\/>\u00a0\u00a0Frankreich                                <\/p>\n<p>                                                                    \u00f8-Amtszeit als Trainer:<\/p>\n<p>                                    1,00 Jahre<\/p>\n<p>                                Trainerlizenz:<\/p>\n<p>                                    UEFA-A-Lizenz                                <\/p>\n<p>                                Bevorzugte Formation:<br \/>\n                                5-3-2<\/p>\n<p>        Stationen    <\/p>\n<p class=\"info-content\">\n        Diese Statistik zeigt die bisherigen Stationen eines Trainers oder Mitarbeiters. Die Tabelle gibt zudem Aufschluss \u00fcber den Amtsein- und den -austritt des Trainers, seine genaue Funktion im Verein, die Anzahl der Spiele und den erreichten Punkteschnitt. Die erweiterte Ansicht gibt zudem Aufschluss \u00fcber die genaue Amtszeit, den Tore-Schnitt, die eingesetzten Spieler sowie die Bilanz.     <\/p>\n<p>50924509245092450924509245092450924<\/p>\n<p>Widerruf Tracking &amp; Cookies<\/p>\n<p class=\"tm-modal__text\">Du hast erfolgreich deine Einwilligung in die Nutzung unseres Angebots mit Tracking und Cookies widerrufen. Damit entfallen alle Einwilligungen, die du zuvor \u00fcber den (Cookie-) Einwilligungsbanner bzw. \u00fcber den Privacy-Manager erteilt hast. Du kannst dich jetzt erneut zwischen dem Pur-Abo und der Nutzung mit Tracking und Cookies entscheiden. Bitte beachte, dass dieser Widerruf aus technischen Gr\u00fcnden keine Wirksamkeit f\u00fcr sonstige Einwilligungen (z.B. in den Empfang von Newslettern) entfalten kann. Bitte wende dich diesbez\u00fcglich an datenschutz@transfermarkt.de.<\/p>\n","protected":false},"excerpt":{"rendered":"Anthar Yahia &#8211; Trainerprofil | Transfermarkt NEWS TRANSFERS &amp; GER\u00dcCHTE MARKTWERTE WETTBEWERBE STATISTIKEN COMMUNITY GAMING Empfehlungen F\u00fcr Spielerberater&hellip;\n","protected":false},"author":2,"featured_media":50155,"comment_status":"","ping_status":"","sticky":false,"template":"","format":"standard","meta":{"footnotes":"","_share_on_mastodon":"0"},"categories":[9],"tags":[93,92,19676],"class_list":["post-51533","post","type-post","status-publish","format-standard","has-post-thumbnail","category-algerien","tag-algeria","tag-algerien","tag-anthar-yahia"],"share_on_mastodon":{"url":"https:\/\/pubeurope.com\/@afrika\/117224071756868875","error":""},"_links":{"self":[{"href":"https:\/\/www.europesays.com\/afrika\/wp-json\/wp\/v2\/posts\/51533","targetHints":{"allow":["GET"]}}],"collection":[{"href":"https:\/\/www.europesays.com\/afrika\/wp-json\/wp\/v2\/posts"}],"about":[{"href":"https:\/\/www.europesays.com\/afrika\/wp-json\/wp\/v2\/types\/post"}],"author":[{"embeddable":true,"href":"https:\/\/www.europesays.com\/afrika\/wp-json\/wp\/v2\/users\/2"}],"replies":[{"embeddable":true,"href":"https:\/\/www.europesays.com\/afrika\/wp-json\/wp\/v2\/comments?post=51533"}],"version-history":[{"count":0,"href":"https:\/\/www.europesays.com\/afrika\/wp-json\/wp\/v2\/posts\/51533\/revisions"}],"wp:featuredmedia":[{"embeddable":true,"href":"https:\/\/www.europesays.com\/afrika\/wp-json\/wp\/v2\/media\/50155"}],"wp:attachment":[{"href":"https:\/\/www.europesays.com\/afrika\/wp-json\/wp\/v2\/media?parent=51533"}],"wp:term":[{"taxonomy":"category","embeddable":true,"href":"https:\/\/www.europesays.com\/afrika\/wp-json\/wp\/v2\/categories?post=51533"},{"taxonomy":"post_tag","embeddable":true,"href":"https:\/\/www.europesays.com\/afrika\/wp-json\/wp\/v2\/tags?post=51533"}],"curies":[{"name":"wp","href":"https:\/\/api.w.org\/{rel}","templated":true}]}}