{"id":51546,"date":"2026-09-06T13:02:12","date_gmt":"2026-09-06T13:02:12","guid":{"rendered":"https:\/\/www.europesays.com\/afrika\/51546\/"},"modified":"2026-09-06T13:02:12","modified_gmt":"2026-09-06T13:02:12","slug":"algerien-hemdani-neuer-nationaltrainer-ex-bochum-profi-yahia-assistent","status":"publish","type":"post","link":"https:\/\/www.europesays.com\/afrika\/51546\/","title":{"rendered":"Algerien: Hemdani neuer Nationaltrainer \u2013 Ex-Bochum-Profi Yahia Assistent"},"content":{"rendered":"<p>Petkovic-Nachfolger\u00a0<\/p>\n<p>                                    <img decoding=\"async\" src=\"https:\/\/www.europesays.com\/afrika\/wp-content\/uploads\/2026\/09\/algeria-2025-1788691948-205499.jpg\" title=\"Algerien: Hemdani neuer Nationaltrainer \u2013 Ex-Bochum-Profi Yahia Assistent\" alt=\"Algerien: Hemdani neuer Nationaltrainer \u2013 Ex-Bochum-Profi Yahia Assistent\" class=\"\"\/><\/p>\n<p>\n                                       \u00a9IMAGO\n                                    <\/p>\n<p>Wie der algerische Fu\u00dfballverband am Samstagabend bekannt gegeben hat, wird <a title=\"Brahim Hemdani\" href=\"https:\/\/www.transfermarkt.de\/brahim-hemdani\/profil\/trainer\/91018\" rel=\"nofollow noopener\" target=\"_blank\">Brahim Hemdani<\/a> neuer Nationaltrainer. Der 48-J\u00e4hrige, der als Spieler unter anderem f\u00fcr Olympique Marseille und die Glasgow Rangers aktiv war, \u00fcbernimmt die Nachfolge des Schweizers <a title=\"Vladimir Petkovic\" href=\"https:\/\/www.transfermarkt.de\/vladimir-petkovic\/profil\/trainer\/1315\" rel=\"nofollow noopener\" target=\"_blank\">Vladimir Petkovic<\/a>. Der 63-J\u00e4hrige war nach der WM 2026 zur\u00fcckgetreten.<\/p>\n<p><\/p>\n<p>Hemdani sammelte als Trainer bisher Erfahrungen in Frankreichs Amateurligen und war im Juli zum U20-Nationaltrainer berufen worden. Mit Algeriens Nachwuchs feierte er k\u00fcrzlich den Gewinn der Mittelmeerspiele 2026 in Italien. Als Co-Trainer steht ihm der ehemalige Bochumer und Lauterer Bundesliga-Profi <a title=\"Anthar Yahia\" href=\"https:\/\/www.transfermarkt.de\/anthar-yahia\/profil\/trainer\/50924\" rel=\"nofollow noopener\" target=\"_blank\">Anthar Yahia<\/a> zur Seite, der einst selbst Nationalmannschaftskapit\u00e4n war und zuletzt die Reserve des SCO Angers trainierte.<\/p>\n<p><\/p>\n<p>F\u00fcr Algerien beginnt in der kommenden L\u00e4nderspielpause Ende September die Qualifikation zum Afrika-Cup 2027 mit Duellen gegen Sambia und Burundi sowie einem Testspiel gegen den Niger.<\/p>\n<p><\/p>\n<p>\n                                Hinweis:<br \/>\n                                Wenn du etwas googelst, bekommst du neben den normalen Ergebnissen auch eine Box mit aktuellen News angezeigt. Wenn du Transfermarkt als bevorzugte Quelle hinterlegst, tauchen unsere Inhalte dort h\u00e4ufiger f\u00fcr dich auf.<br \/>\n                                <a href=\"https:\/\/www.google.com\/preferences\/source?q=transfermarkt.de\" target=\"_blank\" rel=\"noopener noreferrer nofollow\" onclick=\"tmEvent(&#039;news&#039;,&#039;click&#039;,&#039;google-preferences&#039;);&#010;\"><br \/>\n                                    F\u00fcge Transfermarkt hier als bevorzugte Quelle hinzu.                                <\/a>\n                            <\/p>\n","protected":false},"excerpt":{"rendered":"Petkovic-Nachfolger\u00a0 \u00a9IMAGO Wie der algerische Fu\u00dfballverband am Samstagabend bekannt gegeben hat, wird Brahim Hemdani neuer Nationaltrainer. Der 48-J\u00e4hrige,&hellip;\n","protected":false},"author":2,"featured_media":51547,"comment_status":"","ping_status":"","sticky":false,"template":"","format":"standard","meta":{"footnotes":"","_share_on_mastodon":"0"},"categories":[9],"tags":[7551,93,92,19676,19679],"class_list":["post-51546","post","type-post","status-publish","format-standard","has-post-thumbnail","category-algerien","tag-afrika-cup-qualifikation","tag-algeria","tag-algerien","tag-anthar-yahia","tag-brahim-hemdani"],"share_on_mastodon":{"url":"https:\/\/pubeurope.com\/@afrika\/117224232967478595","error":""},"_links":{"self":[{"href":"https:\/\/www.europesays.com\/afrika\/wp-json\/wp\/v2\/posts\/51546","targetHints":{"allow":["GET"]}}],"collection":[{"href":"https:\/\/www.europesays.com\/afrika\/wp-json\/wp\/v2\/posts"}],"about":[{"href":"https:\/\/www.europesays.com\/afrika\/wp-json\/wp\/v2\/types\/post"}],"author":[{"embeddable":true,"href":"https:\/\/www.europesays.com\/afrika\/wp-json\/wp\/v2\/users\/2"}],"replies":[{"embeddable":true,"href":"https:\/\/www.europesays.com\/afrika\/wp-json\/wp\/v2\/comments?post=51546"}],"version-history":[{"count":0,"href":"https:\/\/www.europesays.com\/afrika\/wp-json\/wp\/v2\/posts\/51546\/revisions"}],"wp:featuredmedia":[{"embeddable":true,"href":"https:\/\/www.europesays.com\/afrika\/wp-json\/wp\/v2\/media\/51547"}],"wp:attachment":[{"href":"https:\/\/www.europesays.com\/afrika\/wp-json\/wp\/v2\/media?parent=51546"}],"wp:term":[{"taxonomy":"category","embeddable":true,"href":"https:\/\/www.europesays.com\/afrika\/wp-json\/wp\/v2\/categories?post=51546"},{"taxonomy":"post_tag","embeddable":true,"href":"https:\/\/www.europesays.com\/afrika\/wp-json\/wp\/v2\/tags?post=51546"}],"curies":[{"name":"wp","href":"https:\/\/api.w.org\/{rel}","templated":true}]}}