{"id":51553,"date":"2026-09-06T13:48:24","date_gmt":"2026-09-06T13:48:24","guid":{"rendered":"https:\/\/www.europesays.com\/afrika\/51553\/"},"modified":"2026-09-06T13:48:24","modified_gmt":"2026-09-06T13:48:24","slug":"wadephul-setzt-auf-algerien-als-partner-fuer-gaslieferungen-5","status":"publish","type":"post","link":"https:\/\/www.europesays.com\/afrika\/51553\/","title":{"rendered":"Wadephul setzt auf Algerien als Partner f\u00fcr Gaslieferungen"},"content":{"rendered":"<p>Gasspeicher <\/p>\n<p>Wadephul setzt auf Algerien als Partner f\u00fcr Gaslieferungen<\/p>\n<p>Aktualisiert am 01.09.2026Lesedauer: 2 Min.<\/p>\n<p><a href=\"#focus-0\" class=\"transition-colors block text-current relative\" data-sctrack=\"FocusGalleryImage.Reference\"><img fetchpriority=\"high\" data-testid=\"Opener.Image\"   loading=\"eager\" src=\"https:\/\/www.europesays.com\/afrika\/wp-content\/uploads\/2026\/09\/aussenminister-johann-wadephul-cdu-aeussert-sich-in-der-algerischen-hauptstadt-algier-vor-journalist.jpeg\" alt=\"Au\u00dfenminister Wadephul besucht Algerien\" title=\"Au\u00dfenminister Wadephul besucht Algerien\" width=\"2048\" height=\"1152\" class=\"bg-[url:var(--lqipURL)] bg-cover bg-center flex h-full w-full max-w-full\" style=\"--lqipURL:url('https:\/\/images.t-online.de\/2026\/09\/EOQxc05gIX3u\/0x107:2048x1152\/fit-in\/150x0\/filters:blur(25)\/aussenminister-johann-wadephul-cdu-aeussert-sich-in-der-algerischen-hauptstadt-algier-vor-journalisten.jpg')\" decoding=\"async\"\/><img loading=\"lazy\" src=\"https:\/\/www.t-online.de\/s\/paper\/_next\/static\/media\/zoom-in.f7dae02f.svg\" alt=\"Vergr\u00f6\u00dfern des Bildes\" title=\"Vergr\u00f6\u00dfern des Bildes\" class=\"block h-[calc(var(--height)_\/_16_*_1rem)] w-[calc(var(--width)_\/_16_*_1rem)] max-w-none absolute right-8 bottom-8 rounded-4 bg-snow p-8\" style=\"--width:32;--height:32\" decoding=\"async\"\/><\/a><\/p>\n<p>Au\u00dfenminister Johann Wadephul (CDU) \u00e4u\u00dfert sich in der algerischen Hauptstadt Algier vor Journalisten. (Quelle: Michael Brandt\/dpa\/dpa-bilder)<\/p>\n<p><img loading=\"lazy\" src=\"https:\/\/www.t-online.de\/s\/paper\/_next\/static\/media\/audio-volume.6689034c.svg\" alt=\"\" title=\"\" class=\"block h-[calc(var(--height)_\/_16_*_1rem)] w-[calc(var(--width)_\/_16_*_1rem)] max-w-none group-hover:brightness-0 group-hover:invert\" style=\"--width:16;--height:16\" decoding=\"async\"\/>Vorlesen<\/p>\n<p>Aktuelle Zeit:0:00Gesamtdauer:0:00<\/p>\n<p>1x<img loading=\"lazy\" src=\"https:\/\/www.t-online.de\/s\/paper\/_next\/static\/media\/font-sizes.32942e33.svg\" alt=\"\" title=\"\" class=\"block h-[calc(var(--height)_\/_16_*_1rem)] w-[calc(var(--width)_\/_16_*_1rem)] max-w-none group-hover:hidden group-aria-expanded:hidden\" style=\"--width:16;--height:16\" decoding=\"async\"\/><img loading=\"lazy\" src=\"https:\/\/www.t-online.de\/s\/paper\/_next\/static\/media\/font-sizes-dark-mode.e382645c.svg\" alt=\"\" title=\"\" class=\"block h-[calc(var(--height)_\/_16_*_1rem)] w-[calc(var(--width)_\/_16_*_1rem)] max-w-none hidden group-hover:block group-aria-expanded:block\" style=\"--width:16;--height:16\" decoding=\"async\"\/><img loading=\"lazy\" src=\"https:\/\/www.t-online.de\/s\/paper\/_next\/static\/media\/sharing-menu-icon.1eb71368.svg\" alt=\"\" title=\"\" class=\"block h-[calc(var(--height)_\/_16_*_1rem)] w-[calc(var(--width)_\/_16_*_1rem)] max-w-none group-hover:brightness-0 group-hover:invert\" style=\"--width:16;--height:16\" decoding=\"async\"\/>Artikel teilen<\/p>\n<p class=\"font-bold text-18 leading-17 user-text-lg:text-22 user-text-xl:text-24\">Die F\u00fcllst\u00e4nde der deutschen Gasspeicher sind niedrig. Au\u00dfenminister Wadephul bem\u00fcht sich bei seiner Reise nach Nordafrika, neue und verl\u00e4ssliche Gaslieferanten f\u00fcr Deutschland zu finden.<\/p>\n<p class=\"text-18 leading-17 user-text-lg:text-22 user-text-xl:text-24\">Gas aus <a href=\"https:\/\/www.t-online.de\/themen\/algerien\/\" class=\"transition-colors cursor-pointer no-underline md:hover:text-magenta md:focus:text-magenta border-b border-solid border-current text-salemsfur md:hover:border-magenta\" data-tracking=\"{&quot;action&quot;:&quot;click&quot;,&quot;category&quot;:&quot;intextLink&quot;,&quot;label&quot;:&quot;\/themen\/algerien\/&quot;}\" data-sctrack=\"BodyAnchor\" rel=\"nofollow noopener\" target=\"_blank\">Algerien<\/a> k\u00f6nnte nach Ansicht von Au\u00dfenminister Johann Wadephul langfristig dabei helfen, die Gasspeicher in Deutschland zu f\u00fcllen. &#8222;Diversifizierung ist absolut das Gebot der Stunde&#8220;, sagte der CDU-Politiker am Rande seines Besuches in Algerien vor Journalisten in der Hauptstadt Algier. Algerien sei ein verl\u00e4sslicher Partner, der schon heute sehr viel Gas nach <a href=\"https:\/\/www.t-online.de\/themen\/italien\/\" class=\"transition-colors cursor-pointer no-underline md:hover:text-magenta md:focus:text-magenta border-b border-solid border-current text-salemsfur md:hover:border-magenta\" data-tracking=\"{&quot;action&quot;:&quot;click&quot;,&quot;category&quot;:&quot;intextLink&quot;,&quot;label&quot;:&quot;\/themen\/italien\/&quot;}\" data-sctrack=\"BodyAnchor\" rel=\"nofollow noopener\" target=\"_blank\">Italien<\/a> und <a href=\"https:\/\/www.t-online.de\/themen\/spanien\/\" class=\"transition-colors cursor-pointer no-underline md:hover:text-magenta md:focus:text-magenta border-b border-solid border-current text-salemsfur md:hover:border-magenta\" data-tracking=\"{&quot;action&quot;:&quot;click&quot;,&quot;category&quot;:&quot;intextLink&quot;,&quot;label&quot;:&quot;\/themen\/spanien\/&quot;}\" data-sctrack=\"BodyAnchor\" rel=\"nofollow noopener\" target=\"_blank\">Spanien<\/a> liefere.<\/p>\n<p class=\"text-18 leading-17 user-text-lg:text-22 user-text-xl:text-24\">Wadephul kam am Vormittag zu Beratungen mit dem algerischen Minister f\u00fcr Kohlenwasserstoffe, Mohamed Arkab, zusammen. Im Zentrum seiner Gespr\u00e4che werde stehen, &#8222;dass wir versuchen, langfristige Vertr\u00e4ge f\u00fcr Deutschland auszuhandeln. Wenn das m\u00f6glich ist, dann haben wir hier eine weitere verl\u00e4ssliche Quelle, die auch nat\u00fcrlich f\u00fcr unsere Gasspeicher wichtig ist.&#8220; In Algier war auch ein Austausch mit Vertreterinnen und Vertretern deutscher Unternehmen geplant.<\/p>\n<p class=\"text-18 leading-17 user-text-lg:text-22 user-text-xl:text-24\">Algerien geh\u00f6rt nach den Worten Wadephuls zu den wichtigsten Gaslieferanten f\u00fcr die EU. Als k\u00fcnftiger Lieferant mit riesigem Potenzial f\u00fcr die Produktion von gr\u00fcnem Wasserstoff werde die Bedeutung des Landes nochmals zunehmen. Erst im Juli hatten Deutschland und Algerien vereinbart, die Partnerschaft f\u00fcr die Energieversorgung nochmals deutlich zu vertiefen.<\/p>\n<p class=\"text-18 leading-17 user-text-lg:text-22 user-text-xl:text-24\">Das Wirtschaftsministerium hatte k\u00fcrzlich erkl\u00e4rt, nach aktuellem Erkenntnisstand sei eine Gasmangellage im kommenden Winter nicht zu erwarten. Die Lage sei aber angespannter als in den vergangenen beiden Wintern. Die Speicherst\u00e4nde in Deutschland l\u00e4gen derzeit deutlich niedriger als in den vergangenen Jahren. <\/p>\n<p>Treffen mit Algeriens Pr\u00e4sident Tebboune<\/p>\n<p class=\"text-18 leading-17 user-text-lg:text-22 user-text-xl:text-24\">Zum Abschluss seines zweit\u00e4gigen Besuches in <a href=\"https:\/\/www.t-online.de\/themen\/tunesien\/\" class=\"transition-colors cursor-pointer no-underline md:hover:text-magenta md:focus:text-magenta border-b border-solid border-current text-salemsfur md:hover:border-magenta\" data-tracking=\"{&quot;action&quot;:&quot;click&quot;,&quot;category&quot;:&quot;intextLink&quot;,&quot;label&quot;:&quot;\/themen\/tunesien\/&quot;}\" data-sctrack=\"BodyAnchor\" rel=\"nofollow noopener\" target=\"_blank\">Tunesien<\/a> und Algerien wollte Wadephul gegen Mittag den algerischen Pr\u00e4sidenten Abdelmadjid Tebboune zu einem Gespr\u00e4ch treffen. Bereits in Tunesien war der Bundesau\u00dfenminister auf h\u00f6chster politische Ebene empfangen worden, von Pr\u00e4sident Kais Saied. Das gilt als besondere Auszeichnung f\u00fcr einen Au\u00dfenminister.<\/p>\n","protected":false},"excerpt":{"rendered":"Gasspeicher Wadephul setzt auf Algerien als Partner f\u00fcr Gaslieferungen Aktualisiert am 01.09.2026Lesedauer: 2 Min. Au\u00dfenminister Johann Wadephul (CDU)&hellip;\n","protected":false},"author":2,"featured_media":51554,"comment_status":"","ping_status":"","sticky":false,"template":"","format":"standard","meta":{"footnotes":"","_share_on_mastodon":"0"},"categories":[9],"tags":[93,92,1850,2723,158,19682,2477,19683,19157,2093,1637,11456,1886,1544],"class_list":["post-51553","post","type-post","status-publish","format-standard","has-post-thumbnail","category-algerien","tag-algeria","tag-algerien","tag-algier","tag-cdu","tag-deutschland","tag-fuellstand","tag-gas","tag-gaslieferung","tag-gasspeicher","tag-italien","tag-johann-wadephul","tag-mohamed-arkab","tag-nordafrika","tag-spanien"],"share_on_mastodon":{"url":"https:\/\/pubeurope.com\/@afrika\/117224413763373422","error":""},"_links":{"self":[{"href":"https:\/\/www.europesays.com\/afrika\/wp-json\/wp\/v2\/posts\/51553","targetHints":{"allow":["GET"]}}],"collection":[{"href":"https:\/\/www.europesays.com\/afrika\/wp-json\/wp\/v2\/posts"}],"about":[{"href":"https:\/\/www.europesays.com\/afrika\/wp-json\/wp\/v2\/types\/post"}],"author":[{"embeddable":true,"href":"https:\/\/www.europesays.com\/afrika\/wp-json\/wp\/v2\/users\/2"}],"replies":[{"embeddable":true,"href":"https:\/\/www.europesays.com\/afrika\/wp-json\/wp\/v2\/comments?post=51553"}],"version-history":[{"count":0,"href":"https:\/\/www.europesays.com\/afrika\/wp-json\/wp\/v2\/posts\/51553\/revisions"}],"wp:featuredmedia":[{"embeddable":true,"href":"https:\/\/www.europesays.com\/afrika\/wp-json\/wp\/v2\/media\/51554"}],"wp:attachment":[{"href":"https:\/\/www.europesays.com\/afrika\/wp-json\/wp\/v2\/media?parent=51553"}],"wp:term":[{"taxonomy":"category","embeddable":true,"href":"https:\/\/www.europesays.com\/afrika\/wp-json\/wp\/v2\/categories?post=51553"},{"taxonomy":"post_tag","embeddable":true,"href":"https:\/\/www.europesays.com\/afrika\/wp-json\/wp\/v2\/tags?post=51553"}],"curies":[{"name":"wp","href":"https:\/\/api.w.org\/{rel}","templated":true}]}}