{"id":8089,"date":"2026-04-23T07:52:36","date_gmt":"2026-04-23T07:52:36","guid":{"rendered":"https:\/\/www.europesays.com\/afrika\/8089\/"},"modified":"2026-04-23T07:52:36","modified_gmt":"2026-04-23T07:52:36","slug":"musikfestival-zu-teuer-africa-festival-nicht-mehr-auf-den-mainwiesen","status":"publish","type":"post","link":"https:\/\/www.europesays.com\/afrika\/8089\/","title":{"rendered":"Musikfestival: Zu teuer: Africa Festival nicht mehr auf den Mainwiesen"},"content":{"rendered":"<p class=\"paragraph article__item\">Nach 36 Jahren auf den Mainwiesen in W\u00fcrzburg sucht das Africa Festival nun einen neuen Standort. Gr\u00fcnde seien steigende Kosten und wetterbedingte Verluste, wie der veranstaltende Verein mitteilte. \u00abDer Klimawandel und die damit verbundenen Extremwetterereignisse haben das Risiko f\u00fcr ein Open-Air-Festival erheblich erh\u00f6ht. Besonders, wenn man bedenkt, dass wir nur einmal im Jahr unser Festival veranstalten.\u00bb\n<\/p>\n<p>Aktuelles<\/p>\n<p>                <a href=\"https:\/\/www.zeit.de\/feuilleton\/2026-03\/markus-hinterhaeuser-intendant-salzburger-festspiele-abloesung\" data-ct-label=\"Markus Hinterh\u00e4user: Das echte Drama spielt in Salzburg jetzt abseits der B\u00fchne\" data-uuid=\"425dd7f2-52e5-4baf-b431-236c6b42735c\" rel=\"nofollow noopener\" target=\"_blank\"><\/p>\n<p>        Z+ (abopflichtiger Inhalt);<\/p>\n<p>    Markus Hinterh\u00e4user:<br \/>\n                        Das echte Drama spielt in Salzburg jetzt abseits der B\u00fchne<\/p>\n<p>                <\/a><\/p>\n<p>                <a href=\"https:\/\/www.zeit.de\/mobilitaet\/2026-04\/e-scooter-regulierung-unternehmen-gewinn\" data-ct-label=\"E-Scooter: Regulierung wird sie nicht aufhalten\" data-uuid=\"1228e7cd-d1eb-4857-a741-f68a757a1af1\" rel=\"nofollow noopener\" target=\"_blank\"><\/p>\n<p>        Z+ (abopflichtiger Inhalt);<\/p>\n<p>    E-Scooter:<br \/>\n                        Regulierung wird sie nicht aufhalten<\/p>\n<p>                <\/a><\/p>\n<p>                <a href=\"https:\/\/www.zeit.de\/geld\/2026-04\/altersvorsorgedepot-reform-riesterrente-foerderung-etf-sparplan\" data-ct-label=\"Altersvorsorgedepot: Dieser Rechner zeigt, wie der Staat Ihren ETF-Sparplan boostern k\u00f6nnte\" data-uuid=\"5b550533-1a16-4532-bfd8-9b014344aff1\" rel=\"nofollow noopener\" target=\"_blank\"><\/p>\n<p>        Z+ (abopflichtiger Inhalt);<\/p>\n<p>    Altersvorsorgedepot:<br \/>\n                        Dieser Rechner zeigt, wie der Staat Ihren ETF-Sparplan boostern k\u00f6nnte<\/p>\n<p>                <\/a><\/p>\n<p class=\"paragraph article__item\">Die Kosten auf den Mainwiesen seien sehr hoch, \u00abda es dort keine bestehende Infrastruktur wie Toiletten, Z\u00e4une, Strom- und Wasserversorgung etc. gibt und diese jedes Jahr wieder neu auf- und abgebaut werden muss\u00bb. Zudem seien die Kosten f\u00fcr Personal, Licht- und B\u00fchnentechnik zuletzt gestiegen. \u00abDiese Entwicklungen machen eine Fortf\u00fchrung auf den Mainwiesen f\u00fcr uns leider unm\u00f6glich.\u00bb\n<\/p>\n<p class=\"paragraph article__item\">Die Veranstaltung ist eines der gr\u00f6\u00dften Festivals f\u00fcr afrikanische Musik und Kultur in Europa. Zuletzt fand es vom 29. Mai bis 1. Juni statt.\n<\/p>\n<p class=\"paragraph article__item\">Vor der Corona-Pandemie tummelten sich bis zu 100.000 Menschen an den vier Festivaltagen auf dem Gel\u00e4nde am Main, in den Folgejahren waren es deutlich weniger, auch weil das Festival kleiner ausfiel.\n<\/p>\n<p class=\"paragraph article__item\">\u00a9 dpa-infocom, dpa:250725-930-839687\/1<\/p>\n","protected":false},"excerpt":{"rendered":"Nach 36 Jahren auf den Mainwiesen in W\u00fcrzburg sucht das Africa Festival nun einen neuen Standort. Gr\u00fcnde seien&hellip;\n","protected":false},"author":2,"featured_media":8090,"comment_status":"","ping_status":"","sticky":false,"template":"","format":"standard","meta":{"footnotes":"","_share_on_mastodon":"0"},"categories":[5],"tags":[39,4261,29,4262,4260,56,684],"class_list":["post-8089","post","type-post","status-publish","format-standard","has-post-thumbnail","category-afrika","tag-africa","tag-africa-festival","tag-afrika","tag-mainwiese","tag-musikfestival","tag-news","tag-wuerzburg"],"share_on_mastodon":{"url":"https:\/\/pubeurope.com\/@afrika\/116452939904775796","error":""},"_links":{"self":[{"href":"https:\/\/www.europesays.com\/afrika\/wp-json\/wp\/v2\/posts\/8089","targetHints":{"allow":["GET"]}}],"collection":[{"href":"https:\/\/www.europesays.com\/afrika\/wp-json\/wp\/v2\/posts"}],"about":[{"href":"https:\/\/www.europesays.com\/afrika\/wp-json\/wp\/v2\/types\/post"}],"author":[{"embeddable":true,"href":"https:\/\/www.europesays.com\/afrika\/wp-json\/wp\/v2\/users\/2"}],"replies":[{"embeddable":true,"href":"https:\/\/www.europesays.com\/afrika\/wp-json\/wp\/v2\/comments?post=8089"}],"version-history":[{"count":0,"href":"https:\/\/www.europesays.com\/afrika\/wp-json\/wp\/v2\/posts\/8089\/revisions"}],"wp:featuredmedia":[{"embeddable":true,"href":"https:\/\/www.europesays.com\/afrika\/wp-json\/wp\/v2\/media\/8090"}],"wp:attachment":[{"href":"https:\/\/www.europesays.com\/afrika\/wp-json\/wp\/v2\/media?parent=8089"}],"wp:term":[{"taxonomy":"category","embeddable":true,"href":"https:\/\/www.europesays.com\/afrika\/wp-json\/wp\/v2\/categories?post=8089"},{"taxonomy":"post_tag","embeddable":true,"href":"https:\/\/www.europesays.com\/afrika\/wp-json\/wp\/v2\/tags?post=8089"}],"curies":[{"name":"wp","href":"https:\/\/api.w.org\/{rel}","templated":true}]}}