{"id":8362,"date":"2026-04-23T13:58:41","date_gmt":"2026-04-23T13:58:41","guid":{"rendered":"https:\/\/www.europesays.com\/afrika\/8362\/"},"modified":"2026-04-23T13:58:41","modified_gmt":"2026-04-23T13:58:41","slug":"papst-leo-besucht-saurimo-in-angola-die-letzte-station-vor-seiner-abreise-nach-aequatorialguinea-2","status":"publish","type":"post","link":"https:\/\/www.europesays.com\/afrika\/8362\/","title":{"rendered":"Papst Leo besucht Saurimo in Angola, die letzte Station vor seiner Abreise nach \u00c4quatorialguinea."},"content":{"rendered":"<p class=\"tdm-descr\">\u00a9 Agenzia Nova \u2013 Nachdruck vorbehalten<\/p>\n<p class=\"gt-block\">Der Pastoralbesuch von wird heute fortgesetzt Papst Leo XIV. In Angola, der dritten Station seiner Afrikareise, die ihn bereits nach Algerien und Kamerun gef\u00fchrt hat und nun nach \u00c4quatorialguinea weiterf\u00fchrt, reiste der Papst heute Morgen von der Hauptstadt Luanda nach Saurimo in der Provinz Lunda-Sul.<\/p>\n<p>Der Heilige Vater reiste nach Abschluss eines Teils seines Programms in der Hauptstadt Luanda, das religi\u00f6se Feierlichkeiten und intensive Begegnungen mit den Gl\u00e4ubigen umfasste, vom internationalen Flughafen 4 de Fevereiro an Bord einer angolanischen Fluggesellschaft (TAAG) ab. In Saurimo wird der Papst ein mehrst\u00fcndiges Programm absolvieren, das unter anderem die Feier einer Messe im Freien nach dem Besuch eines Seniorenheims beinhaltet. Im Anschluss an die Feier kehrt der Pontifex nach Luanda zur\u00fcck, wo er am sp\u00e4ten Nachmittag die Pfarrei Unserer Lieben Frau von Fatima besucht, um sich mit Bisch\u00f6fen, Priestern, Ordensleuten und Seelsorgern zu treffen. Dies ist der letzte Programmpunkt seines Besuchs in Angola. Leo reist morgen, Dienstag, den 21. April, weiter nach \u00c4quatorialguinea.<\/p>\n<p class=\"gt-block\">Lesen Sie auch andere Nachrichten \u00fcber <a href=\"https:\/\/www.agenzianova.com\/de\/news\" target=\"_blank\" rel=\"noopener nofollow\">Nova-News<\/a><\/p>\n<p class=\"gt-block\"><a style=\"color: #0000ff;\" href=\" https:\/\/whatsapp.com\/channel\/0029VaZNLBP6BIEk5MzqOb2Q \">Klicken Sie hier und erhalten Sie Updates auf WhatsApp<\/a><\/p>\n<p class=\"gt-block\">Folgen Sie uns auf den sozialen Kan\u00e4len von Nova News <a href=\"https:\/\/twitter.com\/agenzia_nova\" target=\"_blank\" rel=\"noopener nofollow\">Twitter<\/a>, <a href=\"https:\/\/www.linkedin.com\/company\/64989554\/admin\/\" target=\"_blank\" rel=\"noopener nofollow\"> LinkedIn<\/a>, <a href=\"https:\/\/www.instagram.com\/agenzia.nova\/\" target=\"_blank\" rel=\"noopener nofollow\">Instagram, <\/a><a href=\"https:\/\/t.me\/novanewsagenzia\" rel=\"nofollow\">Telegram<\/a><\/p>\n<p class=\"tdm-descr\">\u00a9 Agenzia Nova \u2013 Nachdruck vorbehalten<\/p>\n<p><script async src=\"https:\/\/platform.twitter.com\/widgets.js\" charset=\"utf-8\"><\/script><script async src=\"\/\/www.instagram.com\/embed.js\"><\/script><\/p>\n","protected":false},"excerpt":{"rendered":"\u00a9 Agenzia Nova \u2013 Nachdruck vorbehalten Der Pastoralbesuch von wird heute fortgesetzt Papst Leo XIV. In Angola, der&hellip;\n","protected":false},"author":2,"featured_media":7573,"comment_status":"","ping_status":"","sticky":false,"template":"","format":"standard","meta":{"footnotes":"","_share_on_mastodon":"0"},"categories":[15],"tags":[162,811,2935,1898],"class_list":["post-8362","post","type-post","status-publish","format-standard","has-post-thumbnail","category-angola","tag-angola","tag-einsichten","tag-papa","tag-papst-leo"],"share_on_mastodon":{"url":"https:\/\/pubeurope.com\/@afrika\/116454379146147741","error":""},"_links":{"self":[{"href":"https:\/\/www.europesays.com\/afrika\/wp-json\/wp\/v2\/posts\/8362","targetHints":{"allow":["GET"]}}],"collection":[{"href":"https:\/\/www.europesays.com\/afrika\/wp-json\/wp\/v2\/posts"}],"about":[{"href":"https:\/\/www.europesays.com\/afrika\/wp-json\/wp\/v2\/types\/post"}],"author":[{"embeddable":true,"href":"https:\/\/www.europesays.com\/afrika\/wp-json\/wp\/v2\/users\/2"}],"replies":[{"embeddable":true,"href":"https:\/\/www.europesays.com\/afrika\/wp-json\/wp\/v2\/comments?post=8362"}],"version-history":[{"count":0,"href":"https:\/\/www.europesays.com\/afrika\/wp-json\/wp\/v2\/posts\/8362\/revisions"}],"wp:featuredmedia":[{"embeddable":true,"href":"https:\/\/www.europesays.com\/afrika\/wp-json\/wp\/v2\/media\/7573"}],"wp:attachment":[{"href":"https:\/\/www.europesays.com\/afrika\/wp-json\/wp\/v2\/media?parent=8362"}],"wp:term":[{"taxonomy":"category","embeddable":true,"href":"https:\/\/www.europesays.com\/afrika\/wp-json\/wp\/v2\/categories?post=8362"},{"taxonomy":"post_tag","embeddable":true,"href":"https:\/\/www.europesays.com\/afrika\/wp-json\/wp\/v2\/tags?post=8362"}],"curies":[{"name":"wp","href":"https:\/\/api.w.org\/{rel}","templated":true}]}}