{"id":9028,"date":"2026-04-24T10:10:11","date_gmt":"2026-04-24T10:10:11","guid":{"rendered":"https:\/\/www.europesays.com\/afrika\/9028\/"},"modified":"2026-04-24T10:10:11","modified_gmt":"2026-04-24T10:10:11","slug":"grosse-statuengruppe-im-oestlichen-nildelta-entdeckt","status":"publish","type":"post","link":"https:\/\/www.europesays.com\/afrika\/9028\/","title":{"rendered":"Gro\u00dfe Statuengruppe im \u00f6stlichen Nildelta entdeckt"},"content":{"rendered":"<p>In der \u00e4gyptischen Provinz Scharqiyya wurde eine kolossale Pharaonenstatue aus reinem Granit entdeckt.<\/p>\n<p><a href=\"https:\/\/shop.selket.de\/\" target=\"_blank\" rel=\"nofollow noopener\"><img decoding=\"async\" style=\"float:right;\" src=\"https:\/\/www.europesays.com\/afrika\/wp-content\/uploads\/2026\/04\/anubis-banner.jpg\"\/><\/a><\/p>\n<p><img loading=\"lazy\" decoding=\"async\" width=\"298\" height=\"422\" src=\"https:\/\/www.europesays.com\/afrika\/wp-content\/uploads\/2026\/04\/triade-298x422.jpg\" alt=\"\" class=\"wp-image-24452\"  \/>Foto: Tourismus- u. Antikenministerium \u00c4gypten<\/p>\n<p>In Tell Faroun, im \u00f6stlichen Nildelta, entdeckten Arch\u00e4ologen eine kolossale Statue aus reinem Granit. Die Statue ist 2,20m gro\u00df und soll etwa f\u00fcnfeinhalb Tonnen wiegen. Leider ist sie in keinem guten Zustand. Die Bildnisse sind verwittert und es fehlt der untere Teil der Statue, einschlie\u00dflich der Beine und des Sockels. Die Statuengruppe war vielleicht urspr\u00fcnglich eine Triade. Die Forscher vermuten, dass sich dort Ramses II., eingerahmt zwischen zwei G\u00f6ttern, verewigt haben k\u00f6nnte.<\/p>\n<p>Professor Mohamed Abdel-Badi, Leiter der Abteilung f\u00fcr \u00c4gyptische Altert\u00fcmer, erkl\u00e4rte, dass erste Untersuchungen darauf hindeuten, dass die Statue bereits in der Antike von Pi-Ramesses nach Tell Faroun gebracht und dort innerhalb eines religi\u00f6sen Komplexes erneut genutzt wurde. Diese Erkenntnisse verdeutlichen sowohl die religi\u00f6se als auch die historische Bedeutung des Ortes \u00fcber viele Jahrhunderte hinweg und liefern zugleich wertvolle Hinweise darauf, wie k\u00f6nigliche Statuen fr\u00fcher transportiert und wiederverwendet wurden.<\/p>\n<p>Die Entdeckung erfolgte zuf\u00e4llig w\u00e4hrend Bauarbeiten des Jugend- und Sportministeriums. Die Statue wurde f\u00fcr weitere Untersuchungen zur Ausgrabungsst\u00e4tte San el-Hagar gebracht. Unterdessen sucht ein Team von Arch\u00e4ologen nach weiteren Funden an diesem Standort.<\/p>\n","protected":false},"excerpt":{"rendered":"In der \u00e4gyptischen Provinz Scharqiyya wurde eine kolossale Pharaonenstatue aus reinem Granit entdeckt. Foto: Tourismus- u. Antikenministerium \u00c4gypten&hellip;\n","protected":false},"author":2,"featured_media":9029,"comment_status":"","ping_status":"","sticky":false,"template":"","format":"standard","meta":{"footnotes":"","_share_on_mastodon":"0"},"categories":[7],"tags":[54,55,1310,4647],"class_list":["post-9028","post","type-post","status-publish","format-standard","has-post-thumbnail","category-aegypten","tag-aegypten","tag-egypt","tag-ramses-ii","tag-tell-faroun"],"share_on_mastodon":{"url":"https:\/\/pubeurope.com\/@afrika\/116459144642360403","error":""},"_links":{"self":[{"href":"https:\/\/www.europesays.com\/afrika\/wp-json\/wp\/v2\/posts\/9028","targetHints":{"allow":["GET"]}}],"collection":[{"href":"https:\/\/www.europesays.com\/afrika\/wp-json\/wp\/v2\/posts"}],"about":[{"href":"https:\/\/www.europesays.com\/afrika\/wp-json\/wp\/v2\/types\/post"}],"author":[{"embeddable":true,"href":"https:\/\/www.europesays.com\/afrika\/wp-json\/wp\/v2\/users\/2"}],"replies":[{"embeddable":true,"href":"https:\/\/www.europesays.com\/afrika\/wp-json\/wp\/v2\/comments?post=9028"}],"version-history":[{"count":0,"href":"https:\/\/www.europesays.com\/afrika\/wp-json\/wp\/v2\/posts\/9028\/revisions"}],"wp:featuredmedia":[{"embeddable":true,"href":"https:\/\/www.europesays.com\/afrika\/wp-json\/wp\/v2\/media\/9029"}],"wp:attachment":[{"href":"https:\/\/www.europesays.com\/afrika\/wp-json\/wp\/v2\/media?parent=9028"}],"wp:term":[{"taxonomy":"category","embeddable":true,"href":"https:\/\/www.europesays.com\/afrika\/wp-json\/wp\/v2\/categories?post=9028"},{"taxonomy":"post_tag","embeddable":true,"href":"https:\/\/www.europesays.com\/afrika\/wp-json\/wp\/v2\/tags?post=9028"}],"curies":[{"name":"wp","href":"https:\/\/api.w.org\/{rel}","templated":true}]}}