{"id":9049,"date":"2026-04-24T10:46:45","date_gmt":"2026-04-24T10:46:45","guid":{"rendered":"https:\/\/www.europesays.com\/afrika\/9049\/"},"modified":"2026-04-24T10:46:45","modified_gmt":"2026-04-24T10:46:45","slug":"osimhen-scheitert-mit-nigeria-voodoo-vorwurf-nach-wm-aus-sport","status":"publish","type":"post","link":"https:\/\/www.europesays.com\/afrika\/9049\/","title":{"rendered":"Osimhen scheitert mit Nigeria: Voodoo-Vorwurf nach WM-Aus! | Sport"},"content":{"rendered":"<p><a class=\"skip-content skip-content--link\" href=\"#in-content-skip-link-target-v-0-0\">TTS-Player \u00fcberspringen\u21b5<\/a><a id=\"in-content-skip-link-target-v-0-0\" class=\"skip-content--target-link-hidden skip-content skip-content--target-link\" href=\"#in-content-skip-link-target-v-0-0\">Artikel weiterlesen<\/a><\/p>\n<p>Heftige Vorw\u00fcrfe nach dem WM-Aus!<\/p>\n<p>Galatasaray-Star Victor <a href=\"https:\/\/sport.bild.de\/fussball\/pe426073\/victor-osimhen\/profil\/\" target=\"_blank\" rel=\"nofollow noopener\" class=\"text-link--external text-link\">Osimhen<\/a> (26) ist mit der nigerianischen Nationalmannschaft in der afrikanischen WM-Qualifikation ausgeschieden. Die Nigerianer scheiterten im Playoff-Finale in einem dramatischen Elfmeterschie\u00dfen (3:4) an der DR Kongo.<\/p>\n<p>Mehr zum Thema<\/p>\n<p>Irre: Nach der Pleite unterstellte Nigeria-Trainer \u00c9ric Chelle (48) dem Gegner aus dem Kongo Voodoo-Praktiken.<\/p>\n<p>Der Trainer aus dem Mali sagte: \u201eBeim gesamten Elfmeterschie\u00dfen hat ein Kongolese Voodoo praktiziert. Jedes Mal. Deshalb war ich ein wenig nerv\u00f6s wegen ihm.\u201c<\/p>\n<p>Konkret soll es sich dabei um ein Mitglied aus dem Betreuerstab der kongolesischen Nationalmannschaft gehandelt haben.<\/p>\n<p>Chelle hat laut eigener Aussage beobachtet, wie der Kongo-Betreuer wiederholt ein magisches Ritual gemacht habe, indem er eine Fl\u00fcssigkeit aus einer Sprayflasche verspr\u00fcht hat.<\/p>\n<p>Ob es sich dabei um Wasser oder doch eine andere Fl\u00fcssigkeit gehandelt hat? Unklar!<\/p>\n<p><img decoding=\"async\" width=\"992\" height=\"558\" alt=\"ric Chelle (48) machte dem Kongo heftige Vorw\u00fcrfe\" src=\"https:\/\/www.europesays.com\/afrika\/wp-content\/uploads\/2026\/04\/0ac251c6c3adb1f5f4d57506f5919a42,f3accdb4.jpeg\"   class=\"landscape\" loading=\"lazy\"\/><\/p>\n<p class=\"fig__caption__text\">\u00c9ric Chelle (48) machte dem Kongo heftige Vorw\u00fcrfe<\/p>\n<p>Foto: picture alliance \/ ZUMAPRESS.com<\/p>\n<p>Diese voodoo-artigen Praktiken h\u00e4tten sowohl ihn als auch seine Spieler nerv\u00f6s gemacht. Nigerias Trainer warf au\u00dferdem den Journalisten vor, nicht \u00fcber dieses Thema berichtet zu haben. <\/p>\n<p>Zur Wahrheit geh\u00f6rt aber auch: Chelle wurde nach den Voodoo-Vorw\u00fcrfen heftig kritisiert. Viele Kritiker bezeichnen die Aussage als \u201eAblenkungsman\u00f6ver\u201c, um von der schlechten Leistung abzulenken. Sein Verhalten wurde als \u201eunsportlich und frustriert\u201c bezeichnet.<\/p>\n<p>Ger\u00fcchte \u00fcber Neuer-Nachfolger: \u201eEntwicklung kurz vor der Sendung\u201c<a class=\"anchor video-teaser__anchor\" href=\"https:\/\/sportbild.bild.de\/fussball\/1-bundesliga\/geruechte-ueber-neuer-nachfolger-entwicklung-kurz-vor-der-sendung-6919d99801d4323346e4f8c4\" rel=\"nofollow noopener\" target=\"_blank\"><img decoding=\"async\" width=\"992\" height=\"558\" alt=\"\" src=\"https:\/\/www.europesays.com\/afrika\/wp-content\/uploads\/2026\/04\/0640615a9a2655d73c972286e5503ee6-landscape,9c8fbebb.jpeg\"   class=\"landscape teaser__image\" loading=\"lazy\"\/><\/a><\/p>\n<p>Quelle: BILD16.11.2025<\/p>\n<p>Kongo-Trainer Sebastien Desarbre (49) tauschte kurz vor dem Elfmeterschie\u00dfen den Torwart aus. Das sollte sich lohnen! Nigeria vergab die ersten beiden Elfmeter. Ausgerechnet Torh\u00fcter  Timothy Fayulu (26) sorgte am Ende f\u00fcr die Entscheidung. Nachdem Kongos Spieler den Sieg bejubelten, kam es zu einem Handgemenge. Auch die beiden Trainer waren beteiligt. <\/p>\n<p>Nach der Pleite muss sich Nigeria vom WM-Traum 2026 verabschieden.  Die Kongolesen haben sich durch den Sieg f\u00fcr die interkontinentalen Playoffs qualifiziert. Sicher ist die WM-Teilnahme damit aber noch nicht.<\/p>\n","protected":false},"excerpt":{"rendered":"TTS-Player \u00fcberspringen\u21b5Artikel weiterlesen Heftige Vorw\u00fcrfe nach dem WM-Aus! Galatasaray-Star Victor Osimhen (26) ist mit der nigerianischen Nationalmannschaft in&hellip;\n","protected":false},"author":2,"featured_media":9050,"comment_status":"","ping_status":"","sticky":false,"template":"","format":"standard","meta":{"footnotes":"","_share_on_mastodon":"0"},"categories":[17],"tags":[192,194,190,188,193,191,462,461,1147,1131,189,2622,2618,74,4674],"class_list":["post-9049","post","type-post","status-publish","format-standard","has-post-thumbnail","category-demokratische-republik-kongo","tag-dem-rep-kongo","tag-democratic-republic-of-the-congo","tag-demokratische-republik","tag-demokratische-republik-kongo","tag-dr-congo","tag-dr-kongo","tag-drc","tag-drk","tag-fussball-wm-2026","tag-galatasaray-istanbul","tag-kongo","tag-nationalmannschaft-nigeria","tag-osimhen-victor","tag-texttospeech","tag-voodoo"],"share_on_mastodon":{"url":"https:\/\/pubeurope.com\/@afrika\/116459286209130725","error":""},"_links":{"self":[{"href":"https:\/\/www.europesays.com\/afrika\/wp-json\/wp\/v2\/posts\/9049","targetHints":{"allow":["GET"]}}],"collection":[{"href":"https:\/\/www.europesays.com\/afrika\/wp-json\/wp\/v2\/posts"}],"about":[{"href":"https:\/\/www.europesays.com\/afrika\/wp-json\/wp\/v2\/types\/post"}],"author":[{"embeddable":true,"href":"https:\/\/www.europesays.com\/afrika\/wp-json\/wp\/v2\/users\/2"}],"replies":[{"embeddable":true,"href":"https:\/\/www.europesays.com\/afrika\/wp-json\/wp\/v2\/comments?post=9049"}],"version-history":[{"count":0,"href":"https:\/\/www.europesays.com\/afrika\/wp-json\/wp\/v2\/posts\/9049\/revisions"}],"wp:featuredmedia":[{"embeddable":true,"href":"https:\/\/www.europesays.com\/afrika\/wp-json\/wp\/v2\/media\/9050"}],"wp:attachment":[{"href":"https:\/\/www.europesays.com\/afrika\/wp-json\/wp\/v2\/media?parent=9049"}],"wp:term":[{"taxonomy":"category","embeddable":true,"href":"https:\/\/www.europesays.com\/afrika\/wp-json\/wp\/v2\/categories?post=9049"},{"taxonomy":"post_tag","embeddable":true,"href":"https:\/\/www.europesays.com\/afrika\/wp-json\/wp\/v2\/tags?post=9049"}],"curies":[{"name":"wp","href":"https:\/\/api.w.org\/{rel}","templated":true}]}}