{"id":9164,"date":"2026-04-24T13:47:22","date_gmt":"2026-04-24T13:47:22","guid":{"rendered":"https:\/\/www.europesays.com\/afrika\/9164\/"},"modified":"2026-04-24T13:47:22","modified_gmt":"2026-04-24T13:47:22","slug":"papst-leo-xiv-verlaesst-aequatorialguinea-und-beendet-damit-seine-apostolische-reise-auf-den-kontinent-2","status":"publish","type":"post","link":"https:\/\/www.europesays.com\/afrika\/9164\/","title":{"rendered":"Papst Leo XIV. verl\u00e4sst \u00c4quatorialguinea und beendet damit seine apostolische Reise auf den Kontinent."},"content":{"rendered":"<p class=\"gt-block\">Eine lange, intensive Reise f\u00fchrte ihn von den Augustinerst\u00e4tten in Algerien, wo die christliche Gemeinschaft weiterhin einen Glauben lebt, der auf Dienst, Dialog und Martyrium gr\u00fcndet, nach Schwarzafrika \u2013 nach Kamerun, Angola und \u00c4quatorialguinea. Dort feierte er heute Morgen die Abschlussmesse vor 30 Gl\u00e4ubigen, ein Drittel mehr als erwartet. Die Mission endet heute, am 23. April, mit der R\u00fcckkehr vom internationalen Flughafen Malabo, etwa zehn Kilometer vom Stadion entfernt, nach Rom-Fiumicino. Dort landet er nach gut sechs Stunden Flugzeit mit einem Airbus A330-900neo der ITA. In der ehemaligen Hauptstadt \u00c4quatorialguineas werden die Hymnen gesungen, die traditionellen Ehrenwachen aufgestellt und die Delegationen im Beisein des Vizepr\u00e4sidenten von \u00c4quatorialguinea begr\u00fc\u00dft. Dann geht es wieder los. Papst Leo XIV. Er verl\u00e4sst den afrikanischen Kontinent, den er so gerne als erste Reise seines Pontifikats besucht h\u00e4tte \u2013 h\u00e4tte er nicht das geerbt, was sein Vorg\u00e4nger Franziskus bereits in der T\u00fcrkei und im Libanon erreichen wollte und worauf er verzichten musste \u2013 und nimmt, wie er in seiner Gru\u00dfbotschaft am Ende der Feier sagte, \u201eeinen unsch\u00e4tzbaren Schatz an Glauben, Hoffnung und N\u00e4chstenliebe\u201c mit.<\/p>\n<p>Der Papst rief die Beh\u00f6rden \u00c4quatorialguineas dazu auf, das Justizsystem nicht nur zur Bestrafung, sondern auch zum Schutz der Gesellschaft einzusetzen, nachdem er die Behandlung von Gefangenen kritisiert hatte. Bei einem Besuch im f\u00fcr seine katastrophalen Zust\u00e4nde bekannten Gef\u00e4ngnis von Bata erkl\u00e4rte er, wahre Gerechtigkeit ziele nicht so sehr auf Bestrafung ab, sondern vielmehr darauf, Opfern, T\u00e4tern und Gemeinschaften beim Wiederaufbau ihres Lebens zu helfen.<\/p>\n<p>\u201eDamit es jedoch wirksam ist, muss es stets die W\u00fcrde jedes Menschen wahren\u201c, sagte der Papst zu den Hunderten von H\u00e4ftlingen, die sich im Gef\u00e4ngnishof versammelt hatten, und ermutigte sie, nicht zu verzweifeln. \u201eIhr seid nicht allein. Eure Familien lieben euch und warten auf euch. Viele Menschen au\u00dferhalb dieser Mauern beten f\u00fcr euch\u201c, f\u00fcgte er hinzu. Nach dem Treffen mit den H\u00e4ftlingen besuchte der Papst eine Gedenkst\u00e4tte f\u00fcr die Opfer der Explosion auf einem Milit\u00e4rst\u00fctzpunkt im Jahr 2021, bei der \u00fcber 100 Menschen starben und 600 verletzt wurden. Anschlie\u00dfend sprach er im Bata-Stadion zur Bev\u00f6lkerung und betonte die Wichtigkeit der Achtung der Rechte jedes B\u00fcrgers, jeder Familie und jeder gesellschaftlichen Gruppe.<\/p>\n<p class=\"gt-block\">Lesen Sie auch andere Nachrichten \u00fcber <a href=\"https:\/\/www.agenzianova.com\/de\/news\" target=\"_blank\" rel=\"noopener nofollow\">Nova-News<\/a><\/p>\n<p class=\"gt-block\"><a style=\"color: #0000ff;\" href=\" https:\/\/whatsapp.com\/channel\/0029VaZNLBP6BIEk5MzqOb2Q \">Klicken Sie hier und erhalten Sie Updates auf WhatsApp<\/a><\/p>\n<p class=\"gt-block\">Folgen Sie uns auf den sozialen Kan\u00e4len von Nova News <a href=\"https:\/\/twitter.com\/agenzia_nova\" target=\"_blank\" rel=\"noopener nofollow\">Twitter<\/a>, <a href=\"https:\/\/www.linkedin.com\/company\/64989554\/admin\/\" target=\"_blank\" rel=\"noopener nofollow\"> LinkedIn<\/a>, <a href=\"https:\/\/www.instagram.com\/agenzia.nova\/\" target=\"_blank\" rel=\"noopener nofollow\">Instagram, <\/a><a href=\"https:\/\/t.me\/novanewsagenzia\" rel=\"nofollow\">Telegram<\/a><\/p>\n<p><script async src=\"https:\/\/platform.twitter.com\/widgets.js\" charset=\"utf-8\"><\/script><script async src=\"\/\/www.instagram.com\/embed.js\"><\/script><\/p>\n","protected":false},"excerpt":{"rendered":"Eine lange, intensive Reise f\u00fchrte ihn von den Augustinerst\u00e4tten in Algerien, wo die christliche Gemeinschaft weiterhin einen Glauben&hellip;\n","protected":false},"author":2,"featured_media":8535,"comment_status":"","ping_status":"","sticky":false,"template":"","format":"standard","meta":{"footnotes":"","_share_on_mastodon":"0"},"categories":[247],"tags":[165,811,427,1898],"class_list":["post-9164","post","type-post","status-publish","format-standard","has-post-thumbnail","category-aequatorialguinea","tag-aequatorialguinea","tag-einsichten","tag-equatorial-guinea","tag-papst-leo"],"share_on_mastodon":{"url":"https:\/\/pubeurope.com\/@afrika\/116459998125411177","error":""},"_links":{"self":[{"href":"https:\/\/www.europesays.com\/afrika\/wp-json\/wp\/v2\/posts\/9164","targetHints":{"allow":["GET"]}}],"collection":[{"href":"https:\/\/www.europesays.com\/afrika\/wp-json\/wp\/v2\/posts"}],"about":[{"href":"https:\/\/www.europesays.com\/afrika\/wp-json\/wp\/v2\/types\/post"}],"author":[{"embeddable":true,"href":"https:\/\/www.europesays.com\/afrika\/wp-json\/wp\/v2\/users\/2"}],"replies":[{"embeddable":true,"href":"https:\/\/www.europesays.com\/afrika\/wp-json\/wp\/v2\/comments?post=9164"}],"version-history":[{"count":0,"href":"https:\/\/www.europesays.com\/afrika\/wp-json\/wp\/v2\/posts\/9164\/revisions"}],"wp:featuredmedia":[{"embeddable":true,"href":"https:\/\/www.europesays.com\/afrika\/wp-json\/wp\/v2\/media\/8535"}],"wp:attachment":[{"href":"https:\/\/www.europesays.com\/afrika\/wp-json\/wp\/v2\/media?parent=9164"}],"wp:term":[{"taxonomy":"category","embeddable":true,"href":"https:\/\/www.europesays.com\/afrika\/wp-json\/wp\/v2\/categories?post=9164"},{"taxonomy":"post_tag","embeddable":true,"href":"https:\/\/www.europesays.com\/afrika\/wp-json\/wp\/v2\/tags?post=9164"}],"curies":[{"name":"wp","href":"https:\/\/api.w.org\/{rel}","templated":true}]}}