{"id":100743,"date":"2026-05-12T18:12:13","date_gmt":"2026-05-12T18:12:13","guid":{"rendered":"https:\/\/www.europesays.com\/afrique\/100743\/"},"modified":"2026-05-12T18:12:13","modified_gmt":"2026-05-12T18:12:13","slug":"can-u17-senegal-vs-afrique-du-sud-les-compos-probables-avant-le-choc","status":"publish","type":"post","link":"https:\/\/www.europesays.com\/afrique\/100743\/","title":{"rendered":"CAN U17 \u2013 S\u00e9n\u00e9gal vs Afrique du Sud\u00a0: les compos probables avant le choc"},"content":{"rendered":"<p>Le S\u00e9n\u00e9gal affronte l\u2019Afrique du Sud ce jeudi 14 mai 2026 \u00e0 16 h 00 GMT pour son premier match du groupe D de la CAN U17 2026. En<a href=\"https:\/\/africafoot.com\/tag\/avant-match\/\" data-wpel-link=\"internal\" rel=\"nofollow noopener\" target=\"_blank\"> avant-match<\/a>, Africafoot examine les formations probables pour ce face-\u00e0-face \u00e0 la CAN U17.<\/p>\n<p>S\u00e9n\u00e9gal<\/p>\n<p>Pour cette CAN U17, le staff s\u00e9n\u00e9galais a choisi de s\u2019appuyer majoritairement sur l\u2019effectif issu du championnat local. L\u2019ossature de l\u2019\u00e9quipe provient des acad\u00e9mies phares du pays, notamment Diambars et G\u00e9n\u00e9ration Foot, qui alimentent r\u00e9guli\u00e8rement la s\u00e9lection. Dans ce groupe, les regards se tournent une fois de plus vers Souleymane Commissaire Faye, appel\u00e9 \u00e0 porter les ambitions offensives des Lionceaux lors de ce tournoi.<\/p>\n<p>Le XI probable du S\u00e9n\u00e9gal<\/p>\n<p>Gardien\u00a0: <a href=\"https:\/\/africafoot.com\/tag\/assane-sarr\/\" data-wpel-link=\"internal\" rel=\"nofollow noopener\" target=\"_blank\">Assane Sarr<\/a><\/p>\n<p>D\u00e9fenseurs\u00a0:<a href=\"https:\/\/africafoot.com\/tag\/cheikh-thior\/\" data-wpel-link=\"internal\" rel=\"nofollow noopener\" target=\"_blank\"> Cheikh Thior<\/a>, <a href=\"https:\/\/africafoot.com\/tag\/ahmadou-bamba-kane\/\" data-wpel-link=\"internal\" rel=\"nofollow noopener\" target=\"_blank\">Ahmadou Bamba Kane<\/a>,<a href=\"https:\/\/africafoot.com\/tag\/cheikh-tidiane-diallo\/\" data-wpel-link=\"internal\" rel=\"nofollow noopener\" target=\"_blank\"> Cheikh Tidiane Diallo<\/a>, <a href=\"https:\/\/africafoot.com\/tag\/thierno-sow\/\" data-wpel-link=\"internal\" rel=\"nofollow noopener\" target=\"_blank\">Thierno Sow<\/a><\/p>\n<p>Milieux de terrain : <a href=\"https:\/\/africafoot.com\/tag\/mahamet-ba\/\" data-wpel-link=\"internal\" rel=\"nofollow noopener\" target=\"_blank\">Mahamet Ba<\/a>, <a href=\"https:\/\/africafoot.com\/tag\/maurice-biaye\/\" data-wpel-link=\"internal\" rel=\"nofollow noopener\" target=\"_blank\">Maurice Biaye<\/a>, <a href=\"https:\/\/africafoot.com\/tag\/souleymane-faye-commissaire\/\" data-wpel-link=\"internal\" rel=\"nofollow noopener\" target=\"_blank\">Souleymane Commissaire Faye<\/a><\/p>\n<p>Attaquants\u00a0: <a href=\"https:\/\/africafoot.com\/tag\/mouhamed-wagne\/\" data-wpel-link=\"internal\" rel=\"nofollow noopener\" target=\"_blank\">Mouhamed Wagne<\/a>, <a href=\"https:\/\/africafoot.com\/tag\/sega-fall-mbodj\/\" data-wpel-link=\"internal\" rel=\"nofollow noopener\" target=\"_blank\">Sega Fall Mbodji<\/a>, <a href=\"https:\/\/africafoot.com\/tag\/magueye-niang\/\" data-wpel-link=\"internal\" rel=\"nofollow noopener\" target=\"_blank\">Magu\u00e8ye Niang<\/a><\/p>\n<p><a href=\"https:\/\/africafoot.com\/can-u17-senegal-vs-afrique-du-sud-heure-chaine-et-ou-regarder-le-match\/\" data-wpel-link=\"internal\" rel=\"nofollow noopener\" target=\"_blank\">CAN U17 \u2013 S\u00e9n\u00e9gal vs Afrique du Sud : heure, cha\u00eene et o\u00f9 regarder le match<\/a><\/p>\n<p>Afrique du Sud<\/p>\n<p>Le staff sud-africain a opt\u00e9 pour une s\u00e9lection qui allie jeunes espoirs form\u00e9s dans les acad\u00e9mies du pays et ambition de monter sur le podium de la CAN U17. Pour les Amajimbos, l\u2019enjeu imm\u00e9diat est clair : se hisser dans le dernier carr\u00e9 afin d\u2019assurer leur qualification pour la Coupe du monde de la cat\u00e9gorie. Apr\u00e8s un cycle de pr\u00e9paration pouss\u00e9, ils s\u2019appr\u00eatent d\u00e9sormais \u00e0 se mesurer aux cadors du continent dans un tournoi qui s\u2019annonce particuli\u00e8rement disput\u00e9.<\/p>\n<p><a href=\"https:\/\/africafoot.com\/can-u17-senegal-vs-afrique-du-sud-arby-camara-analyse-le-choc\/\" data-wpel-link=\"internal\" rel=\"nofollow noopener\" target=\"_blank\">CAN U17 \u2013 S\u00e9n\u00e9gal vs Afrique du Sud : Arby Camara analyse le choc<\/a><br \/>\nLe XI probable de l\u2019Afrique du Sud<\/p>\n<p>Gardien\u00a0:<a href=\"https:\/\/africafoot.com\/tag\/ethan-garcia\/\" data-wpel-link=\"internal\" rel=\"nofollow noopener\" target=\"_blank\"> Ethan Garcia<\/a><\/p>\n<p>D\u00e9fenseurs\u00a0: <a href=\"https:\/\/africafoot.com\/tag\/tashiel-rugunanan\/\" data-wpel-link=\"internal\" rel=\"nofollow noopener\" target=\"_blank\">Tashiel Rugunanan<\/a>,<a href=\"https:\/\/africafoot.com\/tag\/reotshepile-malete\/\" data-wpel-link=\"internal\" rel=\"nofollow noopener\" target=\"_blank\"> Reotshepile Malete<\/a>, <a href=\"https:\/\/africafoot.com\/tag\/tristan-omalley\/\" data-wpel-link=\"internal\" rel=\"nofollow noopener\" target=\"_blank\">Tristan O\u2019Malley<\/a>,<a href=\"https:\/\/africafoot.com\/tag\/neo-mangcaka\/\" data-wpel-link=\"internal\" rel=\"nofollow noopener\" target=\"_blank\"> Neo Mangcaka<\/a><\/p>\n<p>Milieux de terrain\u00a0:<a href=\"https:\/\/africafoot.com\/tag\/jesse-gewer\/\" data-wpel-link=\"internal\" rel=\"nofollow noopener\" target=\"_blank\"> Jesse Gewer<\/a>, <a href=\"https:\/\/africafoot.com\/tag\/inganathi-simama\/\" data-wpel-link=\"internal\" rel=\"nofollow noopener\" target=\"_blank\">Inganathi Simama<\/a>, <a href=\"https:\/\/africafoot.com\/tag\/aphelele-majola\/\" data-wpel-link=\"internal\" rel=\"nofollow noopener\" target=\"_blank\">Aphelele Majola<\/a><\/p>\n<p>Attaquants\u00a0: <a href=\"https:\/\/africafoot.com\/tag\/mpho-molepo\/\" data-wpel-link=\"internal\" rel=\"nofollow noopener\" target=\"_blank\">Mpho Molepo<\/a>,<a href=\"https:\/\/africafoot.com\/tag\/omphemetse-sekgoto\/\" data-wpel-link=\"internal\" rel=\"nofollow noopener\" target=\"_blank\"> Omphemetse Sekgoto<\/a>, <a href=\"https:\/\/africafoot.com\/tag\/obama-mhlongo\/\" data-wpel-link=\"internal\" rel=\"nofollow noopener\" target=\"_blank\">Obama Mhlongo<\/a><\/p>\n","protected":false},"excerpt":{"rendered":"Le S\u00e9n\u00e9gal affronte l\u2019Afrique du Sud ce jeudi 14 mai 2026 \u00e0 16 h 00 GMT pour son&hellip;\n","protected":false},"author":2,"featured_media":100744,"comment_status":"","ping_status":"","sticky":false,"template":"","format":"standard","meta":{"footnotes":"","_share_on_mastodon":"0"},"categories":[123],"tags":[140,35879,35880,26930,21451,35881,35882,35883,35884,35885,26932,35886,35887,35888,35889,35890,35891,35892,35893,35894,12622,35895,35896,35897,4683,4114],"class_list":["post-100743","post","type-post","status-publish","format-standard","has-post-thumbnail","category-afrique-du-sud","tag-afrique-du-sud","tag-ahmadou-bamba-kane","tag-aphelele-majola","tag-assane-sarr","tag-avant-match","tag-cheikh-thior","tag-cheikh-tidiane-diallo","tag-ethan-garcia","tag-inganathi-simama","tag-jesse-gewer","tag-magueye-niang","tag-mahamet-ba","tag-maurice-biaye","tag-mouhamed-wagne","tag-mpho-molepo","tag-neo-mangcaka","tag-obama-mhlongo","tag-omphemetse-sekgoto","tag-reotshepile-malete","tag-sega-fall-mbodj","tag-souleymane-faye-commissaire","tag-tashiel-rugunanan","tag-thierno-sow","tag-tristan-omalley","tag--senegal","tag--autres"],"share_on_mastodon":{"url":"https:\/\/pubeurope.com\/@afrique\/116562961506300030","error":""},"_links":{"self":[{"href":"https:\/\/www.europesays.com\/afrique\/wp-json\/wp\/v2\/posts\/100743","targetHints":{"allow":["GET"]}}],"collection":[{"href":"https:\/\/www.europesays.com\/afrique\/wp-json\/wp\/v2\/posts"}],"about":[{"href":"https:\/\/www.europesays.com\/afrique\/wp-json\/wp\/v2\/types\/post"}],"author":[{"embeddable":true,"href":"https:\/\/www.europesays.com\/afrique\/wp-json\/wp\/v2\/users\/2"}],"replies":[{"embeddable":true,"href":"https:\/\/www.europesays.com\/afrique\/wp-json\/wp\/v2\/comments?post=100743"}],"version-history":[{"count":0,"href":"https:\/\/www.europesays.com\/afrique\/wp-json\/wp\/v2\/posts\/100743\/revisions"}],"wp:featuredmedia":[{"embeddable":true,"href":"https:\/\/www.europesays.com\/afrique\/wp-json\/wp\/v2\/media\/100744"}],"wp:attachment":[{"href":"https:\/\/www.europesays.com\/afrique\/wp-json\/wp\/v2\/media?parent=100743"}],"wp:term":[{"taxonomy":"category","embeddable":true,"href":"https:\/\/www.europesays.com\/afrique\/wp-json\/wp\/v2\/categories?post=100743"},{"taxonomy":"post_tag","embeddable":true,"href":"https:\/\/www.europesays.com\/afrique\/wp-json\/wp\/v2\/tags?post=100743"}],"curies":[{"name":"wp","href":"https:\/\/api.w.org\/{rel}","templated":true}]}}