{"id":102935,"date":"2026-05-14T22:01:27","date_gmt":"2026-05-14T22:01:27","guid":{"rendered":"https:\/\/www.europesays.com\/afrique\/102935\/"},"modified":"2026-05-14T22:01:27","modified_gmt":"2026-05-14T22:01:27","slug":"serris-cinq-nouvelles-enseignes-au-centre-commercial-val-deurope-2","status":"publish","type":"post","link":"https:\/\/www.europesays.com\/afrique\/102935\/","title":{"rendered":"Serris : cinq nouvelles enseignes au centre commercial Val d&rsquo;Europe"},"content":{"rendered":"<p><img loading=\"lazy\" decoding=\"async\" alt=\"\u00a9 CC Val d'Europe - Le centre commercial Val d'Europe, \u00e0 Serris, va accueillir cinq nouvelles enseignes tr\u00e8s tendance au cours de cette ann\u00e9e. Un changement d'\u00e8re est en marche.\" data-zoom-src=\"https:\/\/www.europesays.com\/afrique\/wp-content\/uploads\/2026\/05\/initial-nouvelles-enseignes-au-centre-commercial-val-d-europe-de-serris.jpg\" data-zoomable=\"\" height=\"702\" src=\"https:\/\/www.europesays.com\/afrique\/wp-content\/uploads\/2026\/05\/initial-nouvelles-enseignes-au-centre-commercial-val-d-europe-de-serris.jpg\" width=\"1248\"\/>  <\/p>\n<p class=\"article-desc\">\u00a9 CC Val d&rsquo;Europe &#8211; Le centre commercial Val d&rsquo;Europe, \u00e0 Serris, va accueillir cinq nouvelles enseignes tr\u00e8s tendance au cours de cette ann\u00e9e. Un changement d&rsquo;\u00e8re est en marche. <\/p>\n<p><a href=\"https:\/\/mesinfos.fr\/77700-serris\/serris-imagi-park-debarque-au-centre-commercial-val-d-europe-222271.html\" rel=\"noopener nofollow\" target=\"_blank\">Apr\u00e8s l&rsquo;espace de loisirs Imagi Park l&rsquo;an pass\u00e9,<\/a> le centre commercial Val d\u2019Europe, \u00e0 Serris, accueille d\u00e8s ce printemps et tout au long de l\u2019ann\u00e9e cinq nouvelles enseignes. Miniso, Jonak, Women\u2019secret, Adopt\u2019 et The Coffee viendront, en effet, enrichir les quelque 190 boutiques d\u00e9j\u00e0 pr\u00e9sentes. Certaines de ces marques, davantage en phase avec les tendances actuelles, vont supplanter des boutiques embl\u00e9matiques des ann\u00e9es 1990 et 2000. La fin d&rsquo;une \u00e9poque et l\u2019\u00e9mergence d\u2019une nouvelle \u00e8re. <\/p>\n<p>La premi\u00e8re ouverture va concerner <a href=\"https:\/\/mesinfos.fr\/13000-marseille\/lifestyle-kawai-miniso-ouvre-une-boutique-a-marseille-225655.html\" rel=\"noopener nofollow\" target=\"_blank\">Miniso<\/a> qui s\u2019installera dans les 400 m\u00b2 autrefois occup\u00e9s par Jennyfer. Connue pour ses peluches, accessoires kawaii et objets lifestyle inspir\u00e9s de la culture asiatique, l\u2019enseigne chinoise conna\u00eet une forte popularit\u00e9 aupr\u00e8s des jeunes g\u00e9n\u00e9rations. Son arriv\u00e9e remplacera la marque de v\u00eatements cultes des ann\u00e9es 2000, \u00e0 l\u2019\u00e9poque tr\u00e8s populaire chez les adolescentes. Jennyfer, <a href=\"https:\/\/mesinfos.fr\/93000-bobigny\/l-histoire-de-jennyfer-se-termine-au-tribunal-de-commerce-par-une-liquidation-221647.html\" rel=\"noopener nofollow\" target=\"_blank\">r\u00e9cemment plac\u00e9e en liquidation judiciaire<\/a>, a \u00e9t\u00e9 reprise en partie par le groupe Beaumanoir.<\/p>\n<p>  Le centre commercial Val d&rsquo;Europe \u00ab\u00a0au coeur de la tendance\u00a0\u00bb <\/p>\n<p><img decoding=\"async\" alt=\"\" class=\"img-align-center\" data-zoomable=\"\" height=\"802\" loading=\"lazy\" src=\"https:\/\/www.europesays.com\/afrique\/wp-content\/uploads\/2026\/05\/nouvelles-enseignes-au-centre-commercial-val-d-europe.jpg\" width=\"1200\"\/> <\/p>\n<p>\u00a9 CC Val d&rsquo;Europe &#8211; Cinq nouvelles enseignes seront bient\u00f4t disponibles pour les clients du centre commercial Val d&rsquo;Europe.\u00a0 <\/p>\n<p>Le quatri\u00e8me et dernier trimestre 2026 sera marqu\u00e9 par deux arriv\u00e9es : Adopt\u2019 et The Coffee. Adopt&rsquo; est une enseigne fran\u00e7aise de produits de beaut\u00e9 \u00e0 petits prix (parfums, soins et maquillage), qui s\u00e9duit une client\u00e8le jeune en qu\u00eate d\u2019offres accessibles et tendance. Elle prendra place dans un espace de 60 m\u00b2. Quant \u00e0 The Coffee, elle viendra compl\u00e9ter cette dynamique avec son concept de caf\u00e9s \u00e0 emporter inspir\u00e9 du Japon et du Br\u00e9sil. <\/p>\n<p>\u201cNous sommes ravis de voir autant de nouvelles enseignes s\u2019installer au sein de notre centre et ainsi garantir une exp\u00e9rience riche \u00e0 nos visiteurs. Val d\u2019Europe est fier de toujours \u00eatre un acteur au c\u0153ur de la tendance\u201d, souligne Anissa Chegwin, directrice du centre commercial de Serris.<\/p>\n<p>  Le d\u00e9clin d&rsquo;anciennes marques au profits de nouvelles enseignes <\/p>\n<p>Autre changement symbolique : l\u2019arriv\u00e9e de Jonak dans un espace de 140 m\u00b2 \u00e0 la place de Minelli. L\u2019enseigne de chaussures f\u00e9minines poursuit son d\u00e9veloppement, alors que <a href=\"https:\/\/mesinfos.fr\/13420-gemenos\/minelli-le-chausseur-ferme-ses-portes-definitivement-et-propose-des-remises-allant-jusqu-a-60-percent-247757.html\" rel=\"noopener nofollow\" target=\"_blank\">Minelli vient d&rsquo;annoncer sa fermeture d\u00e9finitive <\/a>pour le 30 mai apr\u00e8s plusieurs mois de difficult\u00e9s financi\u00e8res. R\u00e9f\u00e9rence historique de la chaussure, Minelli rejoint ainsi la longue liste des enseignes fragilis\u00e9es par la crise du pr\u00eat-\u00e0-porter et la concurrence de la fast fashion. \u00c0 l\u2019inverse, Jonak ne cesse de gagner du terrain gr\u00e2ce \u00e0 son image plus premium. <\/p>\n<p>Le m\u00eame ph\u00e9nom\u00e8ne s\u2019observe avec l\u2019arriv\u00e9e de Women\u2019secret, qui remplacera Naf Naf sur 200 m\u00b2. Sp\u00e9cialis\u00e9e dans la lingerie, les pyjamas et les maillots de bain, l\u2019enseigne espagnole ouvrira \u00e0 Serris son deuxi\u00e8me magasin fran\u00e7ais. Cette implantation intervient, alors que <a href=\"https:\/\/mesinfos.fr\/quel-avenir-pour-naf-naf-apres-sa-reprise-par-le-groupe-beaumanoir-227976.html\" rel=\"noopener nofollow\" target=\"_blank\">Naf Naf traverse des turbulences depuis plusieurs ann\u00e9es<\/a> (redressements judiciaires et fermetures de boutiques). Women\u2019secret, de son c\u00f4t\u00e9, b\u00e9n\u00e9ficie d\u2019un positionnement en pleine croissance sur le march\u00e9 du v\u00eatement d\u2019int\u00e9rieur (homewear) et de la lingerie.<\/p>\n","protected":false},"excerpt":{"rendered":"\u00a9 CC Val d&rsquo;Europe &#8211; Le centre commercial Val d&rsquo;Europe, \u00e0 Serris, va accueillir cinq nouvelles enseignes tr\u00e8s&hellip;\n","protected":false},"author":2,"featured_media":102292,"comment_status":"","ping_status":"","sticky":false,"template":"","format":"standard","meta":{"footnotes":"","_share_on_mastodon":"0"},"categories":[2],"tags":[14027,18],"class_list":["post-102935","post","type-post","status-publish","format-standard","has-post-thumbnail","category-europe","tag-commerces","tag-europe"],"share_on_mastodon":{"url":"https:\/\/pubeurope.com\/@afrique\/116575186811350833","error":""},"_links":{"self":[{"href":"https:\/\/www.europesays.com\/afrique\/wp-json\/wp\/v2\/posts\/102935","targetHints":{"allow":["GET"]}}],"collection":[{"href":"https:\/\/www.europesays.com\/afrique\/wp-json\/wp\/v2\/posts"}],"about":[{"href":"https:\/\/www.europesays.com\/afrique\/wp-json\/wp\/v2\/types\/post"}],"author":[{"embeddable":true,"href":"https:\/\/www.europesays.com\/afrique\/wp-json\/wp\/v2\/users\/2"}],"replies":[{"embeddable":true,"href":"https:\/\/www.europesays.com\/afrique\/wp-json\/wp\/v2\/comments?post=102935"}],"version-history":[{"count":0,"href":"https:\/\/www.europesays.com\/afrique\/wp-json\/wp\/v2\/posts\/102935\/revisions"}],"wp:featuredmedia":[{"embeddable":true,"href":"https:\/\/www.europesays.com\/afrique\/wp-json\/wp\/v2\/media\/102292"}],"wp:attachment":[{"href":"https:\/\/www.europesays.com\/afrique\/wp-json\/wp\/v2\/media?parent=102935"}],"wp:term":[{"taxonomy":"category","embeddable":true,"href":"https:\/\/www.europesays.com\/afrique\/wp-json\/wp\/v2\/categories?post=102935"},{"taxonomy":"post_tag","embeddable":true,"href":"https:\/\/www.europesays.com\/afrique\/wp-json\/wp\/v2\/tags?post=102935"}],"curies":[{"name":"wp","href":"https:\/\/api.w.org\/{rel}","templated":true}]}}